{"id":11212,"date":"2013-10-15T19:13:14","date_gmt":"2013-10-15T17:13:14","guid":{"rendered":"http:\/\/www.susannavaris.com\/blogg\/?p=11212"},"modified":"2013-10-15T19:13:14","modified_gmt":"2013-10-15T17:13:14","slug":"bittergubben-om-vetenskapens-varld","status":"publish","type":"post","link":"http:\/\/www.susannavaris.com\/blogg\/2013\/10\/bittergubben-om-vetenskapens-varld\/","title":{"rendered":"Bittergubben om Vetenskapens V\u00e4rld"},"content":{"rendered":"<p>&#8230;och specifikt avsnittet om l\u00e4ngdskillnaden mellan k\u00f6nen samt matdiskriminering\u00a0<a href=\"http:\/\/bittergubben.wordpress.com\/2013\/10\/15\/konsdimorfism-victoria-dyring-valjer-genusideologi-over-vetenskap\/\">h\u00e4r<\/a>. Mycket l\u00e4sv\u00e4rt, s\u00e4rskilt f\u00f6r den som fortfarande inbillar sig att programmet hade n\u00e5gra v\u00e4rden av vetenskaplig art.<\/p>\n<p>Tidigare inl\u00e4gg\u00a0<a href=\"http:\/\/www.susannavaris.com\/blogg\/2013\/10\/langddiskriminering\/\">h\u00e4r<\/a>\u00a0och\u00a0<a href=\"http:\/\/www.susannavaris.com\/blogg\/2013\/10\/vetenskapens-varld-ikvall\/\">h\u00e4r<\/a>.<\/p>\n","protected":false},"excerpt":{"rendered":"<p>&#8230;och specifikt avsnittet om l\u00e4ngdskillnaden mellan k\u00f6nen samt matdiskriminering\u00a0h\u00e4r. Mycket l\u00e4sv\u00e4rt, s\u00e4rskilt f\u00f6r den som fortfarande inbillar sig att programmet hade n\u00e5gra v\u00e4rden av vetenskaplig art. Tidigare inl\u00e4gg\u00a0h\u00e4r\u00a0och\u00a0h\u00e4r.<\/p>\n","protected":false},"author":1,"featured_media":0,"comment_status":"open","ping_status":"open","sticky":false,"template":"","format":"standard","meta":{"footnotes":""},"categories":[178,181,3067,259,1321,1928,589,1,590,303,384,117],"tags":[2818,4900,1295,4899,4903,3581,3529,3530,3580,938,3527],"class_list":["post-11212","post","type-post","status-publish","format-standard","hentry","category-blodtryckshojare","category-feminism","category-feminism-referensinlagg","category-genusvetenskap","category-jamstalldhet","category-journalistik","category-medier","category-okategoriserade","category-politik","category-religion","category-tv","category-vetenskap","tag-bittergubben","tag-feminism","tag-forskning","tag-genus","tag-genusvetenskap","tag-ideologi","tag-langdskillnad","tag-matdiskriminering","tag-nature","tag-svt","tag-vetenskapens-varld"],"_links":{"self":[{"href":"http:\/\/www.susannavaris.com\/blogg\/wp-json\/wp\/v2\/posts\/11212","targetHints":{"allow":["GET"]}}],"collection":[{"href":"http:\/\/www.susannavaris.com\/blogg\/wp-json\/wp\/v2\/posts"}],"about":[{"href":"http:\/\/www.susannavaris.com\/blogg\/wp-json\/wp\/v2\/types\/post"}],"author":[{"embeddable":true,"href":"http:\/\/www.susannavaris.com\/blogg\/wp-json\/wp\/v2\/users\/1"}],"replies":[{"embeddable":true,"href":"http:\/\/www.susannavaris.com\/blogg\/wp-json\/wp\/v2\/comments?post=11212"}],"version-history":[{"count":1,"href":"http:\/\/www.susannavaris.com\/blogg\/wp-json\/wp\/v2\/posts\/11212\/revisions"}],"predecessor-version":[{"id":11213,"href":"http:\/\/www.susannavaris.com\/blogg\/wp-json\/wp\/v2\/posts\/11212\/revisions\/11213"}],"wp:attachment":[{"href":"http:\/\/www.susannavaris.com\/blogg\/wp-json\/wp\/v2\/media?parent=11212"}],"wp:term":[{"taxonomy":"category","embeddable":true,"href":"http:\/\/www.susannavaris.com\/blogg\/wp-json\/wp\/v2\/categories?post=11212"},{"taxonomy":"post_tag","embeddable":true,"href":"http:\/\/www.susannavaris.com\/blogg\/wp-json\/wp\/v2\/tags?post=11212"}],"curies":[{"name":"wp","href":"https:\/\/api.w.org\/{rel}","templated":true}]}}