{"id":11217,"date":"2013-10-16T22:51:47","date_gmt":"2013-10-16T20:51:47","guid":{"rendered":"http:\/\/www.susannavaris.com\/blogg\/?p=11217"},"modified":"2013-10-16T22:51:47","modified_gmt":"2013-10-16T20:51:47","slug":"foko-poster","status":"publish","type":"post","link":"http:\/\/www.susannavaris.com\/blogg\/2013\/10\/foko-poster\/","title":{"rendered":"FoKo poster"},"content":{"rendered":"<p style=\"text-align: center;\"><a href=\"http:\/\/www.susannavaris.com\/blogg\/wp-content\/uploads\/2013\/10\/fokoposter.jpg\"><img loading=\"lazy\" decoding=\"async\" class=\"aligncenter size-full wp-image-11218\" alt=\"fokoposter\" src=\"http:\/\/www.susannavaris.com\/blogg\/wp-content\/uploads\/2013\/10\/fokoposter.jpg\" width=\"676\" height=\"960\" srcset=\"http:\/\/www.susannavaris.com\/blogg\/wp-content\/uploads\/2013\/10\/fokoposter.jpg 676w, http:\/\/www.susannavaris.com\/blogg\/wp-content\/uploads\/2013\/10\/fokoposter-211x300.jpg 211w\" sizes=\"auto, (max-width: 676px) 100vw, 676px\" \/><\/a><em>\u00a0Mitt verk Roots i \u00f6vre, h\u00f6gra h\u00f6rnet&#8230; :)<\/em><\/p>\n<p style=\"text-align: center;\">Sj\u00e4lvklart finns det ett evenemang p\u00e5 Facebook\u00a0<a href=\"https:\/\/www.facebook.com\/events\/488880784541984\/\">h\u00e4r<\/a>&#8230;<\/p>\n","protected":false},"excerpt":{"rendered":"<p>\u00a0Mitt verk Roots i \u00f6vre, h\u00f6gra h\u00f6rnet&#8230; :) Sj\u00e4lvklart finns det ett evenemang p\u00e5 Facebook\u00a0h\u00e4r&#8230;<\/p>\n","protected":false},"author":1,"featured_media":0,"comment_status":"open","ping_status":"open","sticky":false,"template":"","format":"standard","meta":{"footnotes":""},"categories":[7,555,825,3,1162,589,1,4],"tags":[3186,3590,3589,4913,3591,1746,2447,122],"class_list":["post-11217","post","type-post","status-publish","format-standard","hentry","category-egna-verk","category-events","category-foko","category-konst","category-kultur","category-medier","category-okategoriserade","category-utstallning","tag-3186","tag-affisch","tag-fo-ko-mood","tag-foko","tag-foko-art-to-go","tag-poster","tag-roots","tag-utstallning-2"],"_links":{"self":[{"href":"http:\/\/www.susannavaris.com\/blogg\/wp-json\/wp\/v2\/posts\/11217","targetHints":{"allow":["GET"]}}],"collection":[{"href":"http:\/\/www.susannavaris.com\/blogg\/wp-json\/wp\/v2\/posts"}],"about":[{"href":"http:\/\/www.susannavaris.com\/blogg\/wp-json\/wp\/v2\/types\/post"}],"author":[{"embeddable":true,"href":"http:\/\/www.susannavaris.com\/blogg\/wp-json\/wp\/v2\/users\/1"}],"replies":[{"embeddable":true,"href":"http:\/\/www.susannavaris.com\/blogg\/wp-json\/wp\/v2\/comments?post=11217"}],"version-history":[{"count":1,"href":"http:\/\/www.susannavaris.com\/blogg\/wp-json\/wp\/v2\/posts\/11217\/revisions"}],"predecessor-version":[{"id":11219,"href":"http:\/\/www.susannavaris.com\/blogg\/wp-json\/wp\/v2\/posts\/11217\/revisions\/11219"}],"wp:attachment":[{"href":"http:\/\/www.susannavaris.com\/blogg\/wp-json\/wp\/v2\/media?parent=11217"}],"wp:term":[{"taxonomy":"category","embeddable":true,"href":"http:\/\/www.susannavaris.com\/blogg\/wp-json\/wp\/v2\/categories?post=11217"},{"taxonomy":"post_tag","embeddable":true,"href":"http:\/\/www.susannavaris.com\/blogg\/wp-json\/wp\/v2\/tags?post=11217"}],"curies":[{"name":"wp","href":"https:\/\/api.w.org\/{rel}","templated":true}]}}