{"id":11223,"date":"2013-10-21T14:43:43","date_gmt":"2013-10-21T12:43:43","guid":{"rendered":"http:\/\/www.susannavaris.com\/blogg\/?p=11223"},"modified":"2013-10-22T23:15:19","modified_gmt":"2013-10-22T21:15:19","slug":"mera-antipluggkultur-i-dn","status":"publish","type":"post","link":"http:\/\/www.susannavaris.com\/blogg\/2013\/10\/mera-antipluggkultur-i-dn\/","title":{"rendered":"Mera antipluggkultur i DN"},"content":{"rendered":"<p>Jag har inte l\u00e4st DN p\u00e5 ett tag, men surfade in nyss f\u00f6r att se vad som f\u00f6rsigg\u00e5r d\u00e4r. Genast m\u00f6ts jag av tv\u00e5 genusrelaterade artiklar,\u00a0<a href=\"http:\/\/www.dn.se\/ekonomi\/brist-pa-jamstalldhet-okar-psykisk-ohalsa\/\">ett<\/a>\u00a0d\u00e4r anledningen till kvinnors psykiska oh\u00e4lsa \u00e4r oj\u00e4mst\u00e4lldheten hemma och <a href=\"http:\/\/www.dagensnyheter.se\/Articles\/2013\/10\/21\/Har-ifragasatts-mansrollerna--da-hojer-pojkarna-sina-betyg\/\">ett annat<\/a>\u00a0om pojkars &#8221;anti-pluggkultur&#8221;. Ur det senare:<\/p>\n<blockquote><p>&#8221;Trots att pojkarnas betyg i v\u00e5ras h\u00f6jdes rekordmycket ligger de fortfarande l\u00e5ngt efter flickorna. D\u00e4rf\u00f6r kommer regeringens utredare Svend Dahl att lyfta fram pojkars situation i skolan, n\u00e4r han i b\u00f6rjan av n\u00e4sta \u00e5r \u00f6verl\u00e4mnar utredningen \u201dM\u00e4n och j\u00e4mst\u00e4lldhet\u201d till rege\u00adringen. Han \u00e4r kritisk till att situationen i skolan inte blivit b\u00e4ttre.<\/p>\n<p>\u2013\u2009Vi har vetat l\u00e4nge att det st\u00e4lls l\u00e4gre krav p\u00e5 pojkar i skolan. Vi har ocks\u00e5 diskuterat det utifr\u00e5n k\u00f6nsnormer och j\u00e4mst\u00e4lldhet. Trots det har det inte blivit s\u00e5 mycket b\u00e4ttre. Det \u00e4r f\u00f6rv\u00e5nande.&#8221;<\/p><\/blockquote>\n<p>Utredningen <em>M\u00e4n och j\u00e4mst\u00e4lldhet<\/em> i farten igen allts\u00e5. Det st\u00e4lls knappast l\u00e4gre krav p\u00e5 pojkar i skolan, snarare tv\u00e4rtom. Unders\u00f6kningar visar att flickor i genomsnitt tilldelas h\u00f6gre betyg f\u00f6r samma prestationer som pojkar och att l\u00e4rarna tycks v\u00e4rdera pojkars beteende mer \u00e4n deras prestationer. Normen i skolan \u00e4r en flicka f\u00f6dd f\u00f6re midsommar. (Ett antal skribenter p\u00e5 Genusdebatten har skrivit om detta <a href=\"http:\/\/genusdebatten.se\/bibliotek\/l-o\/skola\/\">h\u00e4r<\/a>) Frejaskolan i Gnesta lyfts fram som ett gott exempel:<\/p>\n<blockquote><p>&#8221;En skola som utredarna har diskuterat som ett positivt exempel \u00e4r Frejaskolan i Gnesta.<\/p>\n<p>Efter en kartl\u00e4ggning \u00e5r 2010 \u00f6ver j\u00e4mst\u00e4lldheten p\u00e5 Frejaskolan stod det klart att det fanns en \u201dantipluggkultur\u201d bland pojkarna p\u00e5 skolan. De killar som ville satsa p\u00e5 studierna och g\u00f6ra l\u00e4xor riskerade att bli retade av kamraterna.&#8221;<\/p>\n<p>[&#8230;]<\/p>\n<p>&#8221;L\u00e4raren Kerstin Lindstr\u00f6m har varit med fr\u00e5n starten \u00e5r 2008 i skolans arbete f\u00f6r att p\u00e5verka normerna bland eleverna och personalen. Och hon jobbar hela tiden med olika \u00f6vningar bland sina elever.<\/p>\n<p>\u2013\u2009F\u00f6rra veckan arbetade vi med diskussions\u00f6vningar kring de olika diskrimineringsgrunderna. Och bara genom att lyfta fr\u00e5gorna, v\u00e4gleda och l\u00e5ta eleverna diskutera s\u00e5 blir de medvetna p\u00e5 ett helt annat s\u00e4tt, s\u00e4ger hon.&#8221;<\/p><\/blockquote>\n<p>Diskrimineringsgrunderna ja. De som baseras p\u00e5 den marxistiska maktanalysen och som leder fram till att om du \u00e4r en vit, heterosexuell, (kristen) pojke s\u00e5 kan du per definition inte uppleva diskriminering. Du befinner dig p\u00e5 toppen av maktpyramiden och k\u00e4nner du dig mobbad eller diskriminerad s\u00e5 har det inget med verkligheten att g\u00f6ra. Mera om detta\u00a0<a href=\"http:\/\/www.susannavaris.com\/blogg\/2013\/01\/om-normer\/\">h\u00e4r<\/a>.<\/p>\n<p>Min huvudv\u00e4rk b\u00f6rjar \u00e5ter tillta&#8230;<\/p>\n<p style=\"text-align: center;\">&#8211; : &#8211; : &#8211; : &#8211;<\/p>\n<p style=\"text-align: center;\">Till\u00e4gg: Bittergubben om Frejaskolan\u00a0<a href=\"http:\/\/bittergubben.wordpress.com\/2013\/10\/22\/genusideologi-i-dn-nar-mansrollerna-ifragasatts-hojer-pojkarna-sina-betyg\/\">h\u00e4r<\/a><\/p>\n<p>&nbsp;<\/p>\n","protected":false},"excerpt":{"rendered":"<p>Jag har inte l\u00e4st DN p\u00e5 ett tag, men surfade in nyss f\u00f6r att se vad som f\u00f6rsigg\u00e5r d\u00e4r. Genast m\u00f6ts jag av tv\u00e5 genusrelaterade artiklar,\u00a0ett\u00a0d\u00e4r anledningen till kvinnors psykiska oh\u00e4lsa \u00e4r oj\u00e4mst\u00e4lldheten hemma och ett annat\u00a0om pojkars &#8221;anti-pluggkultur&#8221;. Ur &hellip; <a href=\"http:\/\/www.susannavaris.com\/blogg\/2013\/10\/mera-antipluggkultur-i-dn\/\">Forts\u00e4tt l\u00e4sa <span class=\"meta-nav\">&rarr;<\/span><\/a><\/p>\n","protected":false},"author":1,"featured_media":0,"comment_status":"open","ping_status":"open","sticky":false,"template":"","format":"standard","meta":{"footnotes":""},"categories":[178,181,3067,259,1321,1928,589,1,590,303],"tags":[3592,3314,3394,4900,4899,4903,2679,1976,2783,4923],"class_list":["post-11223","post","type-post","status-publish","format-standard","hentry","category-blodtryckshojare","category-feminism","category-feminism-referensinlagg","category-genusvetenskap","category-jamstalldhet","category-journalistik","category-medier","category-okategoriserade","category-politik","category-religion","tag-anti-pluggkultur","tag-antipluggkultur","tag-betyg","tag-feminism","tag-genus","tag-genusvetenskap","tag-marxism","tag-pojkar","tag-skola","tag-skolan"],"_links":{"self":[{"href":"http:\/\/www.susannavaris.com\/blogg\/wp-json\/wp\/v2\/posts\/11223","targetHints":{"allow":["GET"]}}],"collection":[{"href":"http:\/\/www.susannavaris.com\/blogg\/wp-json\/wp\/v2\/posts"}],"about":[{"href":"http:\/\/www.susannavaris.com\/blogg\/wp-json\/wp\/v2\/types\/post"}],"author":[{"embeddable":true,"href":"http:\/\/www.susannavaris.com\/blogg\/wp-json\/wp\/v2\/users\/1"}],"replies":[{"embeddable":true,"href":"http:\/\/www.susannavaris.com\/blogg\/wp-json\/wp\/v2\/comments?post=11223"}],"version-history":[{"count":4,"href":"http:\/\/www.susannavaris.com\/blogg\/wp-json\/wp\/v2\/posts\/11223\/revisions"}],"predecessor-version":[{"id":11248,"href":"http:\/\/www.susannavaris.com\/blogg\/wp-json\/wp\/v2\/posts\/11223\/revisions\/11248"}],"wp:attachment":[{"href":"http:\/\/www.susannavaris.com\/blogg\/wp-json\/wp\/v2\/media?parent=11223"}],"wp:term":[{"taxonomy":"category","embeddable":true,"href":"http:\/\/www.susannavaris.com\/blogg\/wp-json\/wp\/v2\/categories?post=11223"},{"taxonomy":"post_tag","embeddable":true,"href":"http:\/\/www.susannavaris.com\/blogg\/wp-json\/wp\/v2\/tags?post=11223"}],"curies":[{"name":"wp","href":"https:\/\/api.w.org\/{rel}","templated":true}]}}