{"id":11228,"date":"2013-10-22T17:10:38","date_gmt":"2013-10-22T15:10:38","guid":{"rendered":"http:\/\/www.susannavaris.com\/blogg\/?p=11228"},"modified":"2013-10-22T17:10:38","modified_gmt":"2013-10-22T15:10:38","slug":"digitalt-sjalvportratt","status":"publish","type":"post","link":"http:\/\/www.susannavaris.com\/blogg\/2013\/10\/digitalt-sjalvportratt\/","title":{"rendered":"Digitalt sj\u00e4lvportr\u00e4tt"},"content":{"rendered":"<p style=\"text-align: center;\">Gustav Klimt \u00e4r en av mina stora inspirationsk\u00e4llor sedan l\u00e4nge&#8230;<\/p>\n<p style=\"text-align: center;\"><a href=\"http:\/\/www.susannavaris.com\/blogg\/wp-content\/uploads\/2013\/10\/meklimt01-text.jpg\"><img loading=\"lazy\" decoding=\"async\" class=\"aligncenter size-full wp-image-11229\" alt=\"meklimt01-text\" src=\"http:\/\/www.susannavaris.com\/blogg\/wp-content\/uploads\/2013\/10\/meklimt01-text.jpg\" width=\"465\" height=\"695\" srcset=\"http:\/\/www.susannavaris.com\/blogg\/wp-content\/uploads\/2013\/10\/meklimt01-text.jpg 465w, http:\/\/www.susannavaris.com\/blogg\/wp-content\/uploads\/2013\/10\/meklimt01-text-200x300.jpg 200w\" sizes=\"auto, (max-width: 465px) 100vw, 465px\" \/><\/a>\u00a0 <em>Jag har ibland f\u00e5tt fr\u00e5gor om sj\u00e4lvportr\u00e4tt och jag har inte gjort m\u00e5nga s\u00e5dana. N\u00e5gra skisser, en oljem\u00e5lning och en teckning i yngre \u00e5r. Jag tycker dock om att g\u00f6ra dessa digitala sj\u00e4lvportr\u00e4tt\/reklamblad.\u00a0<\/em><\/p>\n<p style=\"text-align: center;\"><a href=\"http:\/\/www.susannavaris.com\/blogg\/wp-content\/uploads\/2013\/10\/framedsold-adj.jpg\"><img loading=\"lazy\" decoding=\"async\" class=\"aligncenter size-full wp-image-11230\" alt=\"framedsold-adj\" src=\"http:\/\/www.susannavaris.com\/blogg\/wp-content\/uploads\/2013\/10\/framedsold-adj.jpg\" width=\"768\" height=\"1024\" srcset=\"http:\/\/www.susannavaris.com\/blogg\/wp-content\/uploads\/2013\/10\/framedsold-adj.jpg 768w, http:\/\/www.susannavaris.com\/blogg\/wp-content\/uploads\/2013\/10\/framedsold-adj-225x300.jpg 225w\" sizes=\"auto, (max-width: 768px) 100vw, 768px\" \/><\/a><em>\u00a0Det \u00f6vre portr\u00e4ttet h\u00e4r \u00e4r ett sj\u00e4lvportr\u00e4tt fr\u00e5n de stormiga \u00e5ren. Den nedre \u00e4r en illustration av vad man skulle kunna kalla &#8221;v\u00e5ld i n\u00e4ra relationer&#8221;.<\/em><\/p>\n","protected":false},"excerpt":{"rendered":"<p>Gustav Klimt \u00e4r en av mina stora inspirationsk\u00e4llor sedan l\u00e4nge&#8230; \u00a0 Jag har ibland f\u00e5tt fr\u00e5gor om sj\u00e4lvportr\u00e4tt och jag har inte gjort m\u00e5nga s\u00e5dana. N\u00e5gra skisser, en oljem\u00e5lning och en teckning i yngre \u00e5r. Jag tycker dock om att &hellip; <a href=\"http:\/\/www.susannavaris.com\/blogg\/2013\/10\/digitalt-sjalvportratt\/\">Forts\u00e4tt l\u00e4sa <span class=\"meta-nav\">&rarr;<\/span><\/a><\/p>\n","protected":false},"author":1,"featured_media":0,"comment_status":"open","ping_status":"open","sticky":false,"template":"","format":"standard","meta":{"footnotes":""},"categories":[7,3,1162,415,1,2262],"tags":[31,418,2699,17,1992,2146,3274,867,1521,1852,3593],"class_list":["post-11228","post","type-post","status-publish","format-standard","hentry","category-egna-verk","category-konst","category-kultur","category-lowbrow","category-okategoriserade","category-pop-surrealism","tag-akvarell","tag-art","tag-digital","tag-konst-2","tag-konstverk","tag-lilycrow","tag-lilycrow-art-of-susanna-varis","tag-maleri","tag-olja","tag-portratt","tag-sjalvportratt"],"_links":{"self":[{"href":"http:\/\/www.susannavaris.com\/blogg\/wp-json\/wp\/v2\/posts\/11228","targetHints":{"allow":["GET"]}}],"collection":[{"href":"http:\/\/www.susannavaris.com\/blogg\/wp-json\/wp\/v2\/posts"}],"about":[{"href":"http:\/\/www.susannavaris.com\/blogg\/wp-json\/wp\/v2\/types\/post"}],"author":[{"embeddable":true,"href":"http:\/\/www.susannavaris.com\/blogg\/wp-json\/wp\/v2\/users\/1"}],"replies":[{"embeddable":true,"href":"http:\/\/www.susannavaris.com\/blogg\/wp-json\/wp\/v2\/comments?post=11228"}],"version-history":[{"count":1,"href":"http:\/\/www.susannavaris.com\/blogg\/wp-json\/wp\/v2\/posts\/11228\/revisions"}],"predecessor-version":[{"id":11231,"href":"http:\/\/www.susannavaris.com\/blogg\/wp-json\/wp\/v2\/posts\/11228\/revisions\/11231"}],"wp:attachment":[{"href":"http:\/\/www.susannavaris.com\/blogg\/wp-json\/wp\/v2\/media?parent=11228"}],"wp:term":[{"taxonomy":"category","embeddable":true,"href":"http:\/\/www.susannavaris.com\/blogg\/wp-json\/wp\/v2\/categories?post=11228"},{"taxonomy":"post_tag","embeddable":true,"href":"http:\/\/www.susannavaris.com\/blogg\/wp-json\/wp\/v2\/tags?post=11228"}],"curies":[{"name":"wp","href":"https:\/\/api.w.org\/{rel}","templated":true}]}}