{"id":11242,"date":"2013-10-22T21:54:17","date_gmt":"2013-10-22T19:54:17","guid":{"rendered":"http:\/\/www.susannavaris.com\/blogg\/?p=11242"},"modified":"2013-10-22T21:54:39","modified_gmt":"2013-10-22T19:54:39","slug":"mera-fran-sekretariatet","status":"publish","type":"post","link":"http:\/\/www.susannavaris.com\/blogg\/2013\/10\/mera-fran-sekretariatet\/","title":{"rendered":"Mera fr\u00e5n sekretariatet &#8211; den marginaliserade manligheten"},"content":{"rendered":"<p>Nu ska den &#8221;marginaliserade manligheten&#8221; <a href=\"http:\/\/genus.se\/Aktuellt\/Nyheter\/fulltext\/\/natverk-ska-undersoka-den-marginaliserade-manligheten.cid1187757\">kartl\u00e4ggas<\/a>. Vad kan detta nu handla om?<\/p>\n<blockquote><p>&#8221;I sitt arbete st\u00f6ter genusforskaren Thomas Johansson ofta p\u00e5 bilden av unga, vita m\u00e4n som tycker att diskussionen om j\u00e4mst\u00e4lldhet och feminism har g\u00e5tt f\u00f6r l\u00e5ngt. Nu har han f\u00e5tt anslag fr\u00e5n Riksbankens Jubileumsfond f\u00f6r att bilda ett n\u00e4tverk som ska ta reda p\u00e5 mer om vilka faktorer som bromsar upp j\u00e4mst\u00e4lldheten.&#8221;<\/p><\/blockquote>\n<p>Bilden av unga, vita m\u00e4n ja.<\/p>\n<blockquote><p>&#8221;Forskarna som kommer fr\u00e5n b\u00e5de Sverige, Norge, Danmark och Storbritannien vill titta n\u00e4rmare p\u00e5 de pappor som inte \u00e4r j\u00e4mst\u00e4llda, som inte tar ut f\u00f6r\u00e4ldraledighet eller delar p\u00e5 hush\u00e5llsarbetet. Det kan handla om de vita m\u00e4nnen som kanske tillh\u00f6r arbetarklassen och r\u00f6star p\u00e5 Sverigedemokraterna och inte alltid k\u00e4nner igen sig i j\u00e4mst\u00e4lldhetsprojektet.<br \/>\n\u2013 Det finns en uppfattning om att vi \u00e4r j\u00e4mst\u00e4llda samtidigt som vetenskap och statistik tyder p\u00e5 att det inte \u00e4r s\u00e5. Skillnaden mellan de h\u00e4r olika v\u00e4rldarna \u00e4r intressant, s\u00e4ger Thomas Johansson, professor p\u00e5 institutionen f\u00f6r pedagogik, kommunikation och l\u00e4rande vid G\u00f6teborgs universitet.&#8221;<\/p><\/blockquote>\n<p>Det finns en bild av unga, vita m\u00e4n som tycker att diskussionen om j\u00e4mst\u00e4lldhet och feminism g\u00e5tt f\u00f6r l\u00e5ngt. Jaha. Det finns allts\u00e5 en bild av en viss slags m\u00e4nniskor? utan att fr\u00e5ga sig var den bilden kommer ifr\u00e5n (eller hur f\u00f6rdomsfull den \u00e4r) g\u00e5r man obekymrat vidare och konstruerar en t\u00e4nkt grupp som man allts\u00e5 ska studera: m\u00e4n som \u00e4r vita, som kanske tillh\u00f6r arbetarklassen och r\u00f6star p\u00e5 SD och som inte k\u00e4nner igen sig i j\u00e4mst\u00e4lldhetsarbetet. Man har konstruerat sig en grupp individer och beh\u00e4ftat dem med egenskaper (gjort en halmgubbe, om ni s\u00e5 vill). Vad mer?<\/p>\n<blockquote><p>&#8221;Det finns inte s\u00e5 mycket forskning om den marginaliserade manligheten. Kanske beror det p\u00e5 att det \u00e4r enklare att forska om det som ligger n\u00e4ra en sj\u00e4lv, tror Thomas Johansson.&#8221;<\/p><\/blockquote>\n<p>Thomas Johansson identifierar sig allts\u00e5 inte som en marginaliserad man med tveksamma \u00e5sikter. Dessa m\u00e4n finns n\u00e5gon annanstans.<\/p>\n<blockquote><p>&#8221;Att intervjua en n\u00e4thatare och m\u00e4nniskor som man sj\u00e4lv inte sympatiserar med, k\u00e4nns kanske inte helt bekv\u00e4mt.&#8221;<\/p><\/blockquote>\n<p>Jaha, n\u00e4thatare ocks\u00e5. Ja, onekligen alla de ingredienser som figurerat i halmgubben &#8221;mannen som n\u00e4thatar kvinnor&#8221;.<\/p>\n<blockquote><p>&#8221;\u2013 De h\u00e4r m\u00e4nnen \u00e4r en intressant grupp eftersom den inte ing\u00e5r i bilden av den j\u00e4mst\u00e4llda svenska mannen, som \u00e4r ganska dominerande. Samtidigt finns det ganska m\u00e5nga m\u00e4n som bara \u00e4r f\u00f6r\u00e4ldralediga exakt de tv\u00e5 m\u00e5nader de beh\u00f6ver f\u00f6r att inte f\u00f6rlora pengar och en liten grupp tar inte ut n\u00e5gon f\u00f6r\u00e4ldraledighet alls. I andra \u00e4nden finns en liten klick som \u00e4r f\u00f6r\u00e4ldralediga l\u00e4nge, s\u00e4ger Thomas Johansson.&#8221;<\/p><\/blockquote>\n<p>Eeeh? Sammankopplingen av de n\u00e4thatande, marginaliserade m\u00e4nnen med tveksamma \u00e5sikter med de m\u00e4n som inte tar ut mer f\u00f6r\u00e4ldraledighet \u00e4n tv\u00e5 m\u00e5nader \u00e4r n\u00e5got halsbrytande, men vad kommer mer?<\/p>\n<blockquote><p>&#8221;Forskarna i n\u00e4tverket vill ocks\u00e5 veta mer om det hat mot feminismen som framf\u00f6r allt dyker upp i olika forum p\u00e5 internet. Ett annat fenomen som de ska studera \u00e4r det faktum att pojkar halkar efter i skolan.<br \/>\n\u2013 Vi vill f\u00e5 en bra bild av hur de h\u00e4r fenomenen ser ut i olika l\u00e4nder, vad som p\u00e5verkar och g\u00f6r att det uppst\u00e5r vissa m\u00f6nster, s\u00e4ger Thomas Johansson som ber\u00e4ttar att han f\u00e5tt mycket av inspirationen till n\u00e4tverket fr\u00e5n Susan Faludis bok<em>\u00a0St\u00e4lld: F\u00f6rr\u00e4deriet mot mannen<\/em>, som kom 2000 och handlar om den amerikanske mannens utsatthet i dagens samh\u00e4lle.&#8221;<\/p><\/blockquote>\n<p>P\u00e5 n\u00e5got vis \u00e4r allts\u00e5 den n\u00e4thatande, marginaliserade halmgubbemannen kopplad med \u00e4ven pojkars sjunkande skolresultat. Jag kan ge er slutsatserna redan nu: allt beror p\u00e5 mansrollen, patriarkatet och k\u00f6nsmaktsordningen.<\/p>\n<p>Aprop\u00e5 Faludi:\u00a0<a href=\"http:\/\/www.svd.se\/opinion\/brannpunkt\/man-kan-forma-en-ny-varld_810121.svd\">h\u00e4r<\/a>\u00a0finns en gammal artikel av Maria-Pia Bo\u00ebthius om <em>St\u00e4lld\u00a0<\/em>i SvD.<\/p>\n<p>&nbsp;<\/p>\n<p>&nbsp;<\/p>\n","protected":false},"excerpt":{"rendered":"<p>Nu ska den &#8221;marginaliserade manligheten&#8221; kartl\u00e4ggas. Vad kan detta nu handla om? &#8221;I sitt arbete st\u00f6ter genusforskaren Thomas Johansson ofta p\u00e5 bilden av unga, vita m\u00e4n som tycker att diskussionen om j\u00e4mst\u00e4lldhet och feminism har g\u00e5tt f\u00f6r l\u00e5ngt. Nu har &hellip; <a href=\"http:\/\/www.susannavaris.com\/blogg\/2013\/10\/mera-fran-sekretariatet\/\">Forts\u00e4tt l\u00e4sa <span class=\"meta-nav\">&rarr;<\/span><\/a><\/p>\n","protected":false},"author":1,"featured_media":0,"comment_status":"open","ping_status":"open","sticky":false,"template":"","format":"standard","meta":{"footnotes":""},"categories":[1364,181,3067,259,1321,1,590,403,303],"tags":[4900,4899,4903,3611,3610,3608,585,3612,2361,3609,3607,1427],"class_list":["post-11242","post","type-post","status-publish","format-standard","hentry","category-bocker","category-feminism","category-feminism-referensinlagg","category-genusvetenskap","category-jamstalldhet","category-okategoriserade","category-politik","category-pseudovetenskap","category-religion","tag-feminism","tag-genus","tag-genusvetenskap","tag-halmgubbe","tag-marginaliserade-man","tag-maria-pia-boethius","tag-nathat","tag-nathatare","tag-nationella-sekretariatet-for-genusforskning","tag-stalld-forraderiet-mot-mannen","tag-susan-faludi","tag-thomas-johansson"],"_links":{"self":[{"href":"http:\/\/www.susannavaris.com\/blogg\/wp-json\/wp\/v2\/posts\/11242","targetHints":{"allow":["GET"]}}],"collection":[{"href":"http:\/\/www.susannavaris.com\/blogg\/wp-json\/wp\/v2\/posts"}],"about":[{"href":"http:\/\/www.susannavaris.com\/blogg\/wp-json\/wp\/v2\/types\/post"}],"author":[{"embeddable":true,"href":"http:\/\/www.susannavaris.com\/blogg\/wp-json\/wp\/v2\/users\/1"}],"replies":[{"embeddable":true,"href":"http:\/\/www.susannavaris.com\/blogg\/wp-json\/wp\/v2\/comments?post=11242"}],"version-history":[{"count":2,"href":"http:\/\/www.susannavaris.com\/blogg\/wp-json\/wp\/v2\/posts\/11242\/revisions"}],"predecessor-version":[{"id":11244,"href":"http:\/\/www.susannavaris.com\/blogg\/wp-json\/wp\/v2\/posts\/11242\/revisions\/11244"}],"wp:attachment":[{"href":"http:\/\/www.susannavaris.com\/blogg\/wp-json\/wp\/v2\/media?parent=11242"}],"wp:term":[{"taxonomy":"category","embeddable":true,"href":"http:\/\/www.susannavaris.com\/blogg\/wp-json\/wp\/v2\/categories?post=11242"},{"taxonomy":"post_tag","embeddable":true,"href":"http:\/\/www.susannavaris.com\/blogg\/wp-json\/wp\/v2\/tags?post=11242"}],"curies":[{"name":"wp","href":"https:\/\/api.w.org\/{rel}","templated":true}]}}