{"id":11249,"date":"2013-10-23T17:04:37","date_gmt":"2013-10-23T15:04:37","guid":{"rendered":"http:\/\/www.susannavaris.com\/blogg\/?p=11249"},"modified":"2013-10-23T17:04:37","modified_gmt":"2013-10-23T15:04:37","slug":"idag-pa-galleri-zebra","status":"publish","type":"post","link":"http:\/\/www.susannavaris.com\/blogg\/2013\/10\/idag-pa-galleri-zebra\/","title":{"rendered":"Idag p\u00e5 Galleri Zebra"},"content":{"rendered":"<p style=\"text-align: center;\"><a href=\"http:\/\/www.susannavaris.com\/blogg\/wp-content\/uploads\/2013\/10\/DSC_0781-diffglod.jpg\"><img loading=\"lazy\" decoding=\"async\" class=\"aligncenter size-full wp-image-11250\" alt=\"DSC_0781-diffglod\" src=\"http:\/\/www.susannavaris.com\/blogg\/wp-content\/uploads\/2013\/10\/DSC_0781-diffglod.jpg\" width=\"2035\" height=\"3272\" srcset=\"http:\/\/www.susannavaris.com\/blogg\/wp-content\/uploads\/2013\/10\/DSC_0781-diffglod.jpg 2035w, http:\/\/www.susannavaris.com\/blogg\/wp-content\/uploads\/2013\/10\/DSC_0781-diffglod-186x300.jpg 186w, http:\/\/www.susannavaris.com\/blogg\/wp-content\/uploads\/2013\/10\/DSC_0781-diffglod-636x1024.jpg 636w\" sizes=\"auto, (max-width: 2035px) 100vw, 2035px\" \/><\/a> <a href=\"http:\/\/www.susannavaris.com\/blogg\/wp-content\/uploads\/2013\/10\/DSC_0788-m\u00f6rka.jpg\"><img loading=\"lazy\" decoding=\"async\" class=\"aligncenter size-full wp-image-11251\" alt=\"DSC_0788-m\u00f6rka\" src=\"http:\/\/www.susannavaris.com\/blogg\/wp-content\/uploads\/2013\/10\/DSC_0788-m\u00f6rka.jpg\" width=\"1979\" height=\"3591\" srcset=\"http:\/\/www.susannavaris.com\/blogg\/wp-content\/uploads\/2013\/10\/DSC_0788-m\u00f6rka.jpg 1979w, http:\/\/www.susannavaris.com\/blogg\/wp-content\/uploads\/2013\/10\/DSC_0788-m\u00f6rka-165x300.jpg 165w, http:\/\/www.susannavaris.com\/blogg\/wp-content\/uploads\/2013\/10\/DSC_0788-m\u00f6rka-564x1024.jpg 564w\" sizes=\"auto, (max-width: 1979px) 100vw, 1979px\" \/><\/a>\u00a0<em>P\u00e5 Zebra och sedan hemma. Vad passar v\u00e4l b\u00e4ttre \u00e4n Zebraprintet fr\u00e5n Roberto Cavalli?<\/em><\/p>\n","protected":false},"excerpt":{"rendered":"<p>\u00a0P\u00e5 Zebra och sedan hemma. Vad passar v\u00e4l b\u00e4ttre \u00e4n Zebraprintet fr\u00e5n Roberto Cavalli?<\/p>\n","protected":false},"author":1,"featured_media":0,"comment_status":"open","ping_status":"open","sticky":false,"template":"","format":"standard","meta":{"footnotes":""},"categories":[7,166,3,1162,14,1,4],"tags":[418,54,3615,17,2146,2148,867,122],"class_list":["post-11249","post","type-post","status-publish","format-standard","hentry","category-egna-verk","category-galleri-zebra-2","category-konst","category-kultur","category-mode","category-okategoriserade","category-utstallning","tag-art","tag-galleri-zebra","tag-hostsalongen-2013","tag-konst-2","tag-lilycrow","tag-lilycrow-art","tag-maleri","tag-utstallning-2"],"_links":{"self":[{"href":"http:\/\/www.susannavaris.com\/blogg\/wp-json\/wp\/v2\/posts\/11249","targetHints":{"allow":["GET"]}}],"collection":[{"href":"http:\/\/www.susannavaris.com\/blogg\/wp-json\/wp\/v2\/posts"}],"about":[{"href":"http:\/\/www.susannavaris.com\/blogg\/wp-json\/wp\/v2\/types\/post"}],"author":[{"embeddable":true,"href":"http:\/\/www.susannavaris.com\/blogg\/wp-json\/wp\/v2\/users\/1"}],"replies":[{"embeddable":true,"href":"http:\/\/www.susannavaris.com\/blogg\/wp-json\/wp\/v2\/comments?post=11249"}],"version-history":[{"count":1,"href":"http:\/\/www.susannavaris.com\/blogg\/wp-json\/wp\/v2\/posts\/11249\/revisions"}],"predecessor-version":[{"id":11252,"href":"http:\/\/www.susannavaris.com\/blogg\/wp-json\/wp\/v2\/posts\/11249\/revisions\/11252"}],"wp:attachment":[{"href":"http:\/\/www.susannavaris.com\/blogg\/wp-json\/wp\/v2\/media?parent=11249"}],"wp:term":[{"taxonomy":"category","embeddable":true,"href":"http:\/\/www.susannavaris.com\/blogg\/wp-json\/wp\/v2\/categories?post=11249"},{"taxonomy":"post_tag","embeddable":true,"href":"http:\/\/www.susannavaris.com\/blogg\/wp-json\/wp\/v2\/tags?post=11249"}],"curies":[{"name":"wp","href":"https:\/\/api.w.org\/{rel}","templated":true}]}}