{"id":11322,"date":"2013-10-29T17:02:26","date_gmt":"2013-10-29T16:02:26","guid":{"rendered":"http:\/\/www.susannavaris.com\/blogg\/?p=11322"},"modified":"2013-11-01T14:16:32","modified_gmt":"2013-11-01T13:16:32","slug":"kakan-hermansson-i-farten-igen","status":"publish","type":"post","link":"http:\/\/www.susannavaris.com\/blogg\/2013\/10\/kakan-hermansson-i-farten-igen\/","title":{"rendered":"Kakan Hermansson i farten igen"},"content":{"rendered":"<p style=\"text-align: center;\"><a href=\"http:\/\/www.susannavaris.com\/blogg\/wp-content\/uploads\/2013\/10\/kakan1.jpg\"><img loading=\"lazy\" decoding=\"async\" class=\"aligncenter size-full wp-image-11323\" alt=\"kakan1\" src=\"http:\/\/www.susannavaris.com\/blogg\/wp-content\/uploads\/2013\/10\/kakan1.jpg\" width=\"520\" height=\"347\" srcset=\"http:\/\/www.susannavaris.com\/blogg\/wp-content\/uploads\/2013\/10\/kakan1.jpg 520w, http:\/\/www.susannavaris.com\/blogg\/wp-content\/uploads\/2013\/10\/kakan1-300x200.jpg 300w\" sizes=\"auto, (max-width: 520px) 100vw, 520px\" \/><\/a>\u00a0<em>Kakan Hermansson. Bild: Sveriges Radio<\/em><\/p>\n<p>Jag brukar inte l\u00e4sa Hermanssons blogg eftersom den inte f\u00f6r min del har n\u00e5got att tillf\u00f6ra, men slank in genom en l\u00e4nk p\u00e5 Facebook. Kakan, som nyligen <a href=\"http:\/\/www.svt.se\/kultur\/kakan-hermansson-gor-entre-i-nya-idol\">h\u00e5vat in<\/a>\u00a0ytterligare \u00e5tr\u00e5v\u00e4rt uppdrag i n\u00f6jesbranschen (i programmet Idol) f\u00f6rsvarar sitt manshat p\u00e5 <a href=\"http:\/\/nojesguiden.se\/blogg\/kakan\/alskade-moa-manshat\">f\u00f6ljande vis<\/a>\u00a0(sp\u00e4ckat med de feministiska h\u00e4rskarteknikerna):<\/p>\n<blockquote><p>&#8221;Det \u00e4r inte f\u00f6rsta g\u00e5ngen feminism och feminismens strategier j\u00e4mf\u00f6rs med rasism eller annan fascism. F\u00f6r att f\u00f6rminska feminismen (vilket beh\u00f6vs 2013 eftersom feminismen g\u00f6r sig p\u00e5mind) \u00e4r det vanligt med dessa j\u00e4mf\u00f6relser, som tydligt kommer fr\u00e5n m\u00e4nniskor som av olika anledningar inte velat, eller kunnat f\u00f6r den delen, s\u00e4tta sig in i feminismen. Feminismen grundar sig p\u00e5 en reaktion av att vi lever i en k\u00f6nsmaktsordning, i ett patriarkalt samh\u00e4lle d\u00e4r m\u00e4nnen \u00e4r \u00f6verordnade kvinnorna, b\u00e5de som kollektiv och ofta p\u00e5 personliga plan.&#8221;<\/p>\n<p>[&#8230;]<\/p>\n<p>&#8221;Du f\u00f6rst\u00e5r; \u00a0feminismen sparkar UPP\u00c5T, och rasismen ner\u00e5t. Vi lever i ett rasistiskt samh\u00e4lle och normen \u00e4r rasistisk. Dom tv\u00e5 sakerna har ingenting med varandra att g\u00f6ra. Jag f\u00f6rst\u00e5r p\u00e5 ett s\u00e4tt din frustration i att inte f\u00f6rst\u00e5 men det \u00e4r klart att jag ska bist\u00e5 med hj\u00e4lp och f\u00f6rklaring.&#8221;<\/p><\/blockquote>\n<p>Jag tycker att Kakan ska passa p\u00e5 att sparka lite p\u00e5 uteliggarm\u00e4nnen vid Medborgarplatsens t-bana n\u00e4r hon glider f\u00f6rbi med sina feministpolare fr\u00e5n mediasverige och p\u00e5minna honom om att det \u00e4r upp\u00e5t hon sparkar.<\/p>\n<blockquote><p>&#8221;Ponera; OM jag skulle hata m\u00e4n, vad \u00e4r s\u00e5 provocerande med det? Tror faktiskt inte jag pratar om att jag personligen hatar m\u00e4n s\u00e5d\u00e4r j\u00e4tteofta, inte p\u00e5 min blogg iaf. Men ok, jag fattar att det \u00e4r sv\u00e5rt f\u00f6r dig. Ska f\u00f6rs\u00f6ka f\u00f6rklara det h\u00e4r med manshat s\u00e5 som jag upplever det: ofta handlar manshat om det stora kollektivet, att en ser strukturer och f\u00f6rtryck i kollektivet m\u00e4n mot kollektivet kvinnor. Men ofta syns det p\u00e5 individniv\u00e5 ocks\u00e5, precis som rasism eller homofobi, eller annat valfritt f\u00f6rtryck. Manshat \u00e4r inte fr\u00e4mmande f\u00f6r mig. Manshat \u00e4r inte heller farligt. Kvinnor blir v\u00e5ldtagna, misshandlade och m\u00f6rdade varje dag. Och oftast f\u00f6r manssamh\u00e4llet inte g\u00f6r ett skit f\u00f6r att f\u00f6rb\u00e4ttra vilkoren f\u00f6r dom som inte \u00e4r vita, heterosexuella m\u00e4n.<\/p>\n<p>Manshat \u00e4r inget hot mot samh\u00e4llet, kvinnohat \u00e4r d\u00e4remot det. Det \u00e4r kvinnohatet som s\u00e4tter k\u00e4ppar i hjulet f\u00f6r kvinnor dagarna i \u00e4nda, det \u00e4r kvinnohatet som f\u00e5r de x tusen anm\u00e4lda v\u00e5ldt\u00e4kter att slutligen bli bara n\u00e5n fjuttig procent som g\u00e5r till r\u00e4tteg\u00e5ng och d\u00e4r, bara en \u00e4nnu mindre procent av v\u00e5ldt\u00e4ktsm\u00e4nnen som blir d\u00f6mda.&#8221;<\/p>\n<p>[&#8230;]<\/p>\n<p>&#8221;Vad kvinnohatet fr\u00e4mst g\u00f6r \u00e4r att separera kvinnor, krossa systerskapet och fr\u00e4mja manssolidariteten. Manssolidariteten, d\u00e4r m\u00e4n backar m\u00e4n oavsett \u00e4r roten till v\u00e5rt samh\u00e4lles f\u00f6rfall och \u00e4r s\u00e5 starkt att \u00e4ven med det tyngsta medlet, feminismen, \u00e4r det sv\u00e5rt att ta sig igenom. Sv\u00e5rast \u00e4r nog att identifiera kvinnohatet. Vi \u00e4r s\u00e5 vana vid att leva i ett f\u00f6rtryck, b\u00e5de kvinnor, m\u00e4n och transpersoner att det kr\u00e4vs en hel del f\u00f6r att ens f\u00f6rst\u00e5 att vi lever i just DET f\u00f6rtrycket.<\/p>\n<p>S\u00e5 n\u00e4, lite manshat har aldrig skadat n\u00e5n. Kvinnohatet d\u00e4remot, det f\u00f6rst\u00f6r allt.&#8221;<\/p><\/blockquote>\n<p>Ja, det finns allts\u00e5 ett gott och fint hat och det riktas mot m\u00e4n och ett d\u00e5ligt och skadligt hat som riktas mot kvinnor. Det verkar som om den osunda milj\u00f6n och segregeringen p\u00e5 S\u00f6dermalm b\u00f6rjar bli alltmer prek\u00e4r. Fanatismen \u00e4r l\u00e5ngt g\u00e5ngen.<\/p>\n<blockquote><p>&#8221;En annan grej vi m\u00e5ste prata om \u00e4r att alla killar inte har snopp, det \u00e4r en falsk sanning som \u00e4r transfobisk. K\u00f6net sitter inte i kroppen utan i den sociala k\u00f6nsrollen. Och d\u00e4r menar du att det handlar om ett attribut som en inte kan v\u00e4lja sj\u00e4lv. Alla har en chans och m\u00f6jlighet att v\u00e4lja hur en vill utforma en k\u00f6nsroll. M\u00e4n beh\u00f6ver inte vara sexister, dom kan aktivt tacka nej till att vara manstillv\u00e4nda och ocks\u00e5 vara feminster (dom killarna har jag valt in i mitt liv). Precis som att tjejer ocks\u00e5 kan tacka nej till sin k\u00f6nsroll och vrida och v\u00e4nda p\u00e5 den, m\u00f6jligheterna finns, \u00e4ven om dom \u00e4r jobbiga. Det kr\u00e4vs en del f\u00f6r att tacka nej tlll det som patriarkatet gav oss.&#8221;<\/p><\/blockquote>\n<p>Ja, Kakan kan sin postmoderna genussn\u00f6mos utantill.<\/p>\n<blockquote><p>&#8221;Manshatet handlar om ett f\u00f6rh\u00e5llningss\u00e4tt, en \u00f6verlevnadsstrategi tror jag. Precis som att jag inte umg\u00e5s med rasister, vill jag inte heller umg\u00e5s med m\u00e4nniskor som hatar kvinnor. Jag vill umg\u00e5s med m\u00e4nniskor som \u00e4r insatta i detta kvinnohatande samh\u00e4llet.&#8221;<\/p><\/blockquote>\n<p>Att Kakan vill umg\u00e5s med lika ideologiskt indoktrinerade m\u00e4nniskor som hon sj\u00e4lv f\u00f6rv\u00e5nar inte. (O-)lustigt hur resonemanget tycks ge tolkningen att hatar du inte m\u00e4n s\u00e5 hatar du kvinnor. Men Kakan, din fanatism kommer bara att \u00f6ka om du och dina kamrater p\u00e5 S\u00f6dermalm aldrig f\u00e5r in syre utifr\u00e5n.<\/p>\n<blockquote><p>&#8221;Jag tror att en del har samma tankebana som du, och jag lider med er. Det finns s\u00e5 mycket information att tillg\u00e5, t.ex. min blogg. Och du verkar ju ha kartlagt mitt liv, hur kan du d\u00e5 inte kartlagt mina \u00e5sikter. Manshatet \u00e4r en obetydlig prutt i patriarkatet. F\u00f6r varje g\u00e5ng vi fokuserar p\u00e5 det, f\u00f6rsvinner fokus p\u00e5 vad kvinnohatet g\u00f6r med oss. Rasism och kvinnohat har b\u00e5da strukturella grunder, d\u00e4r kan du b\u00f6rja dra paraleller.<\/p>\n<p>Men att b\u00f6rja din dag med att j\u00e4mf\u00f6ra manshat med rasism \u00e4r n\u00e5got av det vidrigaste jag h\u00f6rt, du borde sk\u00e4mmas.&#8221;<\/p><\/blockquote>\n<p style=\"text-align: left;\">Ja, vad ska man s\u00e4ga, ytterligare en hyllad och uppburen kulturpersonlighet har talat. Jag s\u00e4ger som personen som delat med sig av l\u00e4nken: Jag blir politiskt deprimerad.<\/p>\n<p>Mera om Kakan &#8221;m\u00e4n \u00e4r som utvecklingsst\u00f6rda barn&#8221; Hermansson\u00a0<a href=\"http:\/\/www.susannavaris.com\/blogg\/2013\/01\/kakan-hermansson-igen\/\">h\u00e4r<\/a>,\u00a0<a href=\"http:\/\/www.susannavaris.com\/blogg\/2013\/07\/kakan-om-valdtaktskulturen\/\">om v\u00e5ldt\u00e4ktskulturen h\u00e4r<\/a>\u00a0och\u00a0<a href=\"http:\/\/www.susannavaris.com\/blogg\/2012\/03\/en-notering-i-kanten\/\">h\u00e4r<\/a>.<\/p>\n<p>Ekvalist om detta\u00a0<a href=\"http:\/\/ekvalist.blogspot.se\/2013\/10\/kakan-hermansson-om-manshat.html\">h\u00e4r<\/a><\/p>\n<p>Toklandet om detta\u00a0<a href=\"http:\/\/toklandet.wordpress.com\/2013\/10\/29\/sa-har-kan-man-ocksa-se-kakans-inlagg\/\">h\u00e4r<\/a>.<\/p>\n<p>Bashflak om samma\u00a0<a href=\"http:\/\/bashflak.wordpress.com\/2013\/10\/29\/manga-kloka-ord-for-feministern-att-citera\/\">h\u00e4r<\/a>.<\/p>\n<p>J\u00e4mst\u00e4lldhetsfeministern\u00a0<a href=\"http:\/\/jamstalldhetsfeministern.wordpress.com\/2013\/11\/01\/gudrun-schyman-manshat-ar-folkbildning-jamstalldhetsfeministern-instammer\/\">h\u00e4r<\/a>.<\/p>\n","protected":false},"excerpt":{"rendered":"<p>\u00a0Kakan Hermansson. Bild: Sveriges Radio Jag brukar inte l\u00e4sa Hermanssons blogg eftersom den inte f\u00f6r min del har n\u00e5got att tillf\u00f6ra, men slank in genom en l\u00e4nk p\u00e5 Facebook. Kakan, som nyligen h\u00e5vat in\u00a0ytterligare \u00e5tr\u00e5v\u00e4rt uppdrag i n\u00f6jesbranschen (i programmet &hellip; <a href=\"http:\/\/www.susannavaris.com\/blogg\/2013\/10\/kakan-hermansson-i-farten-igen\/\">Forts\u00e4tt l\u00e4sa <span class=\"meta-nav\">&rarr;<\/span><\/a><\/p>\n","protected":false},"author":1,"featured_media":0,"comment_status":"open","ping_status":"open","sticky":false,"template":"","format":"standard","meta":{"footnotes":""},"categories":[181,3067,259,1321,1162,589,1,590,403,303,384],"tags":[4900,4899,2636,2720,2721,928],"class_list":["post-11322","post","type-post","status-publish","format-standard","hentry","category-feminism","category-feminism-referensinlagg","category-genusvetenskap","category-jamstalldhet","category-kultur","category-medier","category-okategoriserade","category-politik","category-pseudovetenskap","category-religion","category-tv","tag-feminism","tag-genus","tag-kakan-hermansson","tag-manshat","tag-misandri","tag-sr"],"_links":{"self":[{"href":"http:\/\/www.susannavaris.com\/blogg\/wp-json\/wp\/v2\/posts\/11322","targetHints":{"allow":["GET"]}}],"collection":[{"href":"http:\/\/www.susannavaris.com\/blogg\/wp-json\/wp\/v2\/posts"}],"about":[{"href":"http:\/\/www.susannavaris.com\/blogg\/wp-json\/wp\/v2\/types\/post"}],"author":[{"embeddable":true,"href":"http:\/\/www.susannavaris.com\/blogg\/wp-json\/wp\/v2\/users\/1"}],"replies":[{"embeddable":true,"href":"http:\/\/www.susannavaris.com\/blogg\/wp-json\/wp\/v2\/comments?post=11322"}],"version-history":[{"count":6,"href":"http:\/\/www.susannavaris.com\/blogg\/wp-json\/wp\/v2\/posts\/11322\/revisions"}],"predecessor-version":[{"id":11344,"href":"http:\/\/www.susannavaris.com\/blogg\/wp-json\/wp\/v2\/posts\/11322\/revisions\/11344"}],"wp:attachment":[{"href":"http:\/\/www.susannavaris.com\/blogg\/wp-json\/wp\/v2\/media?parent=11322"}],"wp:term":[{"taxonomy":"category","embeddable":true,"href":"http:\/\/www.susannavaris.com\/blogg\/wp-json\/wp\/v2\/categories?post=11322"},{"taxonomy":"post_tag","embeddable":true,"href":"http:\/\/www.susannavaris.com\/blogg\/wp-json\/wp\/v2\/tags?post=11322"}],"curies":[{"name":"wp","href":"https:\/\/api.w.org\/{rel}","templated":true}]}}