{"id":11345,"date":"2013-11-01T23:29:24","date_gmt":"2013-11-01T22:29:24","guid":{"rendered":"http:\/\/www.susannavaris.com\/blogg\/?p=11345"},"modified":"2013-11-01T23:29:24","modified_gmt":"2013-11-01T22:29:24","slug":"om-den-sk-caremaskandalen","status":"publish","type":"post","link":"http:\/\/www.susannavaris.com\/blogg\/2013\/11\/om-den-sk-caremaskandalen\/","title":{"rendered":"Om den sk caremaskandalen"},"content":{"rendered":"<p style=\"text-align: center;\">&#8230;finns det i dagens SvD en intressant <a href=\"http:\/\/www.svd.se\/opinion\/brannpunkt\/ett-fackligt-svek-mot-personal-i-aldrevarden_8679800.svd\">artikel<\/a>\u00a0p\u00e5 ledarsidan:<\/p>\n<blockquote><p>&#8221;LO-basen Karl Petter Thorwaldsson anv\u00e4nde den ber\u00f6mda bl\u00f6jv\u00e4gningen hela tre g\u00e5nger i en radiointervju som exempel p\u00e5 vinstrelaterad vanv\u00e5rd. N\u00e4r LO presenterade sitt f\u00f6rslag om \u201dnon-profit\u201d visades en film, som framst\u00e4llde Kopparg\u00e5rden som ett skr\u00e4ckboende.<\/p>\n<p><strong>Bara en m\u00e5nad tidigare<\/strong>\u00a0presenterade Kommunals ordf\u00f6rande Annelie Nordstr\u00f6m f\u00f6rbundets syn p\u00e5 v\u00e4lf\u00e4rden med orden:<\/p>\n<p>\u201dDen 11 oktober 2011 d\u00f6k de f\u00f6rsta tidningsrubrikerna om vanv\u00e5rd och bl\u00f6jv\u00e4gning p\u00e5 Kopparg\u00e5rdens \u00e4ldreboende i v\u00e4stra Stockholm upp. F\u00f6r m\u00e5nga innebar h\u00e4ndelserna ett brutalt uppvaknande, men f\u00f6r oss i Kommunal kom det inte som en \u00f6verraskning.\u201d<\/p>\n<p><strong>Annelie Nordstr\u00f6m l\u00e5tsas\u00a0<\/strong>som att hon inte vet att bl\u00f6jv\u00e4gning \u00e4r bra v\u00e5rd och f\u00f6ljer Socialstyrelsens rekommendationer. Kissv\u00e5ta bl\u00f6jor \u00e5teranv\u00e4nds st\u00e4ndigt, fast inte i \u00e4ldreomsorgen, utan av journalister och politiska opinionsbildare.<\/p>\n<p>Det \u00e4r st\u00f6tande hur LO:s st\u00f6rsta f\u00f6rbund forts\u00e4tter att sv\u00e4rta ner sina medlemmars arbete. I en b\u00e4ttre v\u00e4rld hade Kommunal avvisat de grundl\u00f6sa anklagelserna om vanv\u00e5rd. Under mediedrevet s\u00f6kte medlemmar f\u00f6rg\u00e4ves Kommunals st\u00f6d. Och n\u00e4r arbetstagarkonsulten Hans Kilsved, som hade ett uppdrag f\u00f6r Kommunal, kom fram till att Caremaskandalen var falsk, d\u00e5 tog Kommunal avst\u00e5nd fr\u00e5n honom.&#8221;<\/p><\/blockquote>\n<p>&nbsp;<\/p>\n","protected":false},"excerpt":{"rendered":"<p>&#8230;finns det i dagens SvD en intressant artikel\u00a0p\u00e5 ledarsidan: &#8221;LO-basen Karl Petter Thorwaldsson anv\u00e4nde den ber\u00f6mda bl\u00f6jv\u00e4gningen hela tre g\u00e5nger i en radiointervju som exempel p\u00e5 vinstrelaterad vanv\u00e5rd. N\u00e4r LO presenterade sitt f\u00f6rslag om \u201dnon-profit\u201d visades en film, som framst\u00e4llde &hellip; <a href=\"http:\/\/www.susannavaris.com\/blogg\/2013\/11\/om-den-sk-caremaskandalen\/\">Forts\u00e4tt l\u00e4sa <span class=\"meta-nav\">&rarr;<\/span><\/a><\/p>\n","protected":false},"author":1,"featured_media":0,"comment_status":"open","ping_status":"open","sticky":false,"template":"","format":"standard","meta":{"footnotes":""},"categories":[1,590],"tags":[3644,3640,3643,3648,3646,3645,3647,3641,3642,1358,2842,3639],"class_list":["post-11345","post","type-post","status-publish","format-standard","hentry","category-okategoriserade","category-politik","tag-annelie-nordstrom","tag-carema","tag-caremaskandalen","tag-cecilia-stenshamn","tag-karl-petter-thorwaldsson","tag-kommunal","tag-koppargarden","tag-lo","tag-s","tag-socialdemokraterna","tag-vard","tag-varden"],"_links":{"self":[{"href":"http:\/\/www.susannavaris.com\/blogg\/wp-json\/wp\/v2\/posts\/11345","targetHints":{"allow":["GET"]}}],"collection":[{"href":"http:\/\/www.susannavaris.com\/blogg\/wp-json\/wp\/v2\/posts"}],"about":[{"href":"http:\/\/www.susannavaris.com\/blogg\/wp-json\/wp\/v2\/types\/post"}],"author":[{"embeddable":true,"href":"http:\/\/www.susannavaris.com\/blogg\/wp-json\/wp\/v2\/users\/1"}],"replies":[{"embeddable":true,"href":"http:\/\/www.susannavaris.com\/blogg\/wp-json\/wp\/v2\/comments?post=11345"}],"version-history":[{"count":1,"href":"http:\/\/www.susannavaris.com\/blogg\/wp-json\/wp\/v2\/posts\/11345\/revisions"}],"predecessor-version":[{"id":11346,"href":"http:\/\/www.susannavaris.com\/blogg\/wp-json\/wp\/v2\/posts\/11345\/revisions\/11346"}],"wp:attachment":[{"href":"http:\/\/www.susannavaris.com\/blogg\/wp-json\/wp\/v2\/media?parent=11345"}],"wp:term":[{"taxonomy":"category","embeddable":true,"href":"http:\/\/www.susannavaris.com\/blogg\/wp-json\/wp\/v2\/categories?post=11345"},{"taxonomy":"post_tag","embeddable":true,"href":"http:\/\/www.susannavaris.com\/blogg\/wp-json\/wp\/v2\/tags?post=11345"}],"curies":[{"name":"wp","href":"https:\/\/api.w.org\/{rel}","templated":true}]}}