{"id":11347,"date":"2013-11-03T12:19:30","date_gmt":"2013-11-03T11:19:30","guid":{"rendered":"http:\/\/www.susannavaris.com\/blogg\/?p=11347"},"modified":"2013-11-03T12:19:41","modified_gmt":"2013-11-03T11:19:41","slug":"karin-kakan-hermanssons-dodshot-mot-politiker","status":"publish","type":"post","link":"http:\/\/www.susannavaris.com\/blogg\/2013\/11\/karin-kakan-hermanssons-dodshot-mot-politiker\/","title":{"rendered":"Karin &#8221;Kakan&#8221; Hermanssons d\u00f6dshot mot politiker"},"content":{"rendered":"<p style=\"text-align: center;\"><a href=\"http:\/\/www.susannavaris.com\/blogg\/wp-content\/uploads\/2013\/11\/DSC_0822-50.jpg\"><img loading=\"lazy\" decoding=\"async\" class=\"aligncenter size-full wp-image-11348\" alt=\"DSC_0822-50\" src=\"http:\/\/www.susannavaris.com\/blogg\/wp-content\/uploads\/2013\/11\/DSC_0822-50.jpg\" width=\"1390\" height=\"1005\" srcset=\"http:\/\/www.susannavaris.com\/blogg\/wp-content\/uploads\/2013\/11\/DSC_0822-50.jpg 1390w, http:\/\/www.susannavaris.com\/blogg\/wp-content\/uploads\/2013\/11\/DSC_0822-50-300x216.jpg 300w, http:\/\/www.susannavaris.com\/blogg\/wp-content\/uploads\/2013\/11\/DSC_0822-50-1024x740.jpg 1024w\" sizes=\"auto, (max-width: 1390px) 100vw, 1390px\" \/><\/a>\u00a0<em>Faksimil fr\u00e5n\u00a0<a href=\"http:\/\/www.expressen.se\/\">Expressen<\/a>\u00a0<\/em><\/p>\n<p style=\"text-align: left;\">Jag hittade (ok, k\u00f6pte) Expressens skvallerbilaga ig\u00e5r och fann d\u00e4rinne en sk &#8221;15 saker du inte visste om mig&#8221; med Karin &#8221;Kakan&#8221; Hermansson. I artikeln framg\u00e5r att n\u00e4mnde Hermansson hotat riksdagsmannen och milj\u00f6partiets spr\u00e5kr\u00f6r Gustav Fridolin till livet. Tydligen har man &#8221;strukit ett streck \u00f6ver det nu&#8221; och jag beklagar att inte Fridolin polisanm\u00e4lt hotet. Mycket surrealistiskt att konstatera att en person med Hermanssons <a href=\"http:\/\/www.susannavaris.com\/blogg\/2013\/10\/kakan-hermansson-i-farten-igen\/\">\u00e5sikter<\/a>\u00a0och som dessutom hotat f\u00f6rtroendevalda till livet \u00e4nd\u00e5 kan figurera som en uppburen medlem av kultur- och mediaeliten utan s\u00e5 mycket som en h\u00f6jning p\u00e5 \u00f6gonbrynen. Men det \u00e4r klart, h\u00e4r handlar det ju om det goda och fina hatet och f\u00f6ljdaktligen blir v\u00e4l d\u00f6dshot mot en manlig politiker bara en beundransv\u00e4rd g\u00e4rning i det skruvade universum som den troende s\u00f6dermalmsfeminismen representerar.<\/p>\n<p style=\"text-align: left;\">Extra bekl\u00e4mmande \u00e4r att konstatera att public service avl\u00f6nar en person som Karin Hermansson.\u00a0<a href=\"http:\/\/sverigesradio.se\/sida\/artikel.aspx?programid=3113&amp;artikel=1971435\">H\u00e4r<\/a>\u00a0kan man l\u00e4sa om SR:s uppdrag. Inget s\u00e4ger att en sexist eller en antidemokrat skulle kunna arbeta p\u00e5 SR, men man kanske kunde fundera p\u00e5 att f\u00f6r m\u00e5ngfaldens skull anst\u00e4lla \u00e4ven \u00f6ppet kvinnofientliga personer och ge dem egna program?<\/p>\n","protected":false},"excerpt":{"rendered":"<p>\u00a0Faksimil fr\u00e5n\u00a0Expressen\u00a0 Jag hittade (ok, k\u00f6pte) Expressens skvallerbilaga ig\u00e5r och fann d\u00e4rinne en sk &#8221;15 saker du inte visste om mig&#8221; med Karin &#8221;Kakan&#8221; Hermansson. I artikeln framg\u00e5r att n\u00e4mnde Hermansson hotat riksdagsmannen och milj\u00f6partiets spr\u00e5kr\u00f6r Gustav Fridolin till livet. &hellip; <a href=\"http:\/\/www.susannavaris.com\/blogg\/2013\/11\/karin-kakan-hermanssons-dodshot-mot-politiker\/\">Forts\u00e4tt l\u00e4sa <span class=\"meta-nav\">&rarr;<\/span><\/a><\/p>\n","protected":false},"author":1,"featured_media":0,"comment_status":"open","ping_status":"open","sticky":false,"template":"","format":"standard","meta":{"footnotes":""},"categories":[178,181,1321,1928,1162,589,1,590,384],"tags":[1607,2856,2636,3649,2721,3650,3651,928,938],"class_list":["post-11347","post","type-post","status-publish","format-standard","hentry","category-blodtryckshojare","category-feminism","category-jamstalldhet","category-journalistik","category-kultur","category-medier","category-okategoriserade","category-politik","category-tv","tag-hat","tag-hot","tag-kakan-hermansson","tag-karin-hermansson","tag-misandri","tag-p3","tag-public-service","tag-sr","tag-svt"],"_links":{"self":[{"href":"http:\/\/www.susannavaris.com\/blogg\/wp-json\/wp\/v2\/posts\/11347","targetHints":{"allow":["GET"]}}],"collection":[{"href":"http:\/\/www.susannavaris.com\/blogg\/wp-json\/wp\/v2\/posts"}],"about":[{"href":"http:\/\/www.susannavaris.com\/blogg\/wp-json\/wp\/v2\/types\/post"}],"author":[{"embeddable":true,"href":"http:\/\/www.susannavaris.com\/blogg\/wp-json\/wp\/v2\/users\/1"}],"replies":[{"embeddable":true,"href":"http:\/\/www.susannavaris.com\/blogg\/wp-json\/wp\/v2\/comments?post=11347"}],"version-history":[{"count":2,"href":"http:\/\/www.susannavaris.com\/blogg\/wp-json\/wp\/v2\/posts\/11347\/revisions"}],"predecessor-version":[{"id":11350,"href":"http:\/\/www.susannavaris.com\/blogg\/wp-json\/wp\/v2\/posts\/11347\/revisions\/11350"}],"wp:attachment":[{"href":"http:\/\/www.susannavaris.com\/blogg\/wp-json\/wp\/v2\/media?parent=11347"}],"wp:term":[{"taxonomy":"category","embeddable":true,"href":"http:\/\/www.susannavaris.com\/blogg\/wp-json\/wp\/v2\/categories?post=11347"},{"taxonomy":"post_tag","embeddable":true,"href":"http:\/\/www.susannavaris.com\/blogg\/wp-json\/wp\/v2\/tags?post=11347"}],"curies":[{"name":"wp","href":"https:\/\/api.w.org\/{rel}","templated":true}]}}