{"id":11357,"date":"2013-11-10T10:02:46","date_gmt":"2013-11-10T09:02:46","guid":{"rendered":"http:\/\/www.susannavaris.com\/blogg\/?p=11357"},"modified":"2013-11-10T10:03:52","modified_gmt":"2013-11-10T09:03:52","slug":"oravsky-pa-fars-dag","status":"publish","type":"post","link":"http:\/\/www.susannavaris.com\/blogg\/2013\/11\/oravsky-pa-fars-dag\/","title":{"rendered":"Oravsky p\u00e5 fars dag"},"content":{"rendered":"<p>Jag har s\u00e4llan haft anledning att fira fars dag, d\u00e5 de tre g\u00e5ngerna jag tr\u00e4ffade min far inte sammanf\u00f6ll med n\u00e4mnda dag och jag i \u00f6vrigt inte hade n\u00e5gon n\u00e4mnv\u00e4rd kontakt med honom. Moderskan var dessutom kroniskt allergisk mot att fira mors dag (hon ans\u00e5g att en s\u00e5dan dag borde vara \u00e5rets alla dagar) och jag har d\u00e4rf\u00f6r heller ingen tradition av att fira mors dag. Inga barn har jag heller som skulle f\u00f6ranleda firande av en annan far, s\u00e5 fars dag hamnar naturligen i skymundan i min v\u00e4rld. Grattis dock till alla pappor, ni \u00e4r viktiga och ni beh\u00f6vs, hoppas att ni f\u00e5r den uppskattning ni beh\u00f6ver!<\/p>\n<p><a href=\"http:\/\/tidningenkulturen.se\/artiklar\/kror-mainmenu-105\/gkror-mainmenu-208\/16104-koensbestaemda-ord\">H\u00e4r<\/a>\u00a0finns Vladimir Oravskys text om k\u00f6nsbest\u00e4mda ord som ni kan roa er med idag, d\u00e5 undertecknad \u00e4r f\u00f6r utschasad f\u00f6r att skriva n\u00e5got.<\/p>\n","protected":false},"excerpt":{"rendered":"<p>Jag har s\u00e4llan haft anledning att fira fars dag, d\u00e5 de tre g\u00e5ngerna jag tr\u00e4ffade min far inte sammanf\u00f6ll med n\u00e4mnda dag och jag i \u00f6vrigt inte hade n\u00e5gon n\u00e4mnv\u00e4rd kontakt med honom. Moderskan var dessutom kroniskt allergisk mot att &hellip; <a href=\"http:\/\/www.susannavaris.com\/blogg\/2013\/11\/oravsky-pa-fars-dag\/\">Forts\u00e4tt l\u00e4sa <span class=\"meta-nav\">&rarr;<\/span><\/a><\/p>\n","protected":false},"author":1,"featured_media":0,"comment_status":"open","ping_status":"open","sticky":false,"template":"","format":"standard","meta":{"footnotes":""},"categories":[1],"tags":[3653,3655,3656,3654,3279],"class_list":["post-11357","post","type-post","status-publish","format-standard","hentry","category-okategoriserade","tag-fars-dag","tag-konsbestamda-ord","tag-mors-dag","tag-tidningen-kulturen","tag-vladimir-oravsky"],"_links":{"self":[{"href":"http:\/\/www.susannavaris.com\/blogg\/wp-json\/wp\/v2\/posts\/11357","targetHints":{"allow":["GET"]}}],"collection":[{"href":"http:\/\/www.susannavaris.com\/blogg\/wp-json\/wp\/v2\/posts"}],"about":[{"href":"http:\/\/www.susannavaris.com\/blogg\/wp-json\/wp\/v2\/types\/post"}],"author":[{"embeddable":true,"href":"http:\/\/www.susannavaris.com\/blogg\/wp-json\/wp\/v2\/users\/1"}],"replies":[{"embeddable":true,"href":"http:\/\/www.susannavaris.com\/blogg\/wp-json\/wp\/v2\/comments?post=11357"}],"version-history":[{"count":3,"href":"http:\/\/www.susannavaris.com\/blogg\/wp-json\/wp\/v2\/posts\/11357\/revisions"}],"predecessor-version":[{"id":11360,"href":"http:\/\/www.susannavaris.com\/blogg\/wp-json\/wp\/v2\/posts\/11357\/revisions\/11360"}],"wp:attachment":[{"href":"http:\/\/www.susannavaris.com\/blogg\/wp-json\/wp\/v2\/media?parent=11357"}],"wp:term":[{"taxonomy":"category","embeddable":true,"href":"http:\/\/www.susannavaris.com\/blogg\/wp-json\/wp\/v2\/categories?post=11357"},{"taxonomy":"post_tag","embeddable":true,"href":"http:\/\/www.susannavaris.com\/blogg\/wp-json\/wp\/v2\/tags?post=11357"}],"curies":[{"name":"wp","href":"https:\/\/api.w.org\/{rel}","templated":true}]}}