{"id":11361,"date":"2013-11-10T10:12:49","date_gmt":"2013-11-10T09:12:49","guid":{"rendered":"http:\/\/www.susannavaris.com\/blogg\/?p=11361"},"modified":"2013-11-10T10:12:49","modified_gmt":"2013-11-10T09:12:49","slug":"omslaget-med-text","status":"publish","type":"post","link":"http:\/\/www.susannavaris.com\/blogg\/2013\/11\/omslaget-med-text\/","title":{"rendered":"Omslaget med text"},"content":{"rendered":"<p style=\"text-align: center;\"><a href=\"http:\/\/www.susannavaris.com\/blogg\/wp-content\/uploads\/2013\/11\/Omslagtext-text-jpg.jpg\"><img loading=\"lazy\" decoding=\"async\" class=\"aligncenter size-full wp-image-11362\" alt=\"Omslagtext-text-jpg\" src=\"http:\/\/www.susannavaris.com\/blogg\/wp-content\/uploads\/2013\/11\/Omslagtext-text-jpg.jpg\" width=\"1402\" height=\"2146\" \/><\/a>\u00a0<em>Omslag till Vladimir Oravskys bok Den Gamla och Edens Lustg\u00e5rd.<\/em><\/p>\n<p style=\"text-align: center;\">G\u00e5rdagen tillbringade jag med att gr\u00e5ta (en gammal v\u00e4n har g\u00e5tt bort i veckan och det som h\u00e4nt hade tydligen \u00e4ntligen sjunkit in), l\u00e4gga upp musik p\u00e5 facebook (n\u00e5gra av n\u00e4mnda v\u00e4nnens favoritl\u00e5tar) och kn\u00e5pa ihop \u00e4ven texten till bokomslaget. Resultatet kan besk\u00e5das ovan. Vladimir tyckte om de h\u00e4ngande miniatyrerna i mitt senaste digitala verk och p\u00e5 den v\u00e4gen \u00e4r det.<\/p>\n","protected":false},"excerpt":{"rendered":"<p>\u00a0Omslag till Vladimir Oravskys bok Den Gamla och Edens Lustg\u00e5rd. G\u00e5rdagen tillbringade jag med att gr\u00e5ta (en gammal v\u00e4n har g\u00e5tt bort i veckan och det som h\u00e4nt hade tydligen \u00e4ntligen sjunkit in), l\u00e4gga upp musik p\u00e5 facebook (n\u00e5gra av &hellip; <a href=\"http:\/\/www.susannavaris.com\/blogg\/2013\/11\/omslaget-med-text\/\">Forts\u00e4tt l\u00e4sa <span class=\"meta-nav\">&rarr;<\/span><\/a><\/p>\n","protected":false},"author":1,"featured_media":0,"comment_status":"open","ping_status":"open","sticky":false,"template":"","format":"standard","meta":{"footnotes":""},"categories":[1364,7,3,1162,415,1,2262],"tags":[1372,3634,3638,3657,2146,3658,3279],"class_list":["post-11361","post","type-post","status-publish","format-standard","hentry","category-bocker","category-egna-verk","category-konst","category-kultur","category-lowbrow","category-okategoriserade","category-pop-surrealism","tag-bok","tag-bokomslag","tag-den-gamla-och-edens-lustgard","tag-kurt-peter-larsen","tag-lilycrow","tag-sorg","tag-vladimir-oravsky"],"_links":{"self":[{"href":"http:\/\/www.susannavaris.com\/blogg\/wp-json\/wp\/v2\/posts\/11361","targetHints":{"allow":["GET"]}}],"collection":[{"href":"http:\/\/www.susannavaris.com\/blogg\/wp-json\/wp\/v2\/posts"}],"about":[{"href":"http:\/\/www.susannavaris.com\/blogg\/wp-json\/wp\/v2\/types\/post"}],"author":[{"embeddable":true,"href":"http:\/\/www.susannavaris.com\/blogg\/wp-json\/wp\/v2\/users\/1"}],"replies":[{"embeddable":true,"href":"http:\/\/www.susannavaris.com\/blogg\/wp-json\/wp\/v2\/comments?post=11361"}],"version-history":[{"count":1,"href":"http:\/\/www.susannavaris.com\/blogg\/wp-json\/wp\/v2\/posts\/11361\/revisions"}],"predecessor-version":[{"id":11363,"href":"http:\/\/www.susannavaris.com\/blogg\/wp-json\/wp\/v2\/posts\/11361\/revisions\/11363"}],"wp:attachment":[{"href":"http:\/\/www.susannavaris.com\/blogg\/wp-json\/wp\/v2\/media?parent=11361"}],"wp:term":[{"taxonomy":"category","embeddable":true,"href":"http:\/\/www.susannavaris.com\/blogg\/wp-json\/wp\/v2\/categories?post=11361"},{"taxonomy":"post_tag","embeddable":true,"href":"http:\/\/www.susannavaris.com\/blogg\/wp-json\/wp\/v2\/tags?post=11361"}],"curies":[{"name":"wp","href":"https:\/\/api.w.org\/{rel}","templated":true}]}}