{"id":11366,"date":"2013-11-13T23:09:34","date_gmt":"2013-11-13T22:09:34","guid":{"rendered":"http:\/\/www.susannavaris.com\/blogg\/?p=11366"},"modified":"2013-11-13T23:12:31","modified_gmt":"2013-11-13T22:12:31","slug":"trotta-funderingar","status":"publish","type":"post","link":"http:\/\/www.susannavaris.com\/blogg\/2013\/11\/trotta-funderingar\/","title":{"rendered":"Tr\u00f6tta funderingar"},"content":{"rendered":"<p><a href=\"http:\/\/www.susannavaris.com\/blogg\/wp-content\/uploads\/2013\/11\/DSC_0059-crop.jpg\"><img loading=\"lazy\" decoding=\"async\" class=\"aligncenter size-full wp-image-11367\" alt=\"DSC_0059-crop\" src=\"http:\/\/www.susannavaris.com\/blogg\/wp-content\/uploads\/2013\/11\/DSC_0059-crop.jpg\" width=\"1424\" height=\"873\" srcset=\"http:\/\/www.susannavaris.com\/blogg\/wp-content\/uploads\/2013\/11\/DSC_0059-crop.jpg 1424w, http:\/\/www.susannavaris.com\/blogg\/wp-content\/uploads\/2013\/11\/DSC_0059-crop-300x183.jpg 300w, http:\/\/www.susannavaris.com\/blogg\/wp-content\/uploads\/2013\/11\/DSC_0059-crop-1024x627.jpg 1024w\" sizes=\"auto, (max-width: 1424px) 100vw, 1424px\" \/><\/a><\/p>\n<p>Jag \u00e4r tr\u00f6tt och utarbetad av b\u00e5de l\u00f6nejobb, konstn\u00e4rliga projekt, debatter relaterade till feminism, en gammal v\u00e4ns bortg\u00e5ng och n\u00e5gon liten bacillusk\/virus som f\u00f6rs\u00f6ker st\u00e4lla till med el\u00e4nde. Dessutom <a href=\"http:\/\/sverigesradio.se\/sida\/artikel.aspx?programid=493&amp;artikel=5701699\">sp\u00e5rade ett godst\u00e5g ur<\/a>\u00a0vid Stockholms s\u00f6dra ig\u00e5r och st\u00e4llde till med rej\u00e4l kaos p\u00e5 l\u00f6nejobbet. Musten har g\u00e5tt ur mig.<\/p>\n<p>Aprop\u00e5 den h\u00f6gst osmakliga demonstrationen till st\u00f6d f\u00f6r Gyllene Gryning i f\u00f6rra veckan p\u00e5 minnesdagen av <a href=\"http:\/\/sv.wikipedia.org\/wiki\/Kristallnatten\">Kristallnatten<\/a>\u00a0av\u00a0<a href=\"http:\/\/sv.wikipedia.org\/wiki\/Svenska_motst%C3%A5ndsr%C3%B6relsen\">Svenska motst\u00e5ndsr\u00f6relsen<\/a>\u00a0kom jag att fundera \u00f6ver vad och vilka som \u00e4r det riktiga hotet mot demokratin. Svenska motst\u00e5ndsr\u00f6relsen, en organisation best\u00e5ende av uppskattningsvis ett par tusen medlemmar, ing\u00e5r i vad <a href=\"http:\/\/www.sakerhetspolisen.se\/download\/18.5bf42a901201f330faf80002541\/valdsampolitiskextremism.pdf\">S\u00e4po<\/a>\u00a0kallar f\u00f6r vit makt-milj\u00f6n. En annan extremistmilj\u00f6 \u00e4r den sk autonoma, som huvudsakligen innefattar olika sammanslutningar p\u00e5 v\u00e4nsterkanten. De h\u00e4r milj\u00f6erna inneh\u00e5ller ungef\u00e4r lika m\u00e5nga personer som \u00e4r aktiva och av dessa bed\u00f6ms ett hundratal vara potentiellt farliga. Det finns ett antal mord som kan kopplas till personer inom vit makt milj\u00f6n, men b\u00e5da grupperingarna ser v\u00e5ld som l\u00e4mpligt att anv\u00e4nda i aktivismen.<\/p>\n<p>Vare sig vit makt- eller den autonoma milj\u00f6n \u00e5tnjuter dock n\u00e5gon st\u00f6rre sympati eller f\u00f6rst\u00e5else hos den breda allm\u00e4nheten och jag har sv\u00e5rt att se att de p\u00e5 riktigt skulle ha n\u00e5gon som helst p\u00e5verkan p\u00e5 hur gemene man resonerar kring politik. Vit makt-extremisterna blir bekv\u00e4ma syndabockar f\u00f6r ett samh\u00e4lle som inte vill k\u00e4nnas vid den inneboende rasismen och stenkastarv\u00e4nstern g\u00f6r snarare skada genom att t ex v\u00e4nda sympatierna emot dem vars demonstrationer de h\u00e4rjar i.<\/p>\n<p>Jag kan inte se att de h\u00e4r personerna \u00e4r n\u00e5got st\u00f6rre hot mot demokratin. Betydligt v\u00e4rre \u00e4r d\u00e5 den kv\u00e4vda yttrandefriheten. Ja, vi har formell yttrandefrihet (\u00e4n s\u00e5 l\u00e4nge har inte Sveland &amp; co lyckats <a href=\"http:\/\/www.susannavaris.com\/blogg\/2013\/03\/asiktsfriheten-snart-ett-minne-blott\/\">kriminalisera<\/a>\u00a0kritik av feminismen), men vi har inte informell yttrandefrihet. Uttrycker du en \u00e5sikt som t ex \u00e4r kritisk mot den r\u00e5dande radikalfeministiska ideologin, s\u00e5 kan du f\u00e5 uppleva att dina samarbetspartners blir rekommenderade att inte arbeta med dig, du kan mista uppdrag och du kan mista jobb. Du blir en suspekt individ.<\/p>\n<p>H\u00e4r kommer vi in p\u00e5 n\u00e4sta led i resonemanget: varf\u00f6r t\u00e5l inte den moderna feminismen kritik? Vilken r\u00f6relse eller ideologi v\u00e4xer utan att f\u00f6rs\u00f6ka se de egna bristerna och \u00e5tg\u00e4rda dem? Jag har kallat mig feminist. N\u00e4r jag b\u00f6rjade ledsna p\u00e5 att st\u00e4ndigt utm\u00e5las som ett offer och s\u00e4tta mig in i den moderna feminismen, fick jag se en v\u00e4rld som var l\u00e5ngt fr\u00e5n det som jag sj\u00e4lv ans\u00e5g vara feminism (att som kvinna f\u00e5 ses som individ med samma r\u00e4ttigheter och skyldigheter och att ha likv\u00e4rdiga m\u00f6jligheter att forma mitt liv som jag ville). Jag reagerade mot detta och jag forts\u00e4tter att reagera. Jag har ocks\u00e5 slutat kalla mig feminist eftersom jag inte anser att den dominerade diskursen inom feminismen idag \u00e4r n\u00e5got jag kan skriva under p\u00e5. Jag t\u00e4nker fr\u00e4mst p\u00e5 att feminismen har tagit monopol p\u00e5 definitionen av j\u00e4mst\u00e4lldhet, men \u00e4r blind f\u00f6r m\u00e4nnens k\u00f6nsbundna problematik, att den moderna feminismen baserar sig p\u00e5 genusvetenskapliga utsagor om k\u00f6net som fr\u00e4mst social konstruktion (samt genusvetenskapens <a href=\"http:\/\/bittergubben.wordpress.com\/2013\/11\/10\/charlotte-vainio-och-den-ovetenskapliga-genusvetenskapen\/\">ovetenskaplighet<\/a>), manshatet som d\u00e4r florerar, att man ser kvinnor som maktl\u00f6sa offer f\u00f6r strukturer och att man bygger sin omv\u00e4rldsanalys p\u00e5 marxistiska teorier om makt d\u00e4r m\u00e4nniskor \u00e5terfinns i kategorier baserade p\u00e5 k\u00f6n, etnicitet, sexuell l\u00e4ggning etc och dessa kategorier \u00e4r inordnade i en fixerad makthierarki. Varf\u00f6r \u00e4r nu t ex att se k\u00f6net som social konstruktion ett problem (observera att jag inte f\u00f6rnekar socialiseringens roll; vi \u00e4r produkter av b\u00e5de arv och milj\u00f6)? Jo, det leder till j\u00e4mst\u00e4lldhetspolitiska insatser av typen: 50 % av filmst\u00f6det ska delas ut till kvinnliga filmare n\u00e4r 25 % av filmskaparna \u00e4r kvinnor. En politik som utg\u00e5r fr\u00e5n att m\u00e4n och kvinnor i exakt samma utstr\u00e4ckning ska vilja syssla med samma saker bara vi uppfostrar alla i r\u00e4tt genusanda. Man har satt ett m\u00e5l f\u00f6r j\u00e4mst\u00e4lldheten som antagligen aldrig kommer att n\u00e5s, \u00e5terst\u00e5r att f\u00f6lja pengarna om man vill lista ut varf\u00f6r. Om man inte vill st\u00e4lla upp p\u00e5 den h\u00e4r sortens feminism och har en annan syn p\u00e5 vad j\u00e4mst\u00e4lldhet \u00e4r, ska man inte reagera d\u00e5?<\/p>\n<p>Jag skulle kunna svamla p\u00e5 i all o\u00e4ndlighet kring detta, men vid intresse \u00e4r det bara att l\u00e4sa bak\u00e5t i min blogg.<\/p>\n<p>Urs\u00e4kta r\u00f6rigt inl\u00e4gg.<\/p>\n","protected":false},"excerpt":{"rendered":"<p>Jag \u00e4r tr\u00f6tt och utarbetad av b\u00e5de l\u00f6nejobb, konstn\u00e4rliga projekt, debatter relaterade till feminism, en gammal v\u00e4ns bortg\u00e5ng och n\u00e5gon liten bacillusk\/virus som f\u00f6rs\u00f6ker st\u00e4lla till med el\u00e4nde. Dessutom sp\u00e5rade ett godst\u00e5g ur\u00a0vid Stockholms s\u00f6dra ig\u00e5r och st\u00e4llde till med &hellip; <a href=\"http:\/\/www.susannavaris.com\/blogg\/2013\/11\/trotta-funderingar\/\">Forts\u00e4tt l\u00e4sa <span class=\"meta-nav\">&rarr;<\/span><\/a><\/p>\n","protected":false},"author":1,"featured_media":0,"comment_status":"open","ping_status":"open","sticky":false,"template":"","format":"standard","meta":{"footnotes":""},"categories":[181,259,1321,1,590,403,303],"tags":[3664,2983,4900,4899,4903,4918,3662,3661,3660,3663],"class_list":["post-11366","post","type-post","status-publish","format-standard","hentry","category-feminism","category-genusvetenskap","category-jamstalldhet","category-okategoriserade","category-politik","category-pseudovetenskap","category-religion","tag-autonoma-rorelsen","tag-demonstration","tag-feminism","tag-genus","tag-genusvetenskap","tag-jamstalldhet","tag-kristallnatten","tag-sapo","tag-svenska-motstandsrorelsen","tag-vit-makt"],"_links":{"self":[{"href":"http:\/\/www.susannavaris.com\/blogg\/wp-json\/wp\/v2\/posts\/11366","targetHints":{"allow":["GET"]}}],"collection":[{"href":"http:\/\/www.susannavaris.com\/blogg\/wp-json\/wp\/v2\/posts"}],"about":[{"href":"http:\/\/www.susannavaris.com\/blogg\/wp-json\/wp\/v2\/types\/post"}],"author":[{"embeddable":true,"href":"http:\/\/www.susannavaris.com\/blogg\/wp-json\/wp\/v2\/users\/1"}],"replies":[{"embeddable":true,"href":"http:\/\/www.susannavaris.com\/blogg\/wp-json\/wp\/v2\/comments?post=11366"}],"version-history":[{"count":2,"href":"http:\/\/www.susannavaris.com\/blogg\/wp-json\/wp\/v2\/posts\/11366\/revisions"}],"predecessor-version":[{"id":11369,"href":"http:\/\/www.susannavaris.com\/blogg\/wp-json\/wp\/v2\/posts\/11366\/revisions\/11369"}],"wp:attachment":[{"href":"http:\/\/www.susannavaris.com\/blogg\/wp-json\/wp\/v2\/media?parent=11366"}],"wp:term":[{"taxonomy":"category","embeddable":true,"href":"http:\/\/www.susannavaris.com\/blogg\/wp-json\/wp\/v2\/categories?post=11366"},{"taxonomy":"post_tag","embeddable":true,"href":"http:\/\/www.susannavaris.com\/blogg\/wp-json\/wp\/v2\/tags?post=11366"}],"curies":[{"name":"wp","href":"https:\/\/api.w.org\/{rel}","templated":true}]}}