{"id":11388,"date":"2013-11-19T18:24:54","date_gmt":"2013-11-19T17:24:54","guid":{"rendered":"http:\/\/www.susannavaris.com\/blogg\/?p=11388"},"modified":"2013-11-19T18:53:51","modified_gmt":"2013-11-19T17:53:51","slug":"intet-nytt-fran-linderborg-fronten","status":"publish","type":"post","link":"http:\/\/www.susannavaris.com\/blogg\/2013\/11\/intet-nytt-fran-linderborg-fronten\/","title":{"rendered":"Intet nytt fr\u00e5n Linderborg-fronten"},"content":{"rendered":"<p><a href=\"http:\/\/www.susannavaris.com\/blogg\/wp-content\/uploads\/2013\/11\/warispeace.jpg\"><img loading=\"lazy\" decoding=\"async\" class=\"aligncenter size-full wp-image-11389\" alt=\"warispeace\" src=\"http:\/\/www.susannavaris.com\/blogg\/wp-content\/uploads\/2013\/11\/warispeace.jpg\" width=\"259\" height=\"194\" \/><\/a><\/p>\n<p>I en <a href=\"http:\/\/www.aftonbladet.se\/kultur\/bokrecensioner\/article17868895.ab\">recension<\/a>\u00a0av \u00c5sne Seierstads nya bok om Anders Behring Breivik maler den linderborgska guilt-by-association-maskinen p\u00e5:<\/p>\n<blockquote>\n<p id=\"yui_3_12_0_2_1384879959315_819\">&#8221;V\u00e4nstern d\u00e4remot, ser i Breivik en visserligen st\u00f6rd men politiskt medveten exponent f\u00f6r en antihumanistisk tidsanda. Han \u00e4r mer \u00e4n en enstaka tragisk h\u00e4ndelse; han \u00e4r ett s\u00e4reget groteskt exempel p\u00e5 en v\u00e4sterl\u00e4ndsk nykonservativ process som accelererat efter 11\/9 men som p\u00e5b\u00f6rjades l\u00e5ngt innan.<\/p>\n<p id=\"yui_3_12_0_2_1384879959315_829\">&#8221;Antikommunismen, islamofobin, den allm\u00e4nna fr\u00e4mlingsfientligheten, hatet mot homosexuella, antifeminismen, nationalismen, f\u00f6raktet f\u00f6r det politiskt korrekta, det vill s\u00e4ga demokratiska och humanistiska v\u00e4rderingar \u2013 allt det d\u00e4r \u00e4r ideologiska str\u00f6mningar som v\u00e4xer sig allt starkare, \u00f6verallt.<\/p>\n<p id=\"yui_3_12_0_2_1384879959315_837\"><strong id=\"yui_3_12_0_2_1384879959315_869\">Det \u00e4r en\u00a0<\/strong>v\u00e4rlds- och m\u00e4nniskosyn s\u00e5 etablerad, att FrP nu sitter i regeringen, samtidigt som\u00a0<strong id=\"yui_3_12_0_2_1384879959315_889\">Angela<\/strong><strong id=\"yui_3_12_0_2_1384879959315_919\">Merkel<\/strong>\u00a0och\u00a0<strong id=\"yui_3_12_0_2_1384879959315_921\">David<\/strong><strong id=\"yui_3_12_0_2_1384879959315_926\">Cameron<\/strong>\u00a0b\u00e5da vinner popularitet genom att f\u00f6rklara m\u00e5ngkulturen som misslyckad.&#8221;<\/p>\n<\/blockquote>\n<p>Angela Merkel och David Cameron f\u00e5r denna g\u00e5ngen finna sig i att inf\u00f6rlivas i klubben breivikare, d\u00e4r m\u00e5nga av oss andra redan befinner sig enligt den nedsmetningsmodell Linderborg anv\u00e4nder i sitt politiska ideologiserande. Linderborg var f\u00f6rst med detta efter h\u00e4ndelserna i Norge och forts\u00e4tter nu intrummandet s\u00e5 fort tillf\u00e4lle givs.<\/p>\n<p>Antifeminism? Om jag reagerar p\u00e5 element inom den moderna, dominerande radikalfeminismen, exempelvis\u00a0<a href=\"http:\/\/www.susannavaris.com\/blogg\/2013\/10\/kakan-hermansson-i-farten-igen\/\">manshatet<\/a>\u00a0och\u00a0<a href=\"http:\/\/bittergubben.wordpress.com\/2013\/11\/10\/charlotte-vainio-och-den-ovetenskapliga-genusvetenskapen\/\">ovetenskapligheten<\/a>\u00a0och tycker att dessa \u00e4r f\u00f6rkastliga,\u00a0delar jag d\u00e5 ideologi med Breivik, Linderborg? Genusvetenskap och Kakan \u00e4r pk att tycka om, hur blir dessa saker demokratiska och humanistiska? (Kakan tycker att manshat \u00e4r bra, genusvetenskapen \u00e4r i stora delar en <a href=\"http:\/\/kimhzabremersbodega.wordpress.com\/2013\/09\/22\/feminismens-ideologiska-akilleshal-stavas-humanism\/\">antihumanistisk ideologiproduktion<\/a>).<\/p>\n<p>Tidigare bloggposter p\u00e5 samma tema\u00a0<a href=\"http:\/\/www.susannavaris.com\/blogg\/2012\/05\/asa-linderborg-co-hjarntvatt-ab-del-iv\/\">h\u00e4r<\/a>,\u00a0<a href=\"http:\/\/www.susannavaris.com\/blogg\/2012\/04\/asa-linderborg-co-hjarntvatt-ab-del-iii\/\">h\u00e4r<\/a>,\u00a0<a href=\"http:\/\/www.susannavaris.com\/blogg\/2012\/04\/asa-linderborg-co-hjarntvatt-ab-del-2\/\">h\u00e4r<\/a>\u00a0och\u00a0<a href=\"http:\/\/www.susannavaris.com\/blogg\/2012\/04\/liderborg-co-hjarntvatt-ab\/\">h\u00e4r<\/a>.<\/p>\n<p>Lars Linder p\u00e5 DN faller in i samma <a href=\"http:\/\/www.dagensnyheter.se\/Articles\/2013\/11\/19\/Odesmattad-vag-mot-tragedin-pa-Utoya\/\">k\u00f6r<\/a>:<\/p>\n<blockquote><p><strong>&#8221;Och det \u00e4r<\/strong>\u00a0ju en ber\u00e4ttelse om \u2013 Europa. Om det allt starkare, alltmer artikulerade motst\u00e5ndet mot varje sorts m\u00e5ngfald, mot invandrare och romer, islam och feminism. Ett hat som nu v\u00e4xer \u00f6ver hela kontinenten och delvis livn\u00e4r sig just p\u00e5 skadade sj\u00e4lar som Breiviks.<\/p>\n<p>I ett s\u00e5dant vidare perspektiv ter sig hans g\u00e4rning p\u00e5 en g\u00e5ng mindre isolerad och mer hotfull, som ett illavarslande f\u00f6rebud om ett \u00e5terfall i en gammal europeisk ryggm\u00e4rgsskada. En ryckning i folkmordsnerven.<\/p>\n<p>Tv\u00e5 \u00e5r efter Ut\u00f8ya marscherar de p\u00e5 gatorna i Ungern, Ryssland och Grekland. Kring datorer i k\u00e4llare i Holland, England, Sverige och Norge bygger de vidare p\u00e5 sina f\u00f6rvridna v\u00e4rldsbilder och dr\u00f6mmer om blod som ska flyta.&#8221;<\/p><\/blockquote>\n<p>H\u00e4r kopplas motst\u00e5nd mot feminismen till inget mindre \u00e4n folkmord. Demokratiskt s\u00e5 det f\u00f6rsl\u00e5r. L\u00e4s g\u00e4rna om hur DN behandlar m\u00e4nniskor som vill komma in med repliker till rabulister som till exempel Henrik Arnstad hos\u00a0<a href=\"http:\/\/kimhzabremersbodega.wordpress.com\/2013\/11\/19\/mer-om-jamstalldisten-doris-lessing-dn-kulturs-accelererande-haveri-och-lysande-peggy-bruzelius-i-aktuellt\/\">Kimhza Bremer<\/a>.<\/p>\n<p>&nbsp;<\/p>\n<p>&nbsp;<\/p>\n","protected":false},"excerpt":{"rendered":"<p>I en recension\u00a0av \u00c5sne Seierstads nya bok om Anders Behring Breivik maler den linderborgska guilt-by-association-maskinen p\u00e5: &#8221;V\u00e4nstern d\u00e4remot, ser i Breivik en visserligen st\u00f6rd men politiskt medveten exponent f\u00f6r en antihumanistisk tidsanda. Han \u00e4r mer \u00e4n en enstaka tragisk h\u00e4ndelse; &hellip; <a href=\"http:\/\/www.susannavaris.com\/blogg\/2013\/11\/intet-nytt-fran-linderborg-fronten\/\">Forts\u00e4tt l\u00e4sa <span class=\"meta-nav\">&rarr;<\/span><\/a><\/p>\n","protected":false},"author":1,"featured_media":0,"comment_status":"open","ping_status":"open","sticky":false,"template":"","format":"standard","meta":{"footnotes":""},"categories":[178,1364,181,259,674,1321,1928,1162,589,1,590,403],"tags":[3670,3017,225,3669,1372,1353,3672,3671],"class_list":["post-11388","post","type-post","status-publish","format-standard","hentry","category-blodtryckshojare","category-bocker","category-feminism","category-genusvetenskap","category-historia","category-jamstalldhet","category-journalistik","category-kultur","category-medier","category-okategoriserade","category-politik","category-pseudovetenskap","tag-anders-behring-breivik","tag-antifeminism","tag-asa-linderborg","tag-asne-seierstad","tag-bok","tag-breivik","tag-guilt-by-association","tag-konservatism"],"_links":{"self":[{"href":"http:\/\/www.susannavaris.com\/blogg\/wp-json\/wp\/v2\/posts\/11388","targetHints":{"allow":["GET"]}}],"collection":[{"href":"http:\/\/www.susannavaris.com\/blogg\/wp-json\/wp\/v2\/posts"}],"about":[{"href":"http:\/\/www.susannavaris.com\/blogg\/wp-json\/wp\/v2\/types\/post"}],"author":[{"embeddable":true,"href":"http:\/\/www.susannavaris.com\/blogg\/wp-json\/wp\/v2\/users\/1"}],"replies":[{"embeddable":true,"href":"http:\/\/www.susannavaris.com\/blogg\/wp-json\/wp\/v2\/comments?post=11388"}],"version-history":[{"count":3,"href":"http:\/\/www.susannavaris.com\/blogg\/wp-json\/wp\/v2\/posts\/11388\/revisions"}],"predecessor-version":[{"id":11395,"href":"http:\/\/www.susannavaris.com\/blogg\/wp-json\/wp\/v2\/posts\/11388\/revisions\/11395"}],"wp:attachment":[{"href":"http:\/\/www.susannavaris.com\/blogg\/wp-json\/wp\/v2\/media?parent=11388"}],"wp:term":[{"taxonomy":"category","embeddable":true,"href":"http:\/\/www.susannavaris.com\/blogg\/wp-json\/wp\/v2\/categories?post=11388"},{"taxonomy":"post_tag","embeddable":true,"href":"http:\/\/www.susannavaris.com\/blogg\/wp-json\/wp\/v2\/tags?post=11388"}],"curies":[{"name":"wp","href":"https:\/\/api.w.org\/{rel}","templated":true}]}}