{"id":11396,"date":"2013-11-19T19:17:36","date_gmt":"2013-11-19T18:17:36","guid":{"rendered":"http:\/\/www.susannavaris.com\/blogg\/?p=11396"},"modified":"2013-11-19T19:19:29","modified_gmt":"2013-11-19T18:19:29","slug":"doris-lessing-om-den-moderna-feminismen","status":"publish","type":"post","link":"http:\/\/www.susannavaris.com\/blogg\/2013\/11\/doris-lessing-om-den-moderna-feminismen\/","title":{"rendered":"Doris Lessing om den moderna feminismen"},"content":{"rendered":"<p><a href=\"http:\/\/www.susannavaris.com\/blogg\/wp-content\/uploads\/2013\/11\/Doris-Lessing.jpg\"><img loading=\"lazy\" decoding=\"async\" class=\"aligncenter size-full wp-image-11398\" alt=\"Doris Lessing\" src=\"http:\/\/www.susannavaris.com\/blogg\/wp-content\/uploads\/2013\/11\/Doris-Lessing.jpg\" width=\"300\" height=\"381\" srcset=\"http:\/\/www.susannavaris.com\/blogg\/wp-content\/uploads\/2013\/11\/Doris-Lessing.jpg 300w, http:\/\/www.susannavaris.com\/blogg\/wp-content\/uploads\/2013\/11\/Doris-Lessing-236x300.jpg 236w\" sizes=\"auto, (max-width: 300px) 100vw, 300px\" \/><\/a><\/p>\n<p style=\"text-align: center;\"><em>Doris Lessing<\/em><\/p>\n<p>Ekvalist skriver\u00a0<a href=\"http:\/\/ekvalist.blogspot.se\/2013\/11\/doris-lessing-om-mansforaktet.html\">i detta utm\u00e4rkta inl\u00e4gg<\/a>\u00a0om den kritik som den nyligen avlidna f\u00f6rfattaren och nobelpristagaren Doris Lessing riktat mot den moderna feminismen. Mycket l\u00e4sv\u00e4rt!<\/p>\n","protected":false},"excerpt":{"rendered":"<p>Doris Lessing Ekvalist skriver\u00a0i detta utm\u00e4rkta inl\u00e4gg\u00a0om den kritik som den nyligen avlidna f\u00f6rfattaren och nobelpristagaren Doris Lessing riktat mot den moderna feminismen. Mycket l\u00e4sv\u00e4rt!<\/p>\n","protected":false},"author":1,"featured_media":0,"comment_status":"open","ping_status":"open","sticky":false,"template":"","format":"standard","meta":{"footnotes":""},"categories":[181,1321,1162,1,590],"tags":[3674,3673,4900,3621,2546],"class_list":["post-11396","post","type-post","status-publish","format-standard","hentry","category-feminism","category-jamstalldhet","category-kultur","category-okategoriserade","category-politik","tag-doris-lessing","tag-ekvalist","tag-feminism","tag-feminismkritik","tag-nobel"],"_links":{"self":[{"href":"http:\/\/www.susannavaris.com\/blogg\/wp-json\/wp\/v2\/posts\/11396","targetHints":{"allow":["GET"]}}],"collection":[{"href":"http:\/\/www.susannavaris.com\/blogg\/wp-json\/wp\/v2\/posts"}],"about":[{"href":"http:\/\/www.susannavaris.com\/blogg\/wp-json\/wp\/v2\/types\/post"}],"author":[{"embeddable":true,"href":"http:\/\/www.susannavaris.com\/blogg\/wp-json\/wp\/v2\/users\/1"}],"replies":[{"embeddable":true,"href":"http:\/\/www.susannavaris.com\/blogg\/wp-json\/wp\/v2\/comments?post=11396"}],"version-history":[{"count":2,"href":"http:\/\/www.susannavaris.com\/blogg\/wp-json\/wp\/v2\/posts\/11396\/revisions"}],"predecessor-version":[{"id":11399,"href":"http:\/\/www.susannavaris.com\/blogg\/wp-json\/wp\/v2\/posts\/11396\/revisions\/11399"}],"wp:attachment":[{"href":"http:\/\/www.susannavaris.com\/blogg\/wp-json\/wp\/v2\/media?parent=11396"}],"wp:term":[{"taxonomy":"category","embeddable":true,"href":"http:\/\/www.susannavaris.com\/blogg\/wp-json\/wp\/v2\/categories?post=11396"},{"taxonomy":"post_tag","embeddable":true,"href":"http:\/\/www.susannavaris.com\/blogg\/wp-json\/wp\/v2\/tags?post=11396"}],"curies":[{"name":"wp","href":"https:\/\/api.w.org\/{rel}","templated":true}]}}