{"id":11444,"date":"2013-11-23T13:25:36","date_gmt":"2013-11-23T12:25:36","guid":{"rendered":"http:\/\/www.susannavaris.com\/blogg\/?p=11444"},"modified":"2013-11-24T11:09:24","modified_gmt":"2013-11-24T10:09:24","slug":"black-sabbath-pa-friends-arena","status":"publish","type":"post","link":"http:\/\/www.susannavaris.com\/blogg\/2013\/11\/black-sabbath-pa-friends-arena\/","title":{"rendered":"Black Sabbath p\u00e5 Friends arena"},"content":{"rendered":"<p>Ig\u00e5r var det Black Sabbath p\u00e5 Friends arena och vi skulle str\u00e5la samman p\u00e5 FoKo-utst\u00e4llningen p\u00e5 MOOD med v\u00e4nnerna Eija och Mika fr\u00e5n Sollefte\u00e5 p\u00e5 eftermiddagen. Trafiken norrifr\u00e5n in mot stan visade sig vara i t\u00e4taste laget och m\u00f6tet blev n\u00e5got senare \u00e4n ber\u00e4knat. Uffe och jag h\u00e4ngde runt p\u00e5 FoKo vid tre-, fyra-tiden, d\u00e5 Eija och Mika bara hunnit till Solna, s\u00e5 vi besl\u00f6t oss f\u00f6r att ta en matbit p\u00e5 en indier i n\u00e4rheten. Tv\u00e5 timmar senare var v\u00e4nnerna redan p\u00e5 MOOD, d\u00e5 vi fortfarande var upptagna med kaffe och kulfi&#8230;en liten stressfylld utryckning senare:<\/p>\n<p style=\"text-align: center;\"><a href=\"http:\/\/www.susannavaris.com\/blogg\/wp-content\/uploads\/2013\/11\/042.jpg\"><img loading=\"lazy\" decoding=\"async\" class=\"aligncenter size-full wp-image-11445\" alt=\"042\" src=\"http:\/\/www.susannavaris.com\/blogg\/wp-content\/uploads\/2013\/11\/042.jpg\" width=\"2816\" height=\"2112\" srcset=\"http:\/\/www.susannavaris.com\/blogg\/wp-content\/uploads\/2013\/11\/042.jpg 2816w, http:\/\/www.susannavaris.com\/blogg\/wp-content\/uploads\/2013\/11\/042-300x225.jpg 300w, http:\/\/www.susannavaris.com\/blogg\/wp-content\/uploads\/2013\/11\/042-1024x768.jpg 1024w\" sizes=\"auto, (max-width: 2816px) 100vw, 2816px\" \/><\/a>\u00a0<em>Eija och Mika. Eija \u00e4r kvinnan bakom bloggen\u00a0<a href=\"http:\/\/norrfrid.blogspot.se\/\">Norrfrid<\/a>&#8230;<\/em><\/p>\n<p style=\"text-align: center;\"><a href=\"http:\/\/www.susannavaris.com\/blogg\/wp-content\/uploads\/2013\/11\/039-stefan.jpg\"><img loading=\"lazy\" decoding=\"async\" class=\"aligncenter size-full wp-image-11446\" alt=\"039-stefan\" src=\"http:\/\/www.susannavaris.com\/blogg\/wp-content\/uploads\/2013\/11\/039-stefan.jpg\" width=\"1433\" height=\"1930\" srcset=\"http:\/\/www.susannavaris.com\/blogg\/wp-content\/uploads\/2013\/11\/039-stefan.jpg 1433w, http:\/\/www.susannavaris.com\/blogg\/wp-content\/uploads\/2013\/11\/039-stefan-222x300.jpg 222w, http:\/\/www.susannavaris.com\/blogg\/wp-content\/uploads\/2013\/11\/039-stefan-760x1024.jpg 760w\" sizes=\"auto, (max-width: 1433px) 100vw, 1433px\" \/><\/a>\u00a0<em>En ny, fin tygskulptur av Stefan Thunstr\u00f6m v\u00e4ntar p\u00e5 att h\u00e4ngas upp p\u00e5 FoKo&#8230;<\/em><\/p>\n<p style=\"text-align: center;\"><a href=\"http:\/\/www.susannavaris.com\/blogg\/wp-content\/uploads\/2013\/11\/044-diff.jpg\"><img loading=\"lazy\" decoding=\"async\" class=\"aligncenter size-full wp-image-11447\" alt=\"044-diff\" src=\"http:\/\/www.susannavaris.com\/blogg\/wp-content\/uploads\/2013\/11\/044-diff.jpg\" width=\"2536\" height=\"1946\" srcset=\"http:\/\/www.susannavaris.com\/blogg\/wp-content\/uploads\/2013\/11\/044-diff.jpg 2536w, http:\/\/www.susannavaris.com\/blogg\/wp-content\/uploads\/2013\/11\/044-diff-300x230.jpg 300w, http:\/\/www.susannavaris.com\/blogg\/wp-content\/uploads\/2013\/11\/044-diff-1024x785.jpg 1024w\" sizes=\"auto, (max-width: 2536px) 100vw, 2536px\" \/><\/a> <a href=\"http:\/\/www.susannavaris.com\/blogg\/wp-content\/uploads\/2013\/11\/045.jpg\"><img loading=\"lazy\" decoding=\"async\" class=\"aligncenter size-full wp-image-11448\" alt=\"045\" src=\"http:\/\/www.susannavaris.com\/blogg\/wp-content\/uploads\/2013\/11\/045.jpg\" width=\"2816\" height=\"2112\" srcset=\"http:\/\/www.susannavaris.com\/blogg\/wp-content\/uploads\/2013\/11\/045.jpg 2816w, http:\/\/www.susannavaris.com\/blogg\/wp-content\/uploads\/2013\/11\/045-300x225.jpg 300w, http:\/\/www.susannavaris.com\/blogg\/wp-content\/uploads\/2013\/11\/045-1024x768.jpg 1024w\" sizes=\"auto, (max-width: 2816px) 100vw, 2816px\" \/><\/a>\u00a0<em>Kort senare, p\u00e5 en sportbar i Solna&#8230;<\/em><\/p>\n<p style=\"text-align: center;\"><a href=\"http:\/\/www.susannavaris.com\/blogg\/wp-content\/uploads\/2013\/11\/046-crop.jpg\"><img loading=\"lazy\" decoding=\"async\" class=\"aligncenter size-full wp-image-11449\" alt=\"046-crop\" src=\"http:\/\/www.susannavaris.com\/blogg\/wp-content\/uploads\/2013\/11\/046-crop.jpg\" width=\"943\" height=\"609\" srcset=\"http:\/\/www.susannavaris.com\/blogg\/wp-content\/uploads\/2013\/11\/046-crop.jpg 943w, http:\/\/www.susannavaris.com\/blogg\/wp-content\/uploads\/2013\/11\/046-crop-300x193.jpg 300w\" sizes=\"auto, (max-width: 943px) 100vw, 943px\" \/><\/a> <a href=\"http:\/\/www.susannavaris.com\/blogg\/wp-content\/uploads\/2013\/11\/047-crop.jpg\"><img loading=\"lazy\" decoding=\"async\" class=\"aligncenter size-full wp-image-11450\" alt=\"047-crop\" src=\"http:\/\/www.susannavaris.com\/blogg\/wp-content\/uploads\/2013\/11\/047-crop.jpg\" width=\"1245\" height=\"657\" srcset=\"http:\/\/www.susannavaris.com\/blogg\/wp-content\/uploads\/2013\/11\/047-crop.jpg 1245w, http:\/\/www.susannavaris.com\/blogg\/wp-content\/uploads\/2013\/11\/047-crop-300x158.jpg 300w, http:\/\/www.susannavaris.com\/blogg\/wp-content\/uploads\/2013\/11\/047-crop-1024x540.jpg 1024w\" sizes=\"auto, (max-width: 1245px) 100vw, 1245px\" \/><\/a> <a href=\"http:\/\/www.susannavaris.com\/blogg\/wp-content\/uploads\/2013\/11\/048.jpg\"><img loading=\"lazy\" decoding=\"async\" class=\"aligncenter size-full wp-image-11451\" alt=\"048\" src=\"http:\/\/www.susannavaris.com\/blogg\/wp-content\/uploads\/2013\/11\/048.jpg\" width=\"1611\" height=\"1047\" srcset=\"http:\/\/www.susannavaris.com\/blogg\/wp-content\/uploads\/2013\/11\/048.jpg 1611w, http:\/\/www.susannavaris.com\/blogg\/wp-content\/uploads\/2013\/11\/048-300x194.jpg 300w, http:\/\/www.susannavaris.com\/blogg\/wp-content\/uploads\/2013\/11\/048-1024x665.jpg 1024w\" sizes=\"auto, (max-width: 1611px) 100vw, 1611px\" \/><\/a> <a href=\"http:\/\/www.susannavaris.com\/blogg\/wp-content\/uploads\/2013\/11\/049.jpg\"><img loading=\"lazy\" decoding=\"async\" class=\"aligncenter size-full wp-image-11452\" alt=\"049\" src=\"http:\/\/www.susannavaris.com\/blogg\/wp-content\/uploads\/2013\/11\/049.jpg\" width=\"1879\" height=\"1242\" srcset=\"http:\/\/www.susannavaris.com\/blogg\/wp-content\/uploads\/2013\/11\/049.jpg 1879w, http:\/\/www.susannavaris.com\/blogg\/wp-content\/uploads\/2013\/11\/049-300x198.jpg 300w, http:\/\/www.susannavaris.com\/blogg\/wp-content\/uploads\/2013\/11\/049-1024x676.jpg 1024w\" sizes=\"auto, (max-width: 1879px) 100vw, 1879px\" \/><\/a> <a href=\"http:\/\/www.susannavaris.com\/blogg\/wp-content\/uploads\/2013\/11\/050-crop.jpg\"><img loading=\"lazy\" decoding=\"async\" class=\"aligncenter size-full wp-image-11453\" alt=\"050-crop\" src=\"http:\/\/www.susannavaris.com\/blogg\/wp-content\/uploads\/2013\/11\/050-crop.jpg\" width=\"1722\" height=\"1012\" srcset=\"http:\/\/www.susannavaris.com\/blogg\/wp-content\/uploads\/2013\/11\/050-crop.jpg 1722w, http:\/\/www.susannavaris.com\/blogg\/wp-content\/uploads\/2013\/11\/050-crop-300x176.jpg 300w, http:\/\/www.susannavaris.com\/blogg\/wp-content\/uploads\/2013\/11\/050-crop-1024x601.jpg 1024w\" sizes=\"auto, (max-width: 1722px) 100vw, 1722px\" \/><\/a><\/p>\n<p style=\"text-align: center;\"><em>Bilder fr\u00e5n konserten tagna med crappy-kompaktkameran&#8230;<\/em><\/p>\n<p style=\"text-align: left;\">Vi anl\u00e4nde precis i tid f\u00f6r Black Sabbath och vilken konsert det var! Ett par l\u00e5tar fr\u00e5n det nya albumet och en kavalkad av de gamla klassikerna vars m\u00e4ktighet har n\u00e4rmast \u00f6vernaturliga dimensioner. S\u00e5 otroligt fint att f\u00e5 h\u00f6ra alla p\u00e4rlorna live och med n\u00e4stan originalupps\u00e4ttningen. Trummisen Tommy Clufetos ers\u00e4tter Bill Ward p\u00e5 turn\u00e9en och visade upp sina f\u00e4rdigheter under ett mycket intrikat trumsolo mot slutet av setet. Ozzy Osbourne \u00e4r i fin form och lyckas till slut dra med den inledningsvis sm\u00e5stela publiken p\u00e5 sitt galna t\u00e5g. Introt till Black Sabbath fick h\u00e5ret att resa sig p\u00e5 mina armar och kalla k\u00e5rar att ila l\u00e4ngs min rygg, det var magiskt. P\u00e5 sk\u00e4rmarna bakom scenen kunde man sj\u00e4lvklart f\u00f6lja bandmedlemmarna, men d\u00e4r spelades ocks\u00e5 olika, surrealistiska scenerier upp, m\u00e5nga p\u00e5 tema skr\u00e4ck. Under l\u00e5ten Dirty Women fylldes sk\u00e4rmarna av skabr\u00f6sa damer av alla de slag med en viss Bettie Page i spetsen, en samling visuella effekter som knappast hade godk\u00e4nts av statens genusideologiska institut (ganska befriande, med andra ord). Tack Sabbath f\u00f6r en fantastisk konsert, jag \u00e4r sj\u00e4laglad \u00f6ver att jag hann se er medan tid \u00e4r!<\/p>\n<p style=\"text-align: left;\">&#8211; : &#8211; : &#8211; : &#8211;<\/p>\n<p style=\"text-align: left;\">Uffe recenserar konserten p\u00e5 Blaskan blogg\u00a0<a href=\"http:\/\/blogg.blaskan.nu\/2013\/11\/23\/uffe-gluttar-pa-black-sabbath-friends-arena\/\">h\u00e4r<\/a>.<\/p>\n<p style=\"text-align: left;\"><a href=\"http:\/\/www.svd.se\/kultur\/scen\/ozzy-ser-ut-som-en-aldre-dam-pa-vattengympa-sa-var-black-sabbath-i-stockholm_8757124.svd\">SvD<\/a><\/p>\n<p style=\"text-align: left;\"><a href=\"http:\/\/www.expressen.se\/noje\/musik\/carlsson-ar-dar-black-sabbaths-magi-sitter\/\">Expressen<\/a><\/p>\n<p style=\"text-align: left;\"><a href=\"http:\/\/hbl.fi\/kultur\/2013-11-21\/529951\/black-sabbath-i-sitt-livs-form\">Hufvudstadsbladet<\/a><\/p>\n","protected":false},"excerpt":{"rendered":"<p>Ig\u00e5r var det Black Sabbath p\u00e5 Friends arena och vi skulle str\u00e5la samman p\u00e5 FoKo-utst\u00e4llningen p\u00e5 MOOD med v\u00e4nnerna Eija och Mika fr\u00e5n Sollefte\u00e5 p\u00e5 eftermiddagen. Trafiken norrifr\u00e5n in mot stan visade sig vara i t\u00e4taste laget och m\u00f6tet blev &hellip; <a href=\"http:\/\/www.susannavaris.com\/blogg\/2013\/11\/black-sabbath-pa-friends-arena\/\">Forts\u00e4tt l\u00e4sa <span class=\"meta-nav\">&rarr;<\/span><\/a><\/p>\n","protected":false},"author":1,"featured_media":0,"comment_status":"open","ping_status":"open","sticky":false,"template":"","format":"standard","meta":{"footnotes":""},"categories":[7,1419,3,1162,415,994,1,2262,4],"tags":[3683,205,4913,3684,4920,3666,4915,1177,3685,2059,122],"class_list":["post-11444","post","type-post","status-publish","format-standard","hentry","category-egna-verk","category-konsert","category-konst","category-kultur","category-lowbrow","category-musik","category-okategoriserade","category-pop-surrealism","category-utstallning","tag-black-sabbath","tag-fo-ko","tag-foko","tag-friends-arena","tag-konsert","tag-mood","tag-musik","tag-norrfrid","tag-solna","tag-sportbar","tag-utstallning-2"],"_links":{"self":[{"href":"http:\/\/www.susannavaris.com\/blogg\/wp-json\/wp\/v2\/posts\/11444","targetHints":{"allow":["GET"]}}],"collection":[{"href":"http:\/\/www.susannavaris.com\/blogg\/wp-json\/wp\/v2\/posts"}],"about":[{"href":"http:\/\/www.susannavaris.com\/blogg\/wp-json\/wp\/v2\/types\/post"}],"author":[{"embeddable":true,"href":"http:\/\/www.susannavaris.com\/blogg\/wp-json\/wp\/v2\/users\/1"}],"replies":[{"embeddable":true,"href":"http:\/\/www.susannavaris.com\/blogg\/wp-json\/wp\/v2\/comments?post=11444"}],"version-history":[{"count":4,"href":"http:\/\/www.susannavaris.com\/blogg\/wp-json\/wp\/v2\/posts\/11444\/revisions"}],"predecessor-version":[{"id":11489,"href":"http:\/\/www.susannavaris.com\/blogg\/wp-json\/wp\/v2\/posts\/11444\/revisions\/11489"}],"wp:attachment":[{"href":"http:\/\/www.susannavaris.com\/blogg\/wp-json\/wp\/v2\/media?parent=11444"}],"wp:term":[{"taxonomy":"category","embeddable":true,"href":"http:\/\/www.susannavaris.com\/blogg\/wp-json\/wp\/v2\/categories?post=11444"},{"taxonomy":"post_tag","embeddable":true,"href":"http:\/\/www.susannavaris.com\/blogg\/wp-json\/wp\/v2\/tags?post=11444"}],"curies":[{"name":"wp","href":"https:\/\/api.w.org\/{rel}","templated":true}]}}