{"id":11490,"date":"2013-11-24T22:23:42","date_gmt":"2013-11-24T21:23:42","guid":{"rendered":"http:\/\/www.susannavaris.com\/blogg\/?p=11490"},"modified":"2013-11-24T22:23:42","modified_gmt":"2013-11-24T21:23:42","slug":"isheden-maria-eleonora-och-foko","status":"publish","type":"post","link":"http:\/\/www.susannavaris.com\/blogg\/2013\/11\/isheden-maria-eleonora-och-foko\/","title":{"rendered":"Isheden, Maria-Eleonora och FoKo"},"content":{"rendered":"<p>Idag var det digert program med bes\u00f6k hos Per-Inge Isheden p\u00e5 Galleri Movitz p\u00e5 Hornsgatspuckeln, utst\u00e4llningen om Maria-Eleonora p\u00e5 Livrustkammaren och nedh\u00e4ngning p\u00e5 FoKo.<\/p>\n<p style=\"text-align: center;\"><a href=\"http:\/\/www.susannavaris.com\/blogg\/wp-content\/uploads\/2013\/11\/DSC_0434-crop.jpg\"><img loading=\"lazy\" decoding=\"async\" class=\"aligncenter size-full wp-image-11491\" alt=\"DSC_0434-crop\" src=\"http:\/\/www.susannavaris.com\/blogg\/wp-content\/uploads\/2013\/11\/DSC_0434-crop.jpg\" width=\"2841\" height=\"1752\" srcset=\"http:\/\/www.susannavaris.com\/blogg\/wp-content\/uploads\/2013\/11\/DSC_0434-crop.jpg 2841w, http:\/\/www.susannavaris.com\/blogg\/wp-content\/uploads\/2013\/11\/DSC_0434-crop-300x185.jpg 300w, http:\/\/www.susannavaris.com\/blogg\/wp-content\/uploads\/2013\/11\/DSC_0434-crop-1024x631.jpg 1024w\" sizes=\"auto, (max-width: 2841px) 100vw, 2841px\" \/><\/a> <a href=\"http:\/\/www.susannavaris.com\/blogg\/wp-content\/uploads\/2013\/11\/DSC_0879-50.jpg\"><img loading=\"lazy\" decoding=\"async\" class=\"aligncenter size-full wp-image-11492\" alt=\"DSC_0879-50\" src=\"http:\/\/www.susannavaris.com\/blogg\/wp-content\/uploads\/2013\/11\/DSC_0879-50.jpg\" width=\"2304\" height=\"1536\" srcset=\"http:\/\/www.susannavaris.com\/blogg\/wp-content\/uploads\/2013\/11\/DSC_0879-50.jpg 2304w, http:\/\/www.susannavaris.com\/blogg\/wp-content\/uploads\/2013\/11\/DSC_0879-50-300x200.jpg 300w, http:\/\/www.susannavaris.com\/blogg\/wp-content\/uploads\/2013\/11\/DSC_0879-50-1024x682.jpg 1024w\" sizes=\"auto, (max-width: 2304px) 100vw, 2304px\" \/><\/a> <a href=\"http:\/\/www.susannavaris.com\/blogg\/wp-content\/uploads\/2013\/11\/DSC_0880-50.jpg\"><img loading=\"lazy\" decoding=\"async\" class=\"aligncenter size-full wp-image-11493\" alt=\"DSC_0880-50\" src=\"http:\/\/www.susannavaris.com\/blogg\/wp-content\/uploads\/2013\/11\/DSC_0880-50.jpg\" width=\"1536\" height=\"2304\" srcset=\"http:\/\/www.susannavaris.com\/blogg\/wp-content\/uploads\/2013\/11\/DSC_0880-50.jpg 1536w, http:\/\/www.susannavaris.com\/blogg\/wp-content\/uploads\/2013\/11\/DSC_0880-50-200x300.jpg 200w, http:\/\/www.susannavaris.com\/blogg\/wp-content\/uploads\/2013\/11\/DSC_0880-50-682x1024.jpg 682w\" sizes=\"auto, (max-width: 1536px) 100vw, 1536px\" \/><\/a> <a href=\"http:\/\/www.susannavaris.com\/blogg\/wp-content\/uploads\/2013\/11\/DSC_0881-50.jpg\"><img loading=\"lazy\" decoding=\"async\" class=\"aligncenter size-full wp-image-11494\" alt=\"DSC_0881-50\" src=\"http:\/\/www.susannavaris.com\/blogg\/wp-content\/uploads\/2013\/11\/DSC_0881-50.jpg\" width=\"2081\" height=\"1329\" srcset=\"http:\/\/www.susannavaris.com\/blogg\/wp-content\/uploads\/2013\/11\/DSC_0881-50.jpg 2081w, http:\/\/www.susannavaris.com\/blogg\/wp-content\/uploads\/2013\/11\/DSC_0881-50-300x191.jpg 300w, http:\/\/www.susannavaris.com\/blogg\/wp-content\/uploads\/2013\/11\/DSC_0881-50-1024x653.jpg 1024w\" sizes=\"auto, (max-width: 2081px) 100vw, 2081px\" \/><\/a> <a href=\"http:\/\/www.susannavaris.com\/blogg\/wp-content\/uploads\/2013\/11\/DSC_0882-50.jpg\"><img loading=\"lazy\" decoding=\"async\" class=\"aligncenter size-full wp-image-11495\" alt=\"DSC_0882-50\" src=\"http:\/\/www.susannavaris.com\/blogg\/wp-content\/uploads\/2013\/11\/DSC_0882-50.jpg\" width=\"2146\" height=\"1356\" srcset=\"http:\/\/www.susannavaris.com\/blogg\/wp-content\/uploads\/2013\/11\/DSC_0882-50.jpg 2146w, http:\/\/www.susannavaris.com\/blogg\/wp-content\/uploads\/2013\/11\/DSC_0882-50-300x189.jpg 300w, http:\/\/www.susannavaris.com\/blogg\/wp-content\/uploads\/2013\/11\/DSC_0882-50-1024x647.jpg 1024w\" sizes=\"auto, (max-width: 2146px) 100vw, 2146px\" \/><\/a>\u00a0<em>Alltid lika trevligt att tr\u00e4ffa Per-Inge, vars unika stil g\u00e5r hem hos de flesta.<\/em><\/p>\n<p style=\"text-align: center;\"><a href=\"http:\/\/www.susannavaris.com\/blogg\/wp-content\/uploads\/2013\/11\/DSC_0883-50.jpg\"><img loading=\"lazy\" decoding=\"async\" class=\"aligncenter size-full wp-image-11496\" alt=\"DSC_0883-50\" src=\"http:\/\/www.susannavaris.com\/blogg\/wp-content\/uploads\/2013\/11\/DSC_0883-50.jpg\" width=\"1703\" height=\"1030\" srcset=\"http:\/\/www.susannavaris.com\/blogg\/wp-content\/uploads\/2013\/11\/DSC_0883-50.jpg 1703w, http:\/\/www.susannavaris.com\/blogg\/wp-content\/uploads\/2013\/11\/DSC_0883-50-300x181.jpg 300w, http:\/\/www.susannavaris.com\/blogg\/wp-content\/uploads\/2013\/11\/DSC_0883-50-1024x619.jpg 1024w\" sizes=\"auto, (max-width: 1703px) 100vw, 1703px\" \/><\/a><em>\u00a0Jag studsade till vid denna r\u00e5tta, som vid n\u00e4rmare inspektion visade sig vara av j\u00e4rn, mittemot galleriet&#8230;<\/em><\/p>\n<p style=\"text-align: center;\"><a href=\"http:\/\/www.susannavaris.com\/blogg\/wp-content\/uploads\/2013\/11\/DSC_0885-50.jpg\"><img loading=\"lazy\" decoding=\"async\" class=\"aligncenter size-full wp-image-11497\" alt=\"DSC_0885-50\" src=\"http:\/\/www.susannavaris.com\/blogg\/wp-content\/uploads\/2013\/11\/DSC_0885-50.jpg\" width=\"1481\" height=\"1427\" srcset=\"http:\/\/www.susannavaris.com\/blogg\/wp-content\/uploads\/2013\/11\/DSC_0885-50.jpg 1481w, http:\/\/www.susannavaris.com\/blogg\/wp-content\/uploads\/2013\/11\/DSC_0885-50-300x289.jpg 300w, http:\/\/www.susannavaris.com\/blogg\/wp-content\/uploads\/2013\/11\/DSC_0885-50-1024x986.jpg 1024w\" sizes=\"auto, (max-width: 1481px) 100vw, 1481px\" \/><\/a> <a href=\"http:\/\/www.susannavaris.com\/blogg\/wp-content\/uploads\/2013\/11\/DSC_0886-50.jpg\"><img loading=\"lazy\" decoding=\"async\" class=\"aligncenter size-full wp-image-11498\" alt=\"DSC_0886-50\" src=\"http:\/\/www.susannavaris.com\/blogg\/wp-content\/uploads\/2013\/11\/DSC_0886-50.jpg\" width=\"2304\" height=\"1536\" srcset=\"http:\/\/www.susannavaris.com\/blogg\/wp-content\/uploads\/2013\/11\/DSC_0886-50.jpg 2304w, http:\/\/www.susannavaris.com\/blogg\/wp-content\/uploads\/2013\/11\/DSC_0886-50-300x200.jpg 300w, http:\/\/www.susannavaris.com\/blogg\/wp-content\/uploads\/2013\/11\/DSC_0886-50-1024x682.jpg 1024w\" sizes=\"auto, (max-width: 2304px) 100vw, 2304px\" \/><\/a><em>\u00a0Galleriet och Hornsgatspuckeln&#8230;<\/em><\/p>\n<p style=\"text-align: center;\"><a href=\"http:\/\/www.susannavaris.com\/blogg\/wp-content\/uploads\/2013\/11\/DSC_0887-50.jpg\"><img loading=\"lazy\" decoding=\"async\" class=\"aligncenter size-full wp-image-11499\" alt=\"DSC_0887-50\" src=\"http:\/\/www.susannavaris.com\/blogg\/wp-content\/uploads\/2013\/11\/DSC_0887-50.jpg\" width=\"2304\" height=\"1536\" srcset=\"http:\/\/www.susannavaris.com\/blogg\/wp-content\/uploads\/2013\/11\/DSC_0887-50.jpg 2304w, http:\/\/www.susannavaris.com\/blogg\/wp-content\/uploads\/2013\/11\/DSC_0887-50-300x200.jpg 300w, http:\/\/www.susannavaris.com\/blogg\/wp-content\/uploads\/2013\/11\/DSC_0887-50-1024x682.jpg 1024w\" sizes=\"auto, (max-width: 2304px) 100vw, 2304px\" \/><\/a>\u00a0<em>St:a Maria Magdalena kyrka, flankerad av en vidpinad existens med \u00f6lburkar i h\u00e4nderna och som gormade \u00e5t oss att man minsann inte f\u00e5r g\u00e5 runt och fotografera byggnader hursomhelst&#8230;<\/em><\/p>\n<p style=\"text-align: center;\"><a href=\"http:\/\/www.susannavaris.com\/blogg\/wp-content\/uploads\/2013\/11\/DSC_0889-50.jpg\"><img loading=\"lazy\" decoding=\"async\" class=\"aligncenter size-full wp-image-11500\" alt=\"DSC_0889-50\" src=\"http:\/\/www.susannavaris.com\/blogg\/wp-content\/uploads\/2013\/11\/DSC_0889-50.jpg\" width=\"2304\" height=\"1536\" srcset=\"http:\/\/www.susannavaris.com\/blogg\/wp-content\/uploads\/2013\/11\/DSC_0889-50.jpg 2304w, http:\/\/www.susannavaris.com\/blogg\/wp-content\/uploads\/2013\/11\/DSC_0889-50-300x200.jpg 300w, http:\/\/www.susannavaris.com\/blogg\/wp-content\/uploads\/2013\/11\/DSC_0889-50-1024x682.jpg 1024w\" sizes=\"auto, (max-width: 2304px) 100vw, 2304px\" \/><\/a>\u00a0<em>Efter en lunch p\u00e5 Samrat of India begav vi oss mot slottet. Julmarknad p\u00e5 Stortorget&#8230;<\/em><\/p>\n<p style=\"text-align: center;\"><a href=\"http:\/\/www.susannavaris.com\/blogg\/wp-content\/uploads\/2013\/11\/DSC_0902-50.jpg\"><img loading=\"lazy\" decoding=\"async\" class=\"aligncenter size-full wp-image-11501\" alt=\"DSC_0902-50\" src=\"http:\/\/www.susannavaris.com\/blogg\/wp-content\/uploads\/2013\/11\/DSC_0902-50.jpg\" width=\"1529\" height=\"2115\" srcset=\"http:\/\/www.susannavaris.com\/blogg\/wp-content\/uploads\/2013\/11\/DSC_0902-50.jpg 1529w, http:\/\/www.susannavaris.com\/blogg\/wp-content\/uploads\/2013\/11\/DSC_0902-50-216x300.jpg 216w, http:\/\/www.susannavaris.com\/blogg\/wp-content\/uploads\/2013\/11\/DSC_0902-50-740x1024.jpg 740w\" sizes=\"auto, (max-width: 1529px) 100vw, 1529px\" \/><\/a>\u00a0<em>Hj\u00e4rtats drottning<\/em><\/p>\n<p style=\"text-align: center;\"><a href=\"http:\/\/www.susannavaris.com\/blogg\/wp-content\/uploads\/2013\/11\/DSC_0892-50.jpg\"><img loading=\"lazy\" decoding=\"async\" class=\"aligncenter size-full wp-image-11502\" alt=\"DSC_0892-50\" src=\"http:\/\/www.susannavaris.com\/blogg\/wp-content\/uploads\/2013\/11\/DSC_0892-50.jpg\" width=\"1739\" height=\"1382\" srcset=\"http:\/\/www.susannavaris.com\/blogg\/wp-content\/uploads\/2013\/11\/DSC_0892-50.jpg 1739w, http:\/\/www.susannavaris.com\/blogg\/wp-content\/uploads\/2013\/11\/DSC_0892-50-300x238.jpg 300w, http:\/\/www.susannavaris.com\/blogg\/wp-content\/uploads\/2013\/11\/DSC_0892-50-1024x813.jpg 1024w\" sizes=\"auto, (max-width: 1739px) 100vw, 1739px\" \/><\/a> <a href=\"http:\/\/www.susannavaris.com\/blogg\/wp-content\/uploads\/2013\/11\/DSC_0893-50.jpg\"><img loading=\"lazy\" decoding=\"async\" class=\"aligncenter size-full wp-image-11503\" alt=\"DSC_0893-50\" src=\"http:\/\/www.susannavaris.com\/blogg\/wp-content\/uploads\/2013\/11\/DSC_0893-50.jpg\" width=\"1359\" height=\"1944\" srcset=\"http:\/\/www.susannavaris.com\/blogg\/wp-content\/uploads\/2013\/11\/DSC_0893-50.jpg 1359w, http:\/\/www.susannavaris.com\/blogg\/wp-content\/uploads\/2013\/11\/DSC_0893-50-209x300.jpg 209w, http:\/\/www.susannavaris.com\/blogg\/wp-content\/uploads\/2013\/11\/DSC_0893-50-715x1024.jpg 715w\" sizes=\"auto, (max-width: 1359px) 100vw, 1359px\" \/><\/a>\u00a0Utst\u00e4llningen med Maria Eleonora var mycket liten, men sj\u00e4lvklart fanns de genuspedagogiska pekpinnarna p\u00e5 plats&#8230;<\/p>\n<p style=\"text-align: center;\"><a href=\"http:\/\/www.susannavaris.com\/blogg\/wp-content\/uploads\/2013\/11\/DSC_0894-50.jpg\"><img loading=\"lazy\" decoding=\"async\" class=\"aligncenter size-full wp-image-11504\" alt=\"DSC_0894-50\" src=\"http:\/\/www.susannavaris.com\/blogg\/wp-content\/uploads\/2013\/11\/DSC_0894-50.jpg\" width=\"1895\" height=\"1177\" srcset=\"http:\/\/www.susannavaris.com\/blogg\/wp-content\/uploads\/2013\/11\/DSC_0894-50.jpg 1895w, http:\/\/www.susannavaris.com\/blogg\/wp-content\/uploads\/2013\/11\/DSC_0894-50-300x186.jpg 300w, http:\/\/www.susannavaris.com\/blogg\/wp-content\/uploads\/2013\/11\/DSC_0894-50-1024x636.jpg 1024w\" sizes=\"auto, (max-width: 1895px) 100vw, 1895px\" \/><\/a><\/p>\n<p style=\"text-align: center;\"><a href=\"http:\/\/www.susannavaris.com\/blogg\/wp-content\/uploads\/2013\/11\/DSC_0901-50.jpg\"><img loading=\"lazy\" decoding=\"async\" class=\"aligncenter size-full wp-image-11506\" alt=\"DSC_0901-50\" src=\"http:\/\/www.susannavaris.com\/blogg\/wp-content\/uploads\/2013\/11\/DSC_0901-50.jpg\" width=\"1511\" height=\"2225\" srcset=\"http:\/\/www.susannavaris.com\/blogg\/wp-content\/uploads\/2013\/11\/DSC_0901-50.jpg 1511w, http:\/\/www.susannavaris.com\/blogg\/wp-content\/uploads\/2013\/11\/DSC_0901-50-203x300.jpg 203w, http:\/\/www.susannavaris.com\/blogg\/wp-content\/uploads\/2013\/11\/DSC_0901-50-695x1024.jpg 695w\" sizes=\"auto, (max-width: 1511px) 100vw, 1511px\" \/><\/a>\u00a0<em>Drottning Kristina<\/em><\/p>\n<p style=\"text-align: center;\">\u00a0\u00c4ven utst\u00e4llningen om Kristina, som vi hastade igenom, var sp\u00e4ckad med genusperspektiv och feminism:<\/p>\n<p style=\"text-align: center;\"><a href=\"http:\/\/www.susannavaris.com\/blogg\/wp-content\/uploads\/2013\/11\/DSC_0900-50.jpg\"><img loading=\"lazy\" decoding=\"async\" class=\"aligncenter size-full wp-image-11505\" alt=\"DSC_0900-50\" src=\"http:\/\/www.susannavaris.com\/blogg\/wp-content\/uploads\/2013\/11\/DSC_0900-50.jpg\" width=\"1177\" height=\"1405\" srcset=\"http:\/\/www.susannavaris.com\/blogg\/wp-content\/uploads\/2013\/11\/DSC_0900-50.jpg 1177w, http:\/\/www.susannavaris.com\/blogg\/wp-content\/uploads\/2013\/11\/DSC_0900-50-251x300.jpg 251w, http:\/\/www.susannavaris.com\/blogg\/wp-content\/uploads\/2013\/11\/DSC_0900-50-857x1024.jpg 857w\" sizes=\"auto, (max-width: 1177px) 100vw, 1177px\" \/><\/a><em>\u00a0Personligen har jag aldrig h\u00f6rt talas om n\u00e5gon id\u00e9 om drottning Kristinas tv\u00e5 kroppar, d\u00e4remot om rykten om henne som hermafrodit. \u00c5 andra sidan \u00e4r jag knappast n\u00e5gon expert p\u00e5 \u00e4mnet.<\/em><\/p>\n<p style=\"text-align: center;\">Vidare till MOOD och FoKo:<\/p>\n<p style=\"text-align: center;\"><a href=\"http:\/\/www.susannavaris.com\/blogg\/wp-content\/uploads\/2013\/11\/DSC_0903-50.jpg\"><img loading=\"lazy\" decoding=\"async\" class=\"aligncenter size-full wp-image-11508\" alt=\"DSC_0903-50\" src=\"http:\/\/www.susannavaris.com\/blogg\/wp-content\/uploads\/2013\/11\/DSC_0903-50.jpg\" width=\"1536\" height=\"2304\" srcset=\"http:\/\/www.susannavaris.com\/blogg\/wp-content\/uploads\/2013\/11\/DSC_0903-50.jpg 1536w, http:\/\/www.susannavaris.com\/blogg\/wp-content\/uploads\/2013\/11\/DSC_0903-50-200x300.jpg 200w, http:\/\/www.susannavaris.com\/blogg\/wp-content\/uploads\/2013\/11\/DSC_0903-50-682x1024.jpg 682w\" sizes=\"auto, (max-width: 1536px) 100vw, 1536px\" \/><\/a> <a href=\"http:\/\/www.susannavaris.com\/blogg\/wp-content\/uploads\/2013\/11\/DSC_0904-50.jpg\"><img loading=\"lazy\" decoding=\"async\" class=\"aligncenter size-full wp-image-11509\" alt=\"DSC_0904-50\" src=\"http:\/\/www.susannavaris.com\/blogg\/wp-content\/uploads\/2013\/11\/DSC_0904-50.jpg\" width=\"1536\" height=\"2304\" srcset=\"http:\/\/www.susannavaris.com\/blogg\/wp-content\/uploads\/2013\/11\/DSC_0904-50.jpg 1536w, http:\/\/www.susannavaris.com\/blogg\/wp-content\/uploads\/2013\/11\/DSC_0904-50-200x300.jpg 200w, http:\/\/www.susannavaris.com\/blogg\/wp-content\/uploads\/2013\/11\/DSC_0904-50-682x1024.jpg 682w\" sizes=\"auto, (max-width: 1536px) 100vw, 1536px\" \/><\/a><em>\u00a0Lyxfika och nedh\u00e4ngning.\u00a0<\/em><\/p>\n<p style=\"text-align: center;\">Tack FoKo f\u00f6r denna g\u00e5ng, det har varit j\u00e4tteroligt! En tavla fann en ny \u00e4gare och framf\u00f6r allt fick jag stor beh\u00e5llning av m\u00f6ten med m\u00e5nga nya, sp\u00e4nnande m\u00e4nniskor!<\/p>\n","protected":false},"excerpt":{"rendered":"<p>Idag var det digert program med bes\u00f6k hos Per-Inge Isheden p\u00e5 Galleri Movitz p\u00e5 Hornsgatspuckeln, utst\u00e4llningen om Maria-Eleonora p\u00e5 Livrustkammaren och nedh\u00e4ngning p\u00e5 FoKo. \u00a0Alltid lika trevligt att tr\u00e4ffa Per-Inge, vars unika stil g\u00e5r hem hos de flesta. \u00a0Jag studsade &hellip; <a href=\"http:\/\/www.susannavaris.com\/blogg\/2013\/11\/isheden-maria-eleonora-och-foko\/\">Forts\u00e4tt l\u00e4sa <span class=\"meta-nav\">&rarr;<\/span><\/a><\/p>\n","protected":false},"author":1,"featured_media":0,"comment_status":"open","ping_status":"open","sticky":false,"template":"","format":"standard","meta":{"footnotes":""},"categories":[181,825,259,674,13,1321,3,1162,1,590,403,303,4],"tags":[205,4913,3695,4899,4903,3702,3697,3698,17,3701,198,199,203,3666,1707,3699,3700,526,3696,122],"class_list":["post-11490","post","type-post","status-publish","format-standard","hentry","category-feminism","category-foko","category-genusvetenskap","category-historia","category-inspiration","category-jamstalldhet","category-konst","category-kultur","category-okategoriserade","category-politik","category-pseudovetenskap","category-religion","category-utstallning","tag-fo-ko","tag-foko","tag-galleri-movitz","tag-genus","tag-genusvetenskap","tag-hjartats-dam","tag-hornsgatan","tag-hornsgatspuckeln","tag-konst-2","tag-kristina","tag-kungliga-slottet","tag-livrustkammaren","tag-maria-eleonora","tag-mood","tag-per-inge-isheden","tag-samrat-of-india","tag-slottet","tag-sodermalm","tag-sta-maria-magdalena-kyrka","tag-utstallning-2"],"_links":{"self":[{"href":"http:\/\/www.susannavaris.com\/blogg\/wp-json\/wp\/v2\/posts\/11490","targetHints":{"allow":["GET"]}}],"collection":[{"href":"http:\/\/www.susannavaris.com\/blogg\/wp-json\/wp\/v2\/posts"}],"about":[{"href":"http:\/\/www.susannavaris.com\/blogg\/wp-json\/wp\/v2\/types\/post"}],"author":[{"embeddable":true,"href":"http:\/\/www.susannavaris.com\/blogg\/wp-json\/wp\/v2\/users\/1"}],"replies":[{"embeddable":true,"href":"http:\/\/www.susannavaris.com\/blogg\/wp-json\/wp\/v2\/comments?post=11490"}],"version-history":[{"count":1,"href":"http:\/\/www.susannavaris.com\/blogg\/wp-json\/wp\/v2\/posts\/11490\/revisions"}],"predecessor-version":[{"id":11510,"href":"http:\/\/www.susannavaris.com\/blogg\/wp-json\/wp\/v2\/posts\/11490\/revisions\/11510"}],"wp:attachment":[{"href":"http:\/\/www.susannavaris.com\/blogg\/wp-json\/wp\/v2\/media?parent=11490"}],"wp:term":[{"taxonomy":"category","embeddable":true,"href":"http:\/\/www.susannavaris.com\/blogg\/wp-json\/wp\/v2\/categories?post=11490"},{"taxonomy":"post_tag","embeddable":true,"href":"http:\/\/www.susannavaris.com\/blogg\/wp-json\/wp\/v2\/tags?post=11490"}],"curies":[{"name":"wp","href":"https:\/\/api.w.org\/{rel}","templated":true}]}}