{"id":11511,"date":"2013-11-26T00:33:25","date_gmt":"2013-11-25T23:33:25","guid":{"rendered":"http:\/\/www.susannavaris.com\/blogg\/?p=11511"},"modified":"2013-11-26T00:33:25","modified_gmt":"2013-11-25T23:33:25","slug":"tove-lifvendahl-ett-ljus-i-morkret","status":"publish","type":"post","link":"http:\/\/www.susannavaris.com\/blogg\/2013\/11\/tove-lifvendahl-ett-ljus-i-morkret\/","title":{"rendered":"Tove Lifvendahl, ett ljus i m\u00f6rkret"},"content":{"rendered":"<p><a href=\"http:\/\/www.susannavaris.com\/blogg\/wp-content\/uploads\/2013\/11\/Foto_Tove_Lifvendahl.jpg\"><img loading=\"lazy\" decoding=\"async\" class=\"aligncenter size-full wp-image-11512\" alt=\"Foto_Tove_Lifvendahl\" src=\"http:\/\/www.susannavaris.com\/blogg\/wp-content\/uploads\/2013\/11\/Foto_Tove_Lifvendahl.jpg\" width=\"425\" height=\"283\" srcset=\"http:\/\/www.susannavaris.com\/blogg\/wp-content\/uploads\/2013\/11\/Foto_Tove_Lifvendahl.jpg 425w, http:\/\/www.susannavaris.com\/blogg\/wp-content\/uploads\/2013\/11\/Foto_Tove_Lifvendahl-300x199.jpg 300w\" sizes=\"auto, (max-width: 425px) 100vw, 425px\" \/><\/a><\/p>\n<pre>Foto: Hel\u00e9ne Lovelace<\/pre>\n<p>SvD.s relativt f\u00e4rska chefredakt\u00f6r Tove Lifvendahl har fr\u00e5n f\u00f6rsta b\u00f6rjan varit bra och utm\u00e4rker sig som ett ljus i m\u00f6rkret \u00e4ven <a href=\"http:\/\/www.svd.se\/opinion\/ledarsidan\/kvoterade-styrelser-urholkar-aganderatten_8760440.svd\">idag<\/a>\u00a0p\u00e5 ledarsidan:<\/p>\n<blockquote><p>&#8221;Det tycks finnas m\u00e5nga som \u00e4r beredda att hiva \u00e4gander\u00e4ttens principer \u00f6verbord, f\u00f6r att \u00e5stadkomma en j\u00e4mnare k\u00f6nsbalans i styrelserummen hos b\u00f6rsnoterade bolag. Till dem har jag n\u00e5gra fr\u00e5gor:&#8221;<\/p>\n<p>[&#8230;]<\/p>\n<p>&#8221;F\u00f6r det tredje: eftersom ni vill att staten b\u00f6r reglera sammans\u00e4ttningen av styrelser i privata bolag f\u00f6r att j\u00e4mst\u00e4lldhet mellan k\u00f6nen enligt er \u00e4r s\u00e5 viktigt att det motiverar principbrottet, b\u00f6r inte ocks\u00e5 staten g\u00f6ra detsamma i alla f\u00f6r landet centrala funktioner s\u00e5som exempelvis f\u00f6rskolan, skolan och den h\u00f6gre utbildningen, de politiska partierna, fack och andra intresseorganisationer, f\u00f6rsvaret, massmedierna och kulturinstitutionerna?&#8221;<\/p><\/blockquote>\n<p>\u00c4ntligen!<\/p>\n<p>I samma tidning kan man dock i ekonomidelen l\u00e4sa om kvoteringens f\u00f6rtr\u00e4ffligheter (l\u00e4gger in en l\u00e4nk om och n\u00e4r artikeln dyker upp p\u00e5 n\u00e4tet).<\/p>\n<p>&nbsp;<\/p>\n<p>&nbsp;<\/p>\n","protected":false},"excerpt":{"rendered":"<p>Foto: Hel\u00e9ne Lovelace SvD.s relativt f\u00e4rska chefredakt\u00f6r Tove Lifvendahl har fr\u00e5n f\u00f6rsta b\u00f6rjan varit bra och utm\u00e4rker sig som ett ljus i m\u00f6rkret \u00e4ven idag\u00a0p\u00e5 ledarsidan: &#8221;Det tycks finnas m\u00e5nga som \u00e4r beredda att hiva \u00e4gander\u00e4ttens principer \u00f6verbord, f\u00f6r att &hellip; <a href=\"http:\/\/www.susannavaris.com\/blogg\/2013\/11\/tove-lifvendahl-ett-ljus-i-morkret\/\">Forts\u00e4tt l\u00e4sa <span class=\"meta-nav\">&rarr;<\/span><\/a><\/p>\n","protected":false},"author":1,"featured_media":0,"comment_status":"open","ping_status":"open","sticky":false,"template":"","format":"standard","meta":{"footnotes":""},"categories":[181,259,1321,1928,589,1,590],"tags":[2460,3418,4899,4903,4918,2123,2857,3704,504,3703],"class_list":["post-11511","post","type-post","status-publish","format-standard","hentry","category-feminism","category-genusvetenskap","category-jamstalldhet","category-journalistik","category-medier","category-okategoriserade","category-politik","tag-2460","tag-borsbolag","tag-genus","tag-genusvetenskap","tag-jamstalldhet","tag-kvotering","tag-styrelse","tag-styrelsesammansattning","tag-svd","tag-tove-lifvendahl"],"_links":{"self":[{"href":"http:\/\/www.susannavaris.com\/blogg\/wp-json\/wp\/v2\/posts\/11511","targetHints":{"allow":["GET"]}}],"collection":[{"href":"http:\/\/www.susannavaris.com\/blogg\/wp-json\/wp\/v2\/posts"}],"about":[{"href":"http:\/\/www.susannavaris.com\/blogg\/wp-json\/wp\/v2\/types\/post"}],"author":[{"embeddable":true,"href":"http:\/\/www.susannavaris.com\/blogg\/wp-json\/wp\/v2\/users\/1"}],"replies":[{"embeddable":true,"href":"http:\/\/www.susannavaris.com\/blogg\/wp-json\/wp\/v2\/comments?post=11511"}],"version-history":[{"count":1,"href":"http:\/\/www.susannavaris.com\/blogg\/wp-json\/wp\/v2\/posts\/11511\/revisions"}],"predecessor-version":[{"id":11513,"href":"http:\/\/www.susannavaris.com\/blogg\/wp-json\/wp\/v2\/posts\/11511\/revisions\/11513"}],"wp:attachment":[{"href":"http:\/\/www.susannavaris.com\/blogg\/wp-json\/wp\/v2\/media?parent=11511"}],"wp:term":[{"taxonomy":"category","embeddable":true,"href":"http:\/\/www.susannavaris.com\/blogg\/wp-json\/wp\/v2\/categories?post=11511"},{"taxonomy":"post_tag","embeddable":true,"href":"http:\/\/www.susannavaris.com\/blogg\/wp-json\/wp\/v2\/tags?post=11511"}],"curies":[{"name":"wp","href":"https:\/\/api.w.org\/{rel}","templated":true}]}}