{"id":11516,"date":"2013-11-28T17:44:20","date_gmt":"2013-11-28T16:44:20","guid":{"rendered":"http:\/\/www.susannavaris.com\/blogg\/?p=11516"},"modified":"2013-11-28T17:44:39","modified_gmt":"2013-11-28T16:44:39","slug":"birro-kritiserar-feminismen","status":"publish","type":"post","link":"http:\/\/www.susannavaris.com\/blogg\/2013\/11\/birro-kritiserar-feminismen\/","title":{"rendered":"Birro kritiserar feminismen"},"content":{"rendered":"<p>Marcus Birro, som redan tidigare uttryckt kritik mot den moderna, svenska feminismen\u00a0<a href=\"http:\/\/www.expressen.se\/kronikorer\/marcus-birro\/manga-feminister-siktar-pa-fel-saker\/\">skrev<\/a> i g\u00e5rdagens Expressen en kolumn fylld av den slags funderingar som m\u00e5nga av oss andra ocks\u00e5 har. Det \u00e4r sv\u00e5rt att plocka ut n\u00e5got s\u00e4rskilt viktigt i Birros kolumn, allting \u00e4r bra.<\/p>\n<p>Ang\u00e5ende prostitution i sig delar jag dock inte helt skribentens \u00e5sikt. Prostitution \u00e4r inte att &#8221;k\u00f6pa en annan m\u00e4nniskas kropp&#8221;, jag skulle definiera det som att k\u00f6pa en sexuell tj\u00e4nst.\u00a0M\u00e5nga av oss hyr\u00a0ut\u00a0v\u00e5ra kroppar och hj\u00e4rnor \u00e5t arbetsgivare, transaktioner d\u00e4r m\u00e5nga av oss \u00e4r mycket bundna till att befinna oss fysiskt p\u00e5 vissa platser och anv\u00e4nda v\u00e5ra hj\u00e4rnor till att utf\u00f6ra arbeten som arbetsgivaren vill ha utf\u00f6rda. Stigmatiseringen av den sexuella tj\u00e4nsten \u00e4r en del av problematiken kring prostitution, en stigmatisering som b\u00e5de kyrkan och feminismen lika ivrigt eldar p\u00e5. Trafficing och att tvinga n\u00e5gon att prostituera sig d\u00e4remot \u00e4r mycket grova brott som ska bek\u00e4mpas med till buds st\u00e5ende medel. Kriminalisering av sexk\u00f6parna har troligen enbart \u00f6kat denna del av prostitutionen, eftersom den tagit v\u00e4gen under jord.<\/p>\n<p>&nbsp;<\/p>\n","protected":false},"excerpt":{"rendered":"<p>Marcus Birro, som redan tidigare uttryckt kritik mot den moderna, svenska feminismen\u00a0skrev i g\u00e5rdagens Expressen en kolumn fylld av den slags funderingar som m\u00e5nga av oss andra ocks\u00e5 har. Det \u00e4r sv\u00e5rt att plocka ut n\u00e5got s\u00e4rskilt viktigt i Birros &hellip; <a href=\"http:\/\/www.susannavaris.com\/blogg\/2013\/11\/birro-kritiserar-feminismen\/\">Forts\u00e4tt l\u00e4sa <span class=\"meta-nav\">&rarr;<\/span><\/a><\/p>\n","protected":false},"author":1,"featured_media":0,"comment_status":"open","ping_status":"open","sticky":false,"template":"","format":"standard","meta":{"footnotes":""},"categories":[181,259,1321,1928,589,1,590,303],"tags":[3706,356,4900,4899,2877,522,3707,3708],"class_list":["post-11516","post","type-post","status-publish","format-standard","hentry","category-feminism","category-genusvetenskap","category-jamstalldhet","category-journalistik","category-medier","category-okategoriserade","category-politik","category-religion","tag-birro","tag-expressen","tag-feminism","tag-genus","tag-kronika","tag-marcus-birro","tag-prostitution","tag-trafficing"],"_links":{"self":[{"href":"http:\/\/www.susannavaris.com\/blogg\/wp-json\/wp\/v2\/posts\/11516","targetHints":{"allow":["GET"]}}],"collection":[{"href":"http:\/\/www.susannavaris.com\/blogg\/wp-json\/wp\/v2\/posts"}],"about":[{"href":"http:\/\/www.susannavaris.com\/blogg\/wp-json\/wp\/v2\/types\/post"}],"author":[{"embeddable":true,"href":"http:\/\/www.susannavaris.com\/blogg\/wp-json\/wp\/v2\/users\/1"}],"replies":[{"embeddable":true,"href":"http:\/\/www.susannavaris.com\/blogg\/wp-json\/wp\/v2\/comments?post=11516"}],"version-history":[{"count":2,"href":"http:\/\/www.susannavaris.com\/blogg\/wp-json\/wp\/v2\/posts\/11516\/revisions"}],"predecessor-version":[{"id":11518,"href":"http:\/\/www.susannavaris.com\/blogg\/wp-json\/wp\/v2\/posts\/11516\/revisions\/11518"}],"wp:attachment":[{"href":"http:\/\/www.susannavaris.com\/blogg\/wp-json\/wp\/v2\/media?parent=11516"}],"wp:term":[{"taxonomy":"category","embeddable":true,"href":"http:\/\/www.susannavaris.com\/blogg\/wp-json\/wp\/v2\/categories?post=11516"},{"taxonomy":"post_tag","embeddable":true,"href":"http:\/\/www.susannavaris.com\/blogg\/wp-json\/wp\/v2\/tags?post=11516"}],"curies":[{"name":"wp","href":"https:\/\/api.w.org\/{rel}","templated":true}]}}