{"id":11519,"date":"2013-11-28T23:03:25","date_gmt":"2013-11-28T22:03:25","guid":{"rendered":"http:\/\/www.susannavaris.com\/blogg\/?p=11519"},"modified":"2013-11-28T23:03:25","modified_gmt":"2013-11-28T22:03:25","slug":"identitetspolitik-i-praktiken","status":"publish","type":"post","link":"http:\/\/www.susannavaris.com\/blogg\/2013\/11\/identitetspolitik-i-praktiken\/","title":{"rendered":"Identitetspolitik i praktiken"},"content":{"rendered":"<p>DN Kulturs danskritiker \u00d6rjan Abrahamsson st\u00e5ngas med en fiktiv ans\u00f6kan om Kulturst\u00f6d i en\u00a0<a href=\"http:\/\/www.dn.se\/kultur-noje\/kulturdebatt\/den-ofrivilllige-entreprenoren\/\">artikel<\/a>\u00a0i dagens tidning. Abrahamssons vinkling \u00e4r att kulturst\u00f6det tvingar konstn\u00e4rer att bli entrepren\u00f6rer och att detta \u00e4r den styrande majoritetens fel. Jag ser n\u00e5got annat i det han beskriver, n\u00e4mligen de absurda konsekvenserna av den numera s\u00e5 popul\u00e4ra identitetspolitiken som nu letat sig in i stadens styrdokument i form av m\u00e5ngfalds- och j\u00e4mst\u00e4lldhetsplaner. I praktiken: hur m\u00e5nga finnar \u00e4r en arab v\u00e4rd? (Utm\u00e4rkt om just detta i Tove Lifvendahls <a href=\"http:\/\/www.fokus.se\/2006\/03\/tove-lifvendahl-om-diskriminering\/\">recension<\/a>\u00a0av Lena Anderssons bok Du \u00e4r allts\u00e5 svensk?)<\/p>\n<blockquote><p>&#8221;Jag fyller i en ans\u00f6kan, om 150.000 kr i bidrag f\u00f6r \u201d77\u2009777\u201d, en konceptuell kritikerkoreografi med premi\u00e4r h\u00f6sten 2014. Jag ber\u00e4knar f\u00e5 7 \u00e5sk\u00e5dare p\u00e5 \u00d6stermalm, 77 i hela Stockholm, 777 i Sverige, 7\u2009777 internationellt. Sedan blir det knepigare. Vilka \u00e5ldersgrupper v\u00e4nder jag mig till? \u201dBarn 0\u20132 \u00e5r\u201d, \u201dUnga vuxna\u201d eller \u201dFamiljer\u201d. V\u00e4rre \u00e4r att jag, ett \u00e5r f\u00f6re min f\u00f6rest\u00e4llning \u201d77\u2009777\u201d, ska uppskatta \u201di procent (%) andelen bes\u00f6kare 0\u201319 \u00e5r\u201d.<\/p>\n<p>Jag m\u00e5ste \u00e4ven definiera \u201dm\u00e5lgrupper och publik r\u00e4ckvidd\u201d, \u201dDelaktighet\u201d, \u201dJ\u00e4mst\u00e4lldhet och flerkulturellt perspektiv\u201d.&#8221;<\/p>\n<p>[&#8230;]<\/p>\n<p>&#8221;S\u00e5 dyker en mycket m\u00e4rklig punkt upp. N\u00e4mligen \u201dNationella minoriteter\u201d och fr\u00e5gan \u201d\u00c4r syftet med programmet att st\u00f6dja n\u00e5gon av Sveriges fem nationella minoriteters kultur och spr\u00e5k?\u201d Pluspo\u00e4ng utdelas om man kan kryssa i n\u00e5got av alternativen \u201dTornedalingar\u201d, \u201dSverigefinnar\u201d, \u201dSamer\u201d \u2013 och, jo, faktiskt s\u00e5v\u00e4l \u201dRomer\u201d som \u201dJudar\u201d.&#8221;<\/p><\/blockquote>\n<p>Men Abrahamsson v\u00e4ljer att tolka formuleringarna som ett utslag av h\u00f6gerpolitik:<\/p>\n<blockquote><p><strong>&#8221;Att 70 \u00e5r efter f\u00f6rintelsen<\/strong>\u00a0av Europas judenhet, s\u00e4r- och urskilja \u201dRomer\u201d och \u201dJudar\u201d vittnar om illavarslande d\u00e5ligt omd\u00f6me. Det slags omv\u00e4nda rasism som vi dessv\u00e4rre vet s\u00e5 abrupt och brutalt kan landa i sin motsats, antiziganism och antisemitism. Mer \u00e4n en smula ironiskt \u00e4r \u00e4ven att den svenska staten v\u00e4rnar om det samiska kulturarvet, samtidigt som man f\u00f6r inte s\u00e5 m\u00e5nga \u00e5r sedan definitivt avvisade samernas r\u00e4ttigheter till sitt land, sin kulturmark.<\/p>\n<p>Det \u00e4r ocks\u00e5, b\u00e4sta Madeleine Sj\u00f6stedt, ett flagrant exempel som belyser hur kulturbyr\u00e5kratin har urartat.&#8221;<\/p><\/blockquote>\n<p>Hur \u00e4r det d\u00e5 t\u00e4nkt att den kulturella m\u00e5ngfalden ska s\u00e4kras, menar Abrahamsson? Det \u00e4r ju precis det h\u00e4r som alla vackra klyschor omsatta i praktik leder till: Jag \u00e4r finl\u00e4ndare, medel\u00e5lders och kvinna. Inte: jag \u00e4r Susanna Varis. F\u00f6r att inte tala om den konstn\u00e4rliga kvaliteten i projekten bakom ans\u00f6kningarna. Jag antar att den fortfarande finns med som en bed\u00f6mningsgrund, men som jag f\u00f6rst\u00e5tt det genererar den po\u00e4ng, <em>p\u00e5 samma vis som avvikande etnicitet eller underrepresenterat k\u00f6n<\/em>. You do the math.<\/p>\n","protected":false},"excerpt":{"rendered":"<p>DN Kulturs danskritiker \u00d6rjan Abrahamsson st\u00e5ngas med en fiktiv ans\u00f6kan om Kulturst\u00f6d i en\u00a0artikel\u00a0i dagens tidning. Abrahamssons vinkling \u00e4r att kulturst\u00f6det tvingar konstn\u00e4rer att bli entrepren\u00f6rer och att detta \u00e4r den styrande majoritetens fel. Jag ser n\u00e5got annat i det &hellip; <a href=\"http:\/\/www.susannavaris.com\/blogg\/2013\/11\/identitetspolitik-i-praktiken\/\">Forts\u00e4tt l\u00e4sa <span class=\"meta-nav\">&rarr;<\/span><\/a><\/p>\n","protected":false},"author":1,"featured_media":0,"comment_status":"open","ping_status":"open","sticky":false,"template":"","format":"standard","meta":{"footnotes":""},"categories":[181,259,1321,1928,3,1162,589,1,590],"tags":[3712,3710,3713,4927,4918,4917,3711,2880,2573,3709,3703],"class_list":["post-11519","post","type-post","status-publish","format-standard","hentry","category-feminism","category-genusvetenskap","category-jamstalldhet","category-journalistik","category-konst","category-kultur","category-medier","category-okategoriserade","category-politik","tag-ansokning","tag-dans","tag-du-ar-alltsa-svensk","tag-identitetspolitik","tag-jamstalldhet","tag-kultur","tag-kulturstod","tag-lena-andersson","tag-mangfald","tag-orjan-abrahamsson","tag-tove-lifvendahl"],"_links":{"self":[{"href":"http:\/\/www.susannavaris.com\/blogg\/wp-json\/wp\/v2\/posts\/11519","targetHints":{"allow":["GET"]}}],"collection":[{"href":"http:\/\/www.susannavaris.com\/blogg\/wp-json\/wp\/v2\/posts"}],"about":[{"href":"http:\/\/www.susannavaris.com\/blogg\/wp-json\/wp\/v2\/types\/post"}],"author":[{"embeddable":true,"href":"http:\/\/www.susannavaris.com\/blogg\/wp-json\/wp\/v2\/users\/1"}],"replies":[{"embeddable":true,"href":"http:\/\/www.susannavaris.com\/blogg\/wp-json\/wp\/v2\/comments?post=11519"}],"version-history":[{"count":1,"href":"http:\/\/www.susannavaris.com\/blogg\/wp-json\/wp\/v2\/posts\/11519\/revisions"}],"predecessor-version":[{"id":11520,"href":"http:\/\/www.susannavaris.com\/blogg\/wp-json\/wp\/v2\/posts\/11519\/revisions\/11520"}],"wp:attachment":[{"href":"http:\/\/www.susannavaris.com\/blogg\/wp-json\/wp\/v2\/media?parent=11519"}],"wp:term":[{"taxonomy":"category","embeddable":true,"href":"http:\/\/www.susannavaris.com\/blogg\/wp-json\/wp\/v2\/categories?post=11519"},{"taxonomy":"post_tag","embeddable":true,"href":"http:\/\/www.susannavaris.com\/blogg\/wp-json\/wp\/v2\/tags?post=11519"}],"curies":[{"name":"wp","href":"https:\/\/api.w.org\/{rel}","templated":true}]}}