{"id":11526,"date":"2013-11-30T23:48:49","date_gmt":"2013-11-30T22:48:49","guid":{"rendered":"http:\/\/www.susannavaris.com\/blogg\/?p=11526"},"modified":"2013-11-30T23:48:49","modified_gmt":"2013-11-30T22:48:49","slug":"andrea-edwards-i-k-special-med-dokumentar-om-scum","status":"publish","type":"post","link":"http:\/\/www.susannavaris.com\/blogg\/2013\/11\/andrea-edwards-i-k-special-med-dokumentar-om-scum\/","title":{"rendered":"Andrea Edwards i K Special med dokument\u00e4r om SCUM"},"content":{"rendered":"<p>F\u00f6rest\u00e4llningen SCUM ska allts\u00e5 behandlas i en entimmesdokument\u00e4r i K Special (grattis alla licensbetalare) <a href=\"http:\/\/www.dn.se\/kultur-noje\/film-tv\/svt-bakom-dokumentar-om-scummanifestet\/\">ber\u00e4ttar<\/a>\u00a0DN:<\/p>\n<blockquote><p>&#8221;\u2013\u2009Jag \u00e4r j\u00e4tteglad f\u00f6r det h\u00e4r. Den ska handla om det stora publikintresset, kalabaliken och hoten, men framf\u00f6r allt om m\u00e4n. Jag ska resa runt i Sverige och prata med de m\u00e4n som haft starka \u00e5sikter om f\u00f6rest\u00e4llningen, inte minst bloggare, s\u00e4ger hon till DN.&#8221;<\/p><\/blockquote>\n<p>B\u00e4ddat f\u00f6r en objektiv, sansad och saklig heltimme med andra ord. Ber\u00e4tta g\u00e4rna om ni har f\u00e5tt f\u00f6rfr\u00e5gningar att delta, jag har mina aningar om hur urvalet till de medverkande kommer att g\u00e5 till&#8230;<\/p>\n","protected":false},"excerpt":{"rendered":"<p>F\u00f6rest\u00e4llningen SCUM ska allts\u00e5 behandlas i en entimmesdokument\u00e4r i K Special (grattis alla licensbetalare) ber\u00e4ttar\u00a0DN: &#8221;\u2013\u2009Jag \u00e4r j\u00e4tteglad f\u00f6r det h\u00e4r. Den ska handla om det stora publikintresset, kalabaliken och hoten, men framf\u00f6r allt om m\u00e4n. Jag ska resa runt &hellip; <a href=\"http:\/\/www.susannavaris.com\/blogg\/2013\/11\/andrea-edwards-i-k-special-med-dokumentar-om-scum\/\">Forts\u00e4tt l\u00e4sa <span class=\"meta-nav\">&rarr;<\/span><\/a><\/p>\n","protected":false},"author":1,"featured_media":0,"comment_status":"open","ping_status":"open","sticky":false,"template":"","format":"standard","meta":{"footnotes":""},"categories":[178,181,259,1321,1928,1162,589,1,590,403,303,384],"tags":[939,3289,3717,907,3716,938,2252],"class_list":["post-11526","post","type-post","status-publish","format-standard","hentry","category-blodtryckshojare","category-feminism","category-genusvetenskap","category-jamstalldhet","category-journalistik","category-kultur","category-medier","category-okategoriserade","category-politik","category-pseudovetenskap","category-religion","category-tv","tag-andrea-edwards","tag-dokumentar","tag-k-special","tag-scum","tag-scummmanifestet","tag-svt","tag-tv-2"],"_links":{"self":[{"href":"http:\/\/www.susannavaris.com\/blogg\/wp-json\/wp\/v2\/posts\/11526","targetHints":{"allow":["GET"]}}],"collection":[{"href":"http:\/\/www.susannavaris.com\/blogg\/wp-json\/wp\/v2\/posts"}],"about":[{"href":"http:\/\/www.susannavaris.com\/blogg\/wp-json\/wp\/v2\/types\/post"}],"author":[{"embeddable":true,"href":"http:\/\/www.susannavaris.com\/blogg\/wp-json\/wp\/v2\/users\/1"}],"replies":[{"embeddable":true,"href":"http:\/\/www.susannavaris.com\/blogg\/wp-json\/wp\/v2\/comments?post=11526"}],"version-history":[{"count":1,"href":"http:\/\/www.susannavaris.com\/blogg\/wp-json\/wp\/v2\/posts\/11526\/revisions"}],"predecessor-version":[{"id":11527,"href":"http:\/\/www.susannavaris.com\/blogg\/wp-json\/wp\/v2\/posts\/11526\/revisions\/11527"}],"wp:attachment":[{"href":"http:\/\/www.susannavaris.com\/blogg\/wp-json\/wp\/v2\/media?parent=11526"}],"wp:term":[{"taxonomy":"category","embeddable":true,"href":"http:\/\/www.susannavaris.com\/blogg\/wp-json\/wp\/v2\/categories?post=11526"},{"taxonomy":"post_tag","embeddable":true,"href":"http:\/\/www.susannavaris.com\/blogg\/wp-json\/wp\/v2\/tags?post=11526"}],"curies":[{"name":"wp","href":"https:\/\/api.w.org\/{rel}","templated":true}]}}