{"id":11528,"date":"2013-12-01T00:11:29","date_gmt":"2013-11-30T23:11:29","guid":{"rendered":"http:\/\/www.susannavaris.com\/blogg\/?p=11528"},"modified":"2013-12-01T00:11:29","modified_gmt":"2013-11-30T23:11:29","slug":"jag-hittade-dn-kultur","status":"publish","type":"post","link":"http:\/\/www.susannavaris.com\/blogg\/2013\/12\/jag-hittade-dn-kultur\/","title":{"rendered":"Jag hittade DN Kultur"},"content":{"rendered":"<p>Jag tittar ibland in p\u00e5 DN p\u00e5 n\u00e4tet nu n\u00e4r jag har avslutat min prenumeration p\u00e5 papperstidningen. DN Kultur liknar mer en produktion fr\u00e5n Feministiskt perspektiv \u00e4n en kulturdel, vilket ju konstaterats sedan l\u00e4nge och vid otaliga tillf\u00e4llen p\u00e5 denna blogg. I dagens tidning finns en <a href=\"http:\/\/www.dagensnyheter.se\/Articles\/2013\/11\/30\/Den-flickiga-erfarenhetens-revansch\/\">artikel<\/a>\u00a0(tillg\u00e4nglig om 24 h f\u00f6r de utan digital prenumeration)\u00a0om f\u00f6reteelsen gurlesk, en slags kulturyttring d\u00e4r man s\u00f6ker uppv\u00e4rdera flickigheten. Jag har tidigare bloggat om gurlesk\u00a0<a href=\"http:\/\/www.susannavaris.com\/blogg\/2013\/04\/dn-kulturs-fortsatta-utveckling-till-ett-konspolitiskt-kontrollorgan\/\">h\u00e4r<\/a>.<\/p>\n<blockquote><p><strong>&#8221;Vad skiljer gurleskens frossande i flickbilder fr\u00e5n patriarkatets?&#8221;\u00a0<\/strong><\/p><\/blockquote>\n<p>och<\/p>\n<blockquote><p><strong>&#8221;Hur ser patriarkatets litter\u00e4ra normer ut?&#8221;\u00a0<\/strong><\/p><\/blockquote>\n<p>och<\/p>\n<blockquote><p><strong>&#8221;Varf\u00f6r blir s\u00e5 m\u00e5nga kvinnor duktiga i patriarkatet, och sedan vill ingen v\u00e4rdera duktigheten?&#8221;\u00a0<\/strong><\/p><\/blockquote>\n<p>\u00e4r fr\u00e5gor som st\u00e4lls av artikelf\u00f6rfattaren Elin Cullhed. Cullhed behandlar <a href=\"http:\/\/www.susannavaris.com\/blogg\/2013\/04\/patriarkat\/\">patriarkatet<\/a>\u00a0som n\u00e5got som vi alla k\u00e4nner till och \u00e4r \u00f6verens om existerar, n\u00e5got allm\u00e4ngiltigt. Jag antar att patriarkatet p\u00e5 DN:s kulturredaktion \u00e4r n\u00e5got man inte ifr\u00e5gas\u00e4tter.<\/p>\n<p>&nbsp;<\/p>\n","protected":false},"excerpt":{"rendered":"<p>Jag tittar ibland in p\u00e5 DN p\u00e5 n\u00e4tet nu n\u00e4r jag har avslutat min prenumeration p\u00e5 papperstidningen. DN Kultur liknar mer en produktion fr\u00e5n Feministiskt perspektiv \u00e4n en kulturdel, vilket ju konstaterats sedan l\u00e4nge och vid otaliga tillf\u00e4llen p\u00e5 denna &hellip; <a href=\"http:\/\/www.susannavaris.com\/blogg\/2013\/12\/jag-hittade-dn-kultur\/\">Forts\u00e4tt l\u00e4sa <span class=\"meta-nav\">&rarr;<\/span><\/a><\/p>\n","protected":false},"author":1,"featured_media":0,"comment_status":"open","ping_status":"open","sticky":false,"template":"","format":"standard","meta":{"footnotes":""},"categories":[1],"tags":[],"class_list":["post-11528","post","type-post","status-publish","format-standard","hentry","category-okategoriserade"],"_links":{"self":[{"href":"http:\/\/www.susannavaris.com\/blogg\/wp-json\/wp\/v2\/posts\/11528","targetHints":{"allow":["GET"]}}],"collection":[{"href":"http:\/\/www.susannavaris.com\/blogg\/wp-json\/wp\/v2\/posts"}],"about":[{"href":"http:\/\/www.susannavaris.com\/blogg\/wp-json\/wp\/v2\/types\/post"}],"author":[{"embeddable":true,"href":"http:\/\/www.susannavaris.com\/blogg\/wp-json\/wp\/v2\/users\/1"}],"replies":[{"embeddable":true,"href":"http:\/\/www.susannavaris.com\/blogg\/wp-json\/wp\/v2\/comments?post=11528"}],"version-history":[{"count":1,"href":"http:\/\/www.susannavaris.com\/blogg\/wp-json\/wp\/v2\/posts\/11528\/revisions"}],"predecessor-version":[{"id":11529,"href":"http:\/\/www.susannavaris.com\/blogg\/wp-json\/wp\/v2\/posts\/11528\/revisions\/11529"}],"wp:attachment":[{"href":"http:\/\/www.susannavaris.com\/blogg\/wp-json\/wp\/v2\/media?parent=11528"}],"wp:term":[{"taxonomy":"category","embeddable":true,"href":"http:\/\/www.susannavaris.com\/blogg\/wp-json\/wp\/v2\/categories?post=11528"},{"taxonomy":"post_tag","embeddable":true,"href":"http:\/\/www.susannavaris.com\/blogg\/wp-json\/wp\/v2\/tags?post=11528"}],"curies":[{"name":"wp","href":"https:\/\/api.w.org\/{rel}","templated":true}]}}