{"id":1166,"date":"2011-07-03T13:56:17","date_gmt":"2011-07-03T11:56:17","guid":{"rendered":"http:\/\/www.susannavaris.com\/blogg\/?p=1166"},"modified":"2023-02-13T21:45:43","modified_gmt":"2023-02-13T20:45:43","slug":"big-4","status":"publish","type":"post","link":"http:\/\/www.susannavaris.com\/blogg\/2011\/07\/big-4\/","title":{"rendered":"Big 4"},"content":{"rendered":"<div class=\"wp-block-image\">\n<figure class=\"aligncenter size-large\"><img loading=\"lazy\" decoding=\"async\" width=\"1024\" height=\"780\" src=\"http:\/\/www.susannavaris.com\/blogg\/wp-content\/uploads\/2023\/02\/000-1280px-Metallica_at_The_O2_Arena_London_2008-1024x780.jpg\" alt=\"\" class=\"wp-image-17781\" title=\"band_cliff108x\" srcset=\"http:\/\/www.susannavaris.com\/blogg\/wp-content\/uploads\/2023\/02\/000-1280px-Metallica_at_The_O2_Arena_London_2008-1024x780.jpg 1024w, http:\/\/www.susannavaris.com\/blogg\/wp-content\/uploads\/2023\/02\/000-1280px-Metallica_at_The_O2_Arena_London_2008-300x229.jpg 300w, http:\/\/www.susannavaris.com\/blogg\/wp-content\/uploads\/2023\/02\/000-1280px-Metallica_at_The_O2_Arena_London_2008-768x585.jpg 768w, http:\/\/www.susannavaris.com\/blogg\/wp-content\/uploads\/2023\/02\/000-1280px-Metallica_at_The_O2_Arena_London_2008.jpg 1280w\" sizes=\"auto, (max-width: 1024px) 100vw, 1024px\" \/><figcaption class=\"wp-element-caption\">Metallica live at The O2 Arena, London, England &#8211; https:\/\/commons.wikimedia.org\/w\/index.php?title=User:Kreepin_Deth&amp;action=edit&amp;redlink=1 \/ Wikipedia\/ https:\/\/creativecommons.org\/licenses\/by\/3.0<\/figcaption><\/figure>\n<\/div>\n\n\n<p class=\"has-text-align-center\"><em>Metallica<\/em><\/p>\n\n\n\n<p>Idag blir det nostalgikv\u00e4ll. Ja, eller nostalgi och nostalgi f\u00f6rresten, alla inblandade \u00e4r ju i h\u00f6gsta grad aktiva fortfarande. Jag talar f\u00f6rst\u00e5s om den stora h\u00e5rdrocksfesten ikv\u00e4ll, med Anthrax, Megadeth, Slayer och Metallica p\u00e5 SVT. Finfint initiativ av den statliga televisionen att s\u00e4nda sex timmar thrash-metal! Jag hade g\u00e4rna velat vara p\u00e5 plats i G\u00f6teborg, men n\u00e4r biljetterna sl\u00e4pptes var l\u00e4get ett annat. Jag trodde att jag skulle vara i tryggt f\u00f6rvar fr\u00e5n v\u00e4rldsliga frestelser och synd p\u00e5 min arbetsplats. Nu blev jag ju hemma ist\u00e4llet och det \u00e4r d\u00e4rf\u00f6r mycket gl\u00e4djande att SVT f\u00f6r en g\u00e5ngs skull bryr sig lite om en maratons\u00e4ndning som inte handlar om sport. Detta bevisar ju visserligen att thrashen har slutgiltigt blivit folklig, en angel\u00e4genhet f\u00f6r allm\u00e4nintresset s\u00e5 att s\u00e4ga. Inte mig emot, jag har aldrig haft behov av att tillh\u00f6ra n\u00e5gra exklusiva sm\u00e5 kotterier med koll.<\/p>\n\n\n<div class=\"wp-block-image\">\n<figure class=\"aligncenter\"><a href=\"http:\/\/www.susannavaris.com\/blogg\/wp-content\/uploads\/2011\/07\/punk10.jpg\"><img loading=\"lazy\" decoding=\"async\" width=\"603\" height=\"939\" src=\"http:\/\/www.susannavaris.com\/blogg\/wp-content\/uploads\/2011\/07\/punk10.jpg\" alt=\"\" class=\"wp-image-1168\" title=\"punk10\" srcset=\"http:\/\/www.susannavaris.com\/blogg\/wp-content\/uploads\/2011\/07\/punk10.jpg 603w, http:\/\/www.susannavaris.com\/blogg\/wp-content\/uploads\/2011\/07\/punk10-192x300.jpg 192w\" sizes=\"auto, (max-width: 603px) 100vw, 603px\" \/><\/a><\/figure>\n<\/div>\n\n\n<p class=\"has-text-align-center\"><em>Jag ca 1986<\/em><\/p>\n\n\n<div class=\"wp-block-image\">\n<figure class=\"aligncenter\"><a href=\"http:\/\/www.susannavaris.com\/blogg\/wp-content\/uploads\/2011\/07\/punk08.jpg\"><img loading=\"lazy\" decoding=\"async\" width=\"773\" height=\"915\" src=\"http:\/\/www.susannavaris.com\/blogg\/wp-content\/uploads\/2011\/07\/punk08.jpg\" alt=\"\" class=\"wp-image-1169\" title=\"punk08\" srcset=\"http:\/\/www.susannavaris.com\/blogg\/wp-content\/uploads\/2011\/07\/punk08.jpg 773w, http:\/\/www.susannavaris.com\/blogg\/wp-content\/uploads\/2011\/07\/punk08-253x300.jpg 253w\" sizes=\"auto, (max-width: 773px) 100vw, 773px\" \/><\/a><\/figure>\n<\/div>\n\n\n<p class=\"has-text-align-center\"><em><br><\/em><\/p>\n\n\n\n<p>Till en b\u00f6rjan var dock en som uppskattade thrash medlem av en r\u00e4tt liten klubb (med koll). Under det f\u00e4rgglada och h\u00e5rsprejsindr\u00e4nkta decenniet blommade denna genre ut i full prakt. Jag lyssnade p\u00e5 lite allt m\u00f6jligt i b\u00f6rjan av 80-talet, jag gled bort fr\u00e5n barndomens ABBA och disco till Blondie, new wave, synth och \u00e4ven psychobilly. Fr\u00e5n Blondie var inte steget l\u00e5ngt till punk, samtidigt som jag b\u00f6rjade f\u00e5 upp \u00f6gonen f\u00f6r h\u00e5rdrock. Thrashen kombinerade dessa tv\u00e5, jag blev st\u00f6rtf\u00f6r\u00e4lskad. Metallica kapade \u00e5t sig mitt hj\u00e4rta, men jag lyssnade g\u00e4rna \u00e4ven p\u00e5 annan thrash och exempelvis Discharge och G.B.H. Min musikaliska langare p\u00e5 den tiden var min b\u00e4stis Sarijaanas ett \u00e5r yngre bror, Sami. Det var fr\u00e5n honom som alla braiga musiktips kom och som jag kunde l\u00e5na skivor fr\u00e5n (och igenom). Detta utspelar sig ju p\u00e5 den tiden d\u00e5 fildelning skulle ha inneburit en delad filbunke. P\u00e5 den tiden h\u00f6ll vi p\u00e5 med blandband, kassetter som spelades in med personliga favoriter och delade. Eller s\u00e5 l\u00e5nade man en lp-skiva fr\u00e5n en kompis och spelade in den p\u00e5 kassett. Kvalitetsm\u00e4ssigt r\u00e4tt kasst, men det fick duga.<\/p>\n\n\n\n<p>Utseendem\u00e4ssigt var mina ton\u00e5r oftast en katastrof, men jag tilltalades mer av punk-estetiken.<\/p>\n\n\n<div class=\"wp-block-image\">\n<figure class=\"aligncenter\"><a href=\"http:\/\/www.susannavaris.com\/blogg\/wp-content\/uploads\/2011\/07\/punk09.jpg\"><img loading=\"lazy\" decoding=\"async\" width=\"1024\" height=\"690\" src=\"http:\/\/www.susannavaris.com\/blogg\/wp-content\/uploads\/2011\/07\/punk09-1024x690.jpg\" alt=\"\" class=\"wp-image-1170\" title=\"punk09\" srcset=\"http:\/\/www.susannavaris.com\/blogg\/wp-content\/uploads\/2011\/07\/punk09-1024x690.jpg 1024w, http:\/\/www.susannavaris.com\/blogg\/wp-content\/uploads\/2011\/07\/punk09-300x202.jpg 300w, http:\/\/www.susannavaris.com\/blogg\/wp-content\/uploads\/2011\/07\/punk09.jpg 1744w\" sizes=\"auto, (max-width: 1024px) 100vw, 1024px\" \/><\/a><\/figure>\n<\/div>\n\n\n<p class=\"has-text-align-center\"><\/p>\n\n\n\n<p class=\"has-text-align-center\"><em>Jag och Pia ca 1987<\/em><\/p>\n\n\n<div class=\"wp-block-image\">\n<figure class=\"aligncenter\"><a href=\"http:\/\/www.susannavaris.com\/blogg\/wp-content\/uploads\/2011\/07\/punk07.jpg\"><img loading=\"lazy\" decoding=\"async\" width=\"941\" height=\"1024\" src=\"http:\/\/www.susannavaris.com\/blogg\/wp-content\/uploads\/2011\/07\/punk07-941x1024.jpg\" alt=\"\" class=\"wp-image-1171\" title=\"punk07\" srcset=\"http:\/\/www.susannavaris.com\/blogg\/wp-content\/uploads\/2011\/07\/punk07-941x1024.jpg 941w, http:\/\/www.susannavaris.com\/blogg\/wp-content\/uploads\/2011\/07\/punk07-275x300.jpg 275w, http:\/\/www.susannavaris.com\/blogg\/wp-content\/uploads\/2011\/07\/punk07.jpg 955w\" sizes=\"auto, (max-width: 941px) 100vw, 941px\" \/><\/a><\/figure>\n<\/div>\n\n\n<p class=\"has-text-align-center\"><em>Jag r\u00e5kar bara blunda och \u00e4r inte full eller knarkig. Vi var ordentliga flickor p\u00e5 den tiden.<\/em><\/p>\n\n\n\n<p>Musiken har funnits i mitt hj\u00e4rta sedan dess och ikv\u00e4ll blir det fest! Det s\u00e4gs att de flesta m\u00e4nniskor fastnar i sin musiksmak vid det som de lyssnade p\u00e5 n\u00e4r dom var kring 20, att de musikaliska preferenserna pr\u00e4glas d\u00e5 och \u00e4ndras inte s\u00e5 mycket. Till viss del st\u00e4mmer det in i alla fall p\u00e5 mig. N\u00e4r jag blev n\u00e4rmare 25, slutade jag att ta in ny musik. Sedan kom jag in i ett mycket destruktivt f\u00f6rh\u00e5llande som gjorde att jag dels helt slutade m\u00e5la och hade absolut ingen energi till att ta in impulser utifr\u00e5n. D\u00e4rf\u00f6r missade jag t ex Marilyn Mansons uppg\u00e5ng stort sett helt och h\u00e5llet. Jag minns att jag hoppade och studsade till Mobscene p\u00e5 radion i min gamla l\u00e4genhet och tyckte att det l\u00e4t tokbra, men jag orkade aldrig spinna vidare p\u00e5 n\u00e5got. F\u00f6rh\u00e5llandet s\u00f6g all min tid och energi. Men nu var det inte det jag skulle skriva om. Ikv\u00e4ll blir det thrash-party som jag kommer att uppleva i ett f\u00f6rh\u00e5llande som jag nog aldrig ens f\u00f6rest\u00e4llde mig att jag kunde ha.<\/p>\n\n\n<div class=\"wp-block-image\">\n<figure class=\"aligncenter size-large\"><img loading=\"lazy\" decoding=\"async\" width=\"1024\" height=\"1024\" src=\"http:\/\/www.susannavaris.com\/blogg\/wp-content\/uploads\/2023\/02\/Bild-borttagen-1024x1024.jpg\" alt=\"\" class=\"wp-image-17619\" title=\"l_b6897015b4a74025b1f40b495dd9d121\" srcset=\"http:\/\/www.susannavaris.com\/blogg\/wp-content\/uploads\/2023\/02\/Bild-borttagen-1024x1024.jpg 1024w, http:\/\/www.susannavaris.com\/blogg\/wp-content\/uploads\/2023\/02\/Bild-borttagen-300x300.jpg 300w, http:\/\/www.susannavaris.com\/blogg\/wp-content\/uploads\/2023\/02\/Bild-borttagen-150x150.jpg 150w, http:\/\/www.susannavaris.com\/blogg\/wp-content\/uploads\/2023\/02\/Bild-borttagen-768x768.jpg 768w, http:\/\/www.susannavaris.com\/blogg\/wp-content\/uploads\/2023\/02\/Bild-borttagen-1536x1536.jpg 1536w, http:\/\/www.susannavaris.com\/blogg\/wp-content\/uploads\/2023\/02\/Bild-borttagen-2048x2048.jpg 2048w\" sizes=\"auto, (max-width: 1024px) 100vw, 1024px\" \/><\/figure>\n<\/div>\n\n\n<p class=\"has-text-align-center\"><em>Slayer och Marilyn Manson i f\u00e4rd med att f\u00f6rleda nya generationer?<\/em><\/p>\n","protected":false},"excerpt":{"rendered":"<p>Metallica Idag blir det nostalgikv\u00e4ll. Ja, eller nostalgi och nostalgi f\u00f6rresten, alla inblandade \u00e4r ju i h\u00f6gsta grad aktiva fortfarande. Jag talar f\u00f6rst\u00e5s om den stora h\u00e5rdrocksfesten ikv\u00e4ll, med Anthrax, Megadeth, Slayer och Metallica p\u00e5 SVT. Finfint initiativ av den &hellip; <a href=\"http:\/\/www.susannavaris.com\/blogg\/2011\/07\/big-4\/\">Forts\u00e4tt l\u00e4sa <span class=\"meta-nav\">&rarr;<\/span><\/a><\/p>\n","protected":false},"author":1,"featured_media":1170,"comment_status":"open","ping_status":"open","sticky":false,"template":"","format":"standard","meta":{"footnotes":""},"categories":[589,14,1,384],"tags":[327,330,326,332,331,16,329,57,171,328,325],"class_list":["post-1166","post","type-post","status-publish","format-standard","has-post-thumbnail","hentry","category-medier","category-mode","category-okategoriserade","category-tv","tag-80-tal","tag-anthrax","tag-big-4","tag-discharge","tag-g-b-h","tag-marilyn-manson-2","tag-megadeth","tag-metallica","tag-punk","tag-slayer","tag-thrash"],"_links":{"self":[{"href":"http:\/\/www.susannavaris.com\/blogg\/wp-json\/wp\/v2\/posts\/1166","targetHints":{"allow":["GET"]}}],"collection":[{"href":"http:\/\/www.susannavaris.com\/blogg\/wp-json\/wp\/v2\/posts"}],"about":[{"href":"http:\/\/www.susannavaris.com\/blogg\/wp-json\/wp\/v2\/types\/post"}],"author":[{"embeddable":true,"href":"http:\/\/www.susannavaris.com\/blogg\/wp-json\/wp\/v2\/users\/1"}],"replies":[{"embeddable":true,"href":"http:\/\/www.susannavaris.com\/blogg\/wp-json\/wp\/v2\/comments?post=1166"}],"version-history":[{"count":10,"href":"http:\/\/www.susannavaris.com\/blogg\/wp-json\/wp\/v2\/posts\/1166\/revisions"}],"predecessor-version":[{"id":17784,"href":"http:\/\/www.susannavaris.com\/blogg\/wp-json\/wp\/v2\/posts\/1166\/revisions\/17784"}],"wp:featuredmedia":[{"embeddable":true,"href":"http:\/\/www.susannavaris.com\/blogg\/wp-json\/wp\/v2\/media\/1170"}],"wp:attachment":[{"href":"http:\/\/www.susannavaris.com\/blogg\/wp-json\/wp\/v2\/media?parent=1166"}],"wp:term":[{"taxonomy":"category","embeddable":true,"href":"http:\/\/www.susannavaris.com\/blogg\/wp-json\/wp\/v2\/categories?post=1166"},{"taxonomy":"post_tag","embeddable":true,"href":"http:\/\/www.susannavaris.com\/blogg\/wp-json\/wp\/v2\/tags?post=1166"}],"curies":[{"name":"wp","href":"https:\/\/api.w.org\/{rel}","templated":true}]}}