{"id":11675,"date":"2013-12-11T18:43:59","date_gmt":"2013-12-11T17:43:59","guid":{"rendered":"http:\/\/www.susannavaris.com\/blogg\/?p=11675"},"modified":"2013-12-11T18:43:59","modified_gmt":"2013-12-11T17:43:59","slug":"gor-din-rost-hord","status":"publish","type":"post","link":"http:\/\/www.susannavaris.com\/blogg\/2013\/12\/gor-din-rost-hord\/","title":{"rendered":"G\u00f6r din r\u00f6st h\u00f6rd"},"content":{"rendered":"<p><a href=\"http:\/\/www.nikk.no\/nyheter\/samarbetsprogram2015_2018\/\">H\u00e4r<\/a>\u00a0finns ett fr\u00e5gerformul\u00e4r f\u00f6r individer och organisationer som vill l\u00e4mna in synpunkter p\u00e5 hur samarbetet kring j\u00e4mst\u00e4lldhet inom Nordiska r\u00e5det ska se ut 2015-2018. Ett utm\u00e4rkt tillf\u00e4lle att bidra med underlag s\u00e5ledes.<\/p>\n<blockquote>\n<header>\n<h1>&#8221;Hur ska n\u00e4sta samarbetsprogram f\u00f6r j\u00e4mst\u00e4lldhet se ut?<\/h1>\n<p><time>2013-11-21<\/time>J\u00e4mst\u00e4lldhetsministrarna i Norden skall ta fram ett nytt samarbetsprogram f\u00f6r \u00e5ren 2015-2018. NIKK har f\u00e5tt i uppdrag att samla in synpunkter fr\u00e5n organisationer och individer i hela Norden som underlag f\u00f6r samarbetsprogrammet.<\/p>\n<\/header>\n<div>\n<div>\n<p>Vi har d\u00e4rf\u00f6r tagit fram ett fr\u00e5geformul\u00e4r med 9 fr\u00e5gor och m\u00f6jlighet att l\u00e4mna kommentar.<\/p>\n<p>Formul\u00e4ret st\u00e4nger 7 januari 2014.&#8221;<\/p>\n<\/div>\n<\/div>\n<\/blockquote>\n","protected":false},"excerpt":{"rendered":"<p>H\u00e4r\u00a0finns ett fr\u00e5gerformul\u00e4r f\u00f6r individer och organisationer som vill l\u00e4mna in synpunkter p\u00e5 hur samarbetet kring j\u00e4mst\u00e4lldhet inom Nordiska r\u00e5det ska se ut 2015-2018. Ett utm\u00e4rkt tillf\u00e4lle att bidra med underlag s\u00e5ledes. &#8221;Hur ska n\u00e4sta samarbetsprogram f\u00f6r j\u00e4mst\u00e4lldhet se ut? &hellip; <a href=\"http:\/\/www.susannavaris.com\/blogg\/2013\/12\/gor-din-rost-hord\/\">Forts\u00e4tt l\u00e4sa <span class=\"meta-nav\">&rarr;<\/span><\/a><\/p>\n","protected":false},"author":1,"featured_media":0,"comment_status":"open","ping_status":"open","sticky":false,"template":"","format":"standard","meta":{"footnotes":""},"categories":[181,259,1321,1,590],"tags":[3742,4918,2361,3741,2815],"class_list":["post-11675","post","type-post","status-publish","format-standard","hentry","category-feminism","category-genusvetenskap","category-jamstalldhet","category-okategoriserade","category-politik","tag-enkat","tag-jamstalldhet","tag-nationella-sekretariatet-for-genusforskning","tag-nikk","tag-nordiska-radet"],"_links":{"self":[{"href":"http:\/\/www.susannavaris.com\/blogg\/wp-json\/wp\/v2\/posts\/11675","targetHints":{"allow":["GET"]}}],"collection":[{"href":"http:\/\/www.susannavaris.com\/blogg\/wp-json\/wp\/v2\/posts"}],"about":[{"href":"http:\/\/www.susannavaris.com\/blogg\/wp-json\/wp\/v2\/types\/post"}],"author":[{"embeddable":true,"href":"http:\/\/www.susannavaris.com\/blogg\/wp-json\/wp\/v2\/users\/1"}],"replies":[{"embeddable":true,"href":"http:\/\/www.susannavaris.com\/blogg\/wp-json\/wp\/v2\/comments?post=11675"}],"version-history":[{"count":1,"href":"http:\/\/www.susannavaris.com\/blogg\/wp-json\/wp\/v2\/posts\/11675\/revisions"}],"predecessor-version":[{"id":11676,"href":"http:\/\/www.susannavaris.com\/blogg\/wp-json\/wp\/v2\/posts\/11675\/revisions\/11676"}],"wp:attachment":[{"href":"http:\/\/www.susannavaris.com\/blogg\/wp-json\/wp\/v2\/media?parent=11675"}],"wp:term":[{"taxonomy":"category","embeddable":true,"href":"http:\/\/www.susannavaris.com\/blogg\/wp-json\/wp\/v2\/categories?post=11675"},{"taxonomy":"post_tag","embeddable":true,"href":"http:\/\/www.susannavaris.com\/blogg\/wp-json\/wp\/v2\/tags?post=11675"}],"curies":[{"name":"wp","href":"https:\/\/api.w.org\/{rel}","templated":true}]}}