{"id":11681,"date":"2013-12-12T19:13:37","date_gmt":"2013-12-12T18:13:37","guid":{"rendered":"http:\/\/www.susannavaris.com\/blogg\/?p=11681"},"modified":"2013-12-22T20:59:35","modified_gmt":"2013-12-22T19:59:35","slug":"store-och-lillebror-ser-dig","status":"publish","type":"post","link":"http:\/\/www.susannavaris.com\/blogg\/2013\/12\/store-och-lillebror-ser-dig\/","title":{"rendered":"Store- och lillebror ser dig"},"content":{"rendered":"<p><a href=\"http:\/\/www.susannavaris.com\/blogg\/wp-content\/uploads\/2013\/12\/brev1.jpg\"><img loading=\"lazy\" decoding=\"async\" class=\"aligncenter size-full wp-image-11683\" alt=\"brev\" src=\"http:\/\/www.susannavaris.com\/blogg\/wp-content\/uploads\/2013\/12\/brev1.jpg\" width=\"971\" height=\"1277\" srcset=\"http:\/\/www.susannavaris.com\/blogg\/wp-content\/uploads\/2013\/12\/brev1.jpg 971w, http:\/\/www.susannavaris.com\/blogg\/wp-content\/uploads\/2013\/12\/brev1-228x300.jpg 228w, http:\/\/www.susannavaris.com\/blogg\/wp-content\/uploads\/2013\/12\/brev1-778x1024.jpg 778w\" sizes=\"auto, (max-width: 971px) 100vw, 971px\" \/><\/a><\/p>\n<p style=\"text-align: center;\"><em>En ren\u00e4ssans f\u00f6r brevskrivandet?<\/em><\/p>\n<p>I dessa dagar av \u00f6vervakningar och kartl\u00e4ggningar fr\u00e5n snart sagt alla h\u00e5ll kan man kanske enbart konstatera att vad var det man sa? Och vad var det Orwell sa? Internet och datorer i all sin \u00e4ra, men systemen \u00e4r ypperliga kontrollinstrument f\u00f6r den som kan och vill och denne n\u00e5gon har inte alltid de syften man t\u00e4nkt sig.<\/p>\n<p>Alla borde f\u00f6rst\u00e5s fr\u00e5n b\u00f6rjan varit medvetna om att anonymiteten p\u00e5 internet \u00e4r en illusion. Det \u00e4r till syvende och sist n\u00e4stan alltid m\u00f6jligt att luska reda p\u00e5 vem som skrivit vad, var och n\u00e4r (om man inte anstr\u00e4ngt sig speciellt genom att anv\u00e4nda kryptering och andra, anonymiserande \u00e5tg\u00e4rder, vilket inte alla alltid n\u00f6dv\u00e4ndigtvis t\u00e4nkt p\u00e5). Att skriva n\u00e5got p\u00e5 internet \u00e4r f\u00f6rst\u00e5s offentligt, det \u00e4r oftast sj\u00e4lva po\u00e4ngen, men \u00e4ven den icke-offentliga kommunikationen i form av e-post och meddelanden ska betraktas som j\u00e4mf\u00f6rbart med att skicka vykort.<\/p>\n<p>Illusionen om anonymitet har f\u00f6rst\u00e5s lett till att m\u00e5nga kommit att v\u00e4dra allsk\u00f6ns icke-rumsrena \u00e5sikter som de aldrig skulle yttra i kafferummet p\u00e5 jobbet till tusentals l\u00e4sare p\u00e5 n\u00e4tet. Sena kv\u00e4llar, andra kommentatorer som hj\u00e4lpt till att trissa upp (eller ner) niv\u00e5n i argumenten, kanske en skv\u00e4tt dricka i cocktailen resulterar i att m\u00e5nga kanske skrivit saker som i vanliga fall inte skulle ha uttryckts eller som man ens skulle velat k\u00e4nnas vid. Ett exempel p\u00e5 detta var det fam\u00f6sa fallet med tjejen som kommenterat HM:s val av Tupac p\u00e5 en t-shirt i kollektionen och efterdyningarna d\u00e4rav. Redan d\u00e5 hade redaktionen f\u00f6r Uppdrag Granskning letat fram kommentatorer och \u00e5kte i programmet hem till dem f\u00f6r att konfrontera dem inf\u00f6r rullande kameror. Expressen har i samarbete med Researchgruppen\/AFA (finansierat av Robert Aschberg) p\u00e5 sistone kartlagt kommentatorer p\u00e5 Avpixlat, n\u00e4ttidningen Fria Tider med flera. (DN \u00e4r entusiastisk \u00f6ver Expressens tilltag <a href=\"http:\/\/www.dn.se\/kultur-noje\/nyheter\/deras-research-avslojar-nathatet\/\">h\u00e4r<\/a>). I tidningen Expressen har sedan t ex politiker inom SD h\u00e4ngts ut med de rasistiska kommentarer de skrivit och ig\u00e5r \u00f6vergick man till att publicera uppgifter om privatpersoner som kommenterat. Eventuella juridiska processer f\u00e5r nu klarl\u00e4gga det legala i detta.<\/p>\n<p>Yttrandefriheten \u00e4r viktig. Mycket viktig. Den \u00e4r en f\u00f6ruts\u00e4ttning f\u00f6r en fungerande demokrati. Samtidigt m\u00e5ste det offentliga samtalet f\u00f6ras under ansvar. Det finns lagstiftning om f\u00f6rtal, hets mot folkgrupp och annat, omst\u00e4ndigheter som reglerar det offentliga samtalet. Ansvarig utgivare har ansvaret f\u00f6r det som skrivs i en tidning, en bloggare f\u00f6r det som skrivs p\u00e5 bloggen, kommentatorerna ansvarar f\u00f6r sina kommentarer, men blogg\u00e4garen kan ses som medansvarig vid modererade kommentarer, mer om det n\u00e5got sn\u00e5riga regelverket\u00a0<a href=\"http:\/\/juridikbloggen.wordpress.com\/2011\/09\/02\/ansvar-for-kommentarer-mm-pa-hemsida-gastinlagg-av-jur-kand-benjamin-o-boman\/\">h\u00e4r<\/a>. N\u00e4r det g\u00e4ller anonyma sajter och anonyma kommentarer finns det i dagsl\u00e4get en relativt stor frihet att uttrycka \u00e4ven s\u00e5dant som i normalfallet \u00e4r olagligt i skyddet av anonymiteten, eftersom det kr\u00e4vs ett brott som skulle f\u00f6ranleda f\u00e4ngelsestraff f\u00f6r att polis och \u00e5klagare ska kunna kontrollera vem som skrivit inl\u00e4gget.<\/p>\n<p>I en levande demokrati m\u00e5ste \u00e5sikter, \u00e4ven obekv\u00e4ma s\u00e5dana, kunna v\u00e4dras. De ska bem\u00f6tas och olika h\u00e5llningar och syns\u00e4tt ska kunna brytas mot varandra. Enbart p\u00e5 s\u00e5 s\u00e4tt kan demokratin leva. Man kan inte f\u00f6rbjuda \u00e5sikter eftersom man per definition d\u00e5 inte l\u00e4ngre har en demokrati.<\/p>\n<p style=\"text-align: center;\"><a href=\"http:\/\/www.susannavaris.com\/blogg\/wp-content\/uploads\/2013\/12\/brev11.jpg\"><img loading=\"lazy\" decoding=\"async\" class=\"aligncenter size-full wp-image-11684\" alt=\"brev1\" src=\"http:\/\/www.susannavaris.com\/blogg\/wp-content\/uploads\/2013\/12\/brev11.jpg\" width=\"1280\" height=\"894\" srcset=\"http:\/\/www.susannavaris.com\/blogg\/wp-content\/uploads\/2013\/12\/brev11.jpg 1280w, http:\/\/www.susannavaris.com\/blogg\/wp-content\/uploads\/2013\/12\/brev11-300x209.jpg 300w, http:\/\/www.susannavaris.com\/blogg\/wp-content\/uploads\/2013\/12\/brev11-1024x715.jpg 1024w\" sizes=\"auto, (max-width: 1280px) 100vw, 1280px\" \/><\/a>\u00a0<em>Se till att ha utkl\u00e4dnad, hatt och helt l\u00f6sn\u00e4sa om du ska tr\u00e4ffas p\u00e5 caf\u00e9.<\/em><\/p>\n<p>Fr\u00e5n andra h\u00e5llet <a href=\"http:\/\/www.svd.se\/nyheter\/inrikes\/nya-uppgifter-om-nara-samarbete-mellan-fra-och-nsa_8812256.svd\">spanar FRA<\/a>\u00a0med amerikanska och franska samarbetspartners p\u00e5 n\u00e4tet och i datorer. Mot detta kan anf\u00f6ras argument ang\u00e5ende den personliga integriteten, att alla system l\u00e4cker p\u00e5 olika s\u00e4tt och att alla system kan (och troligen kommer att) missbrukas. F\u00f6r detta kan anf\u00f6ras olika argument om skydd mot terrorism och andra s\u00e4kerhetsrelaterade anledningar.<\/p>\n<p>Det s\u00e4kraste alternativt f\u00f6r den som vill ha sina \u00e5sikter i fred och vara s\u00e4ker p\u00e5 att dela dem med endast avsedda mottagare \u00e4r v\u00e4l att \u00e5terg\u00e5 till att skriva <a href=\"http:\/\/www.ne.se\/brevhemlighet\">brev<\/a>\u00a0och tr\u00e4ffas personligen (gl\u00f6m inte att l\u00e4mna mobiler och datorer hemma och cykla dit du ska p\u00e5 en skogsv\u00e4g, se f\u00f6rresten till att m\u00f6tas i en skog ocks\u00e5).<\/p>\n<p>\u00c4ndring i inl\u00e4gget: borttaget avsnitt om att det inte finns ett egenv\u00e4rde i att kunna sprida hat.<\/p>\n<p>Andra artiklar:<\/p>\n<p><a href=\"http:\/\/www.svd.se\/opinion\/brannpunkt\/medierna-blir-till-offentlig-skampale_8809900.svd\">Anna Troberg i SvD<\/a><\/p>\n<p><a href=\"http:\/\/www.svt.se\/nyheter\/sverige\/efter-avslojandet-sd-politiker-avgar\">SD-politiker avg\u00e5r SR<\/a><\/p>\n<p><a href=\"http:\/\/www.dn.se\/nyheter\/sverige\/chef-sparkas-efter-rasistkommentar-pa-avpixlat\/\">Chef p\u00e5 kommunalt bolag avg\u00e5r efter Avpixlat-avsl\u00f6jande DN<\/a><\/p>\n<p><a href=\"http:\/\/debatt.svt.se\/2013\/12\/12\/expressen-besokte-natets-omkladningsrum\/\">Fredrik Segerfeldt p\u00e5 SVT Debatt<\/a><\/p>\n<p><a href=\"http:\/\/www.metro.se\/nyheter\/lackan-pa-avpixlat-stoppas\/EVHmlk!W0Itbbq2Hjb1U\/\">Metro om hur uppgifterna l\u00e4cktes fr\u00e5n Avpixlat<\/a><\/p>\n<p><a href=\"http:\/\/www.svd.se\/opinion\/brannpunkt\/felaktigheter-skadar-svensk-signalspaning_8814300.svd\">Ordf\u00f6rande i f\u00f6rsvarsunderr\u00e4ttelsedomstolen i SvD<\/a><\/p>\n<p><a href=\"http:\/\/www.dn.se\/nyheter\/sverige\/sd-larare-stangs-av-efter-avslojandet\/\">SD-politikern Stensby st\u00e4ngs av fr\u00e5n l\u00e4rarj\u00e4nst DN<\/a><\/p>\n<p><a href=\"http:\/\/www.svd.se\/opinion\/brannpunkt\/lagen-ger-fra-for-stort-utrymme_8819530.svd\">Replik av doktor och lektor vid Uppsala universitet<\/a><\/p>\n<p><a href=\"http:\/\/www.svd.se\/opinion\/brannpunkt\/fra-domarens-besked-ar-inte-lugnande_8819936.svd\">Replik av advokat och generalsekreterare i Sveriges advokatsamfund<\/a><\/p>\n<p><a href=\"http:\/\/www.svt.se\/ug\/las-dokumenten-om-sverige-fran-edward-snowden\">SVT Uppdrag Granskning Snowden dokument<\/a><\/p>\n<p><a href=\"http:\/\/www.dn.se\/kultur-noje\/film-tv\/aschberg-jagar-nattroll-i-tv\/\">Aschbergs program Trollj\u00e4garna DN<\/a><\/p>\n<p><a href=\"http:\/\/www.dn.se\/nyheter\/sverige\/asiktsregistrering-pagick-till-1998\/\">Peter Bratt om \u00e5siktsregistrering tidigare i \u00e5r i DN<\/a><\/p>\n<p>Aktivarum\u00a0<a href=\"http:\/\/aktivarum.wordpress.com\/2013\/12\/13\/om-researchgruppens-fd-afa-doku-och-expressens-kartlaggning-och-uthangning\/\">1<\/a>\u00a0och\u00a0<a href=\"http:\/\/aktivarum.wordpress.com\/2013\/12\/14\/pensionarer-och-smaforetagare-afa-expressens-uthangning-sparkar-nerat-mot-vanligt-folk\/\">2<\/a><\/p>\n<p><a href=\"http:\/\/toklandet.wordpress.com\/2013\/12\/14\/nu-vet-vi-var-gransen-gar\/\">Toklandet om Expressens uth\u00e4ngningar<\/a><\/p>\n<p><a href=\"http:\/\/www.svd.se\/opinion\/ledarsidan\/expressen-och-nietzsches-monster_8824598.svd?fb_action_ids=390627704403870&amp;fb_action_types=og.recommends&amp;fb_source=other_multiline&amp;action_object_map=%5B626242890751039%5D&amp;action_type_map=%5B%22og.recommends%22%5D&amp;action_ref_map=%5B%5D\">Sanna Rayman om offentliga skamp\u00e5lar i SvD<\/a><\/p>\n<p><a href=\"http:\/\/genusdebatten.se\/expressens-uthangning-av-kvinnohat-hatade-kvinnor-eller-hatade-for-att-de-ar-kvinnor\/\">Expressens kartl\u00e4ggning spiller \u00f6ver i sk kvinnohat Genusdebatten<\/a><\/p>\n","protected":false},"excerpt":{"rendered":"<p>En ren\u00e4ssans f\u00f6r brevskrivandet? I dessa dagar av \u00f6vervakningar och kartl\u00e4ggningar fr\u00e5n snart sagt alla h\u00e5ll kan man kanske enbart konstatera att vad var det man sa? Och vad var det Orwell sa? Internet och datorer i all sin \u00e4ra, &hellip; <a href=\"http:\/\/www.susannavaris.com\/blogg\/2013\/12\/store-och-lillebror-ser-dig\/\">Forts\u00e4tt l\u00e4sa <span class=\"meta-nav\">&rarr;<\/span><\/a><\/p>\n","protected":false},"author":1,"featured_media":0,"comment_status":"open","ping_status":"open","sticky":false,"template":"","format":"standard","meta":{"footnotes":""},"categories":[181,1928,589,1,590,1060,889],"tags":[3737,3746,2703,356,3745,2471,3747,3744,2688,1605],"class_list":["post-11681","post","type-post","status-publish","format-standard","hentry","category-feminism","category-journalistik","category-medier","category-okategoriserade","category-politik","category-samhallsplanering","category-teknik","tag-afa","tag-aschberg","tag-avpixlat","tag-expressen","tag-fra","tag-internet","tag-kartlaggning","tag-spaning","tag-uppdrag-granskning","tag-yttrandefrihet"],"_links":{"self":[{"href":"http:\/\/www.susannavaris.com\/blogg\/wp-json\/wp\/v2\/posts\/11681","targetHints":{"allow":["GET"]}}],"collection":[{"href":"http:\/\/www.susannavaris.com\/blogg\/wp-json\/wp\/v2\/posts"}],"about":[{"href":"http:\/\/www.susannavaris.com\/blogg\/wp-json\/wp\/v2\/types\/post"}],"author":[{"embeddable":true,"href":"http:\/\/www.susannavaris.com\/blogg\/wp-json\/wp\/v2\/users\/1"}],"replies":[{"embeddable":true,"href":"http:\/\/www.susannavaris.com\/blogg\/wp-json\/wp\/v2\/comments?post=11681"}],"version-history":[{"count":19,"href":"http:\/\/www.susannavaris.com\/blogg\/wp-json\/wp\/v2\/posts\/11681\/revisions"}],"predecessor-version":[{"id":11741,"href":"http:\/\/www.susannavaris.com\/blogg\/wp-json\/wp\/v2\/posts\/11681\/revisions\/11741"}],"wp:attachment":[{"href":"http:\/\/www.susannavaris.com\/blogg\/wp-json\/wp\/v2\/media?parent=11681"}],"wp:term":[{"taxonomy":"category","embeddable":true,"href":"http:\/\/www.susannavaris.com\/blogg\/wp-json\/wp\/v2\/categories?post=11681"},{"taxonomy":"post_tag","embeddable":true,"href":"http:\/\/www.susannavaris.com\/blogg\/wp-json\/wp\/v2\/tags?post=11681"}],"curies":[{"name":"wp","href":"https:\/\/api.w.org\/{rel}","templated":true}]}}