{"id":11693,"date":"2013-12-12T21:55:44","date_gmt":"2013-12-12T20:55:44","guid":{"rendered":"http:\/\/www.susannavaris.com\/blogg\/?p=11693"},"modified":"2013-12-12T21:57:10","modified_gmt":"2013-12-12T20:57:10","slug":"samtidigt-pa-ett-anrikt-universitet-nara-dig","status":"publish","type":"post","link":"http:\/\/www.susannavaris.com\/blogg\/2013\/12\/samtidigt-pa-ett-anrikt-universitet-nara-dig\/","title":{"rendered":"Samtidigt p\u00e5 ett anrikt universitet n\u00e4ra dig&#8230;"},"content":{"rendered":"<p>Hittar l\u00e4nkar till Uppsala universitets queerseminarium och n\u00e5got som kallas f\u00f6r fittaktivism hos <a href=\"http:\/\/tanjabergkvist.wordpress.com\">Tanja Bergkvist<\/a>. Jag s\u00e4ger som hon: se dem p\u00e5 egen risk <a href=\"http:\/\/fittforfight.wordpress.com\/2013\/02\/21\/queera-perspektiv-pa-fittan-uppsala-universitets-queerseminarium-mandag-252\/\">h\u00e4r<\/a>\u00a0och\u00a0<a href=\"http:\/\/fittforfight.wordpress.com\/2013\/03\/20\/oh-child-jag-kanner-faktiskt-att-jag-ar-battre-kompis-med-min-fitta-nu\/\">h\u00e4r<\/a>\u00a0Galenskapen i landet verkar \u00f6ka exponentiellt. I sammanhanget figurerar \u00e4ven Liljevalchs och v\u00e5rsalongen, d\u00e4r ett resultat av n\u00e4mnda aktivism kunde besk\u00e5das.<\/p>\n","protected":false},"excerpt":{"rendered":"<p>Hittar l\u00e4nkar till Uppsala universitets queerseminarium och n\u00e5got som kallas f\u00f6r fittaktivism hos Tanja Bergkvist. Jag s\u00e4ger som hon: se dem p\u00e5 egen risk h\u00e4r\u00a0och\u00a0h\u00e4r\u00a0Galenskapen i landet verkar \u00f6ka exponentiellt. I sammanhanget figurerar \u00e4ven Liljevalchs och v\u00e5rsalongen, d\u00e4r ett resultat &hellip; <a href=\"http:\/\/www.susannavaris.com\/blogg\/2013\/12\/samtidigt-pa-ett-anrikt-universitet-nara-dig\/\">Forts\u00e4tt l\u00e4sa <span class=\"meta-nav\">&rarr;<\/span><\/a><\/p>\n","protected":false},"author":1,"featured_media":0,"comment_status":"open","ping_status":"open","sticky":false,"template":"","format":"standard","meta":{"footnotes":""},"categories":[181,259,3,1162,1,590,403,303,4],"tags":[3748,3749,4899,4903,17,734],"class_list":["post-11693","post","type-post","status-publish","format-standard","hentry","category-feminism","category-genusvetenskap","category-konst","category-kultur","category-okategoriserade","category-politik","category-pseudovetenskap","category-religion","category-utstallning","tag-fittaktivism","tag-fittforfight","tag-genus","tag-genusvetenskap","tag-konst-2","tag-liljevalchs"],"_links":{"self":[{"href":"http:\/\/www.susannavaris.com\/blogg\/wp-json\/wp\/v2\/posts\/11693","targetHints":{"allow":["GET"]}}],"collection":[{"href":"http:\/\/www.susannavaris.com\/blogg\/wp-json\/wp\/v2\/posts"}],"about":[{"href":"http:\/\/www.susannavaris.com\/blogg\/wp-json\/wp\/v2\/types\/post"}],"author":[{"embeddable":true,"href":"http:\/\/www.susannavaris.com\/blogg\/wp-json\/wp\/v2\/users\/1"}],"replies":[{"embeddable":true,"href":"http:\/\/www.susannavaris.com\/blogg\/wp-json\/wp\/v2\/comments?post=11693"}],"version-history":[{"count":3,"href":"http:\/\/www.susannavaris.com\/blogg\/wp-json\/wp\/v2\/posts\/11693\/revisions"}],"predecessor-version":[{"id":11696,"href":"http:\/\/www.susannavaris.com\/blogg\/wp-json\/wp\/v2\/posts\/11693\/revisions\/11696"}],"wp:attachment":[{"href":"http:\/\/www.susannavaris.com\/blogg\/wp-json\/wp\/v2\/media?parent=11693"}],"wp:term":[{"taxonomy":"category","embeddable":true,"href":"http:\/\/www.susannavaris.com\/blogg\/wp-json\/wp\/v2\/categories?post=11693"},{"taxonomy":"post_tag","embeddable":true,"href":"http:\/\/www.susannavaris.com\/blogg\/wp-json\/wp\/v2\/tags?post=11693"}],"curies":[{"name":"wp","href":"https:\/\/api.w.org\/{rel}","templated":true}]}}