{"id":11735,"date":"2013-12-21T22:39:34","date_gmt":"2013-12-21T21:39:34","guid":{"rendered":"http:\/\/www.susannavaris.com\/blogg\/?p=11735"},"modified":"2013-12-21T22:40:11","modified_gmt":"2013-12-21T21:40:11","slug":"jobbar-pa-julstamningen","status":"publish","type":"post","link":"http:\/\/www.susannavaris.com\/blogg\/2013\/12\/jobbar-pa-julstamningen\/","title":{"rendered":"Jobbar p\u00e5 julst\u00e4mningen"},"content":{"rendered":"<p>Med en f\u00f6rkylning och en magsjuka avklarad inom loppet av tv\u00e5 veckor och med st\u00e4dning, julgransinf\u00f6rskaffande, julpyntande, julkortsskrivande, julklappsanskaffande och -inslagning bakom mig k\u00e4nner jag mig redo att ta mig an resten av julst\u00f6ket och kanske eventuellt ocks\u00e5 firandet. Maten har till delar redan inf\u00f6rskaffats ocks\u00e5, resten blir imorgon och p\u00e5 m\u00e5ndag. Julk\u00e4nslan satt h\u00e5rt inne. N\u00e4r vi nu p\u00e5 dagen begav oss ner mot kolgrillen i \u00d6stert\u00e4lje f\u00f6r att inta lunch var det blygr\u00e5daskigt ute. Gr\u00e4smattorna gr\u00f6nskade i den sjugradiga decemberluften och det regnade ett par skv\u00e4ttar. V\u00e4dret g\u00f6r d\u00e5 inte sitt f\u00f6r att ingjuta n\u00e5gon som helst julk\u00e4nsla i n\u00e5gon som likt mig sj\u00e4lv redan \u00e4r alldeles f\u00f6r gammal f\u00f6r att pirret sj\u00e4lvmant ska uppenbara sig.<\/p>\n<p><a href=\"http:\/\/www.susannavaris.com\/blogg\/wp-content\/uploads\/2013\/12\/DSC_0290-50.jpg\"><img loading=\"lazy\" decoding=\"async\" class=\"aligncenter size-full wp-image-11736\" alt=\"DSC_0290-50\" src=\"http:\/\/www.susannavaris.com\/blogg\/wp-content\/uploads\/2013\/12\/DSC_0290-50.jpg\" width=\"1491\" height=\"2202\" srcset=\"http:\/\/www.susannavaris.com\/blogg\/wp-content\/uploads\/2013\/12\/DSC_0290-50.jpg 1491w, http:\/\/www.susannavaris.com\/blogg\/wp-content\/uploads\/2013\/12\/DSC_0290-50-203x300.jpg 203w, http:\/\/www.susannavaris.com\/blogg\/wp-content\/uploads\/2013\/12\/DSC_0290-50-693x1024.jpg 693w\" sizes=\"auto, (max-width: 1491px) 100vw, 1491px\" \/><\/a> <a href=\"http:\/\/www.susannavaris.com\/blogg\/wp-content\/uploads\/2013\/12\/DSC_0291-50.jpg\"><img loading=\"lazy\" decoding=\"async\" class=\"aligncenter size-full wp-image-11737\" alt=\"DSC_0291-50\" src=\"http:\/\/www.susannavaris.com\/blogg\/wp-content\/uploads\/2013\/12\/DSC_0291-50.jpg\" width=\"1351\" height=\"1746\" srcset=\"http:\/\/www.susannavaris.com\/blogg\/wp-content\/uploads\/2013\/12\/DSC_0291-50.jpg 1351w, http:\/\/www.susannavaris.com\/blogg\/wp-content\/uploads\/2013\/12\/DSC_0291-50-232x300.jpg 232w, http:\/\/www.susannavaris.com\/blogg\/wp-content\/uploads\/2013\/12\/DSC_0291-50-792x1024.jpg 792w\" sizes=\"auto, (max-width: 1351px) 100vw, 1351px\" \/><\/a> <a href=\"http:\/\/www.susannavaris.com\/blogg\/wp-content\/uploads\/2013\/12\/DSC_0294-50.jpg\"><img loading=\"lazy\" decoding=\"async\" class=\"aligncenter size-full wp-image-11738\" alt=\"DSC_0294-50\" src=\"http:\/\/www.susannavaris.com\/blogg\/wp-content\/uploads\/2013\/12\/DSC_0294-50.jpg\" width=\"1536\" height=\"2304\" srcset=\"http:\/\/www.susannavaris.com\/blogg\/wp-content\/uploads\/2013\/12\/DSC_0294-50.jpg 1536w, http:\/\/www.susannavaris.com\/blogg\/wp-content\/uploads\/2013\/12\/DSC_0294-50-200x300.jpg 200w, http:\/\/www.susannavaris.com\/blogg\/wp-content\/uploads\/2013\/12\/DSC_0294-50-682x1024.jpg 682w\" sizes=\"auto, (max-width: 1536px) 100vw, 1536px\" \/><\/a><\/p>\n<p>Men h\u00f6r och h\u00e4pna, allt julst\u00f6k och framf\u00f6r allt det f\u00e4rdiga resultatet tillsammans med lite gl\u00f6gg och medeltida julmusik fick julk\u00e4nslan att uppenbara sig! I \u00e5r kommer julafton att infalla p\u00e5 kv\u00e4llen den 25:e f\u00f6r oss, om jag nu inte mirakul\u00f6st blir ledig p\u00e5 julafton tack vare den i senaste laget inskickade ledighetsans\u00f6kan. Vi hade inte planerat att vara lediga, men Uffe r\u00e5kade bli det och det vore ju trevligt f\u00f6rst\u00e5s att d\u00e5 vara det tillsammans. Annars blir det jul p\u00e5 juldagen.<\/p>\n<p>Efter m\u00e5nga konstiga och vissa riktigt katastrofala jular \u00e4r det ganska trevligt att ha n\u00e5gon att fira en lugn och sk\u00f6n jul med. D\u00e5 kan det vara fint att damma av traditioner och st\u00f6ka till lite jul, men denna h\u00f6gtid blir l\u00e4tt ett minf\u00e4lt av krossade f\u00f6rv\u00e4ntningar och dr\u00f6mmar. Julen kan vara alldeles underbar, men kan bli ett rent helvete om man inte har n\u00e5gon att fira med eller p\u00e5 grund av tusentals andra saker som st\u00e4ller de personliga och familj\u00e4ra relationerna p\u00e5 sin spets. Jag hoppas att alla l\u00e4sare f\u00e5r en lugn, fin och fr\u00f6jdefull jul! Blir den inte perfekt s\u00e5 f\u00e5r man tr\u00f6sta sig med att den s\u00e4llan \u00e4r s\u00e5 d\u00e4r vykortslik hos andra heller&#8230;<\/p>\n","protected":false},"excerpt":{"rendered":"<p>Med en f\u00f6rkylning och en magsjuka avklarad inom loppet av tv\u00e5 veckor och med st\u00e4dning, julgransinf\u00f6rskaffande, julpyntande, julkortsskrivande, julklappsanskaffande och -inslagning bakom mig k\u00e4nner jag mig redo att ta mig an resten av julst\u00f6ket och kanske eventuellt ocks\u00e5 firandet. Maten &hellip; <a href=\"http:\/\/www.susannavaris.com\/blogg\/2013\/12\/jobbar-pa-julstamningen\/\">Forts\u00e4tt l\u00e4sa <span class=\"meta-nav\">&rarr;<\/span><\/a><\/p>\n","protected":false},"author":1,"featured_media":0,"comment_status":"open","ping_status":"open","sticky":false,"template":"","format":"standard","meta":{"footnotes":""},"categories":[213,1162,1,303],"tags":[949,3762,1063],"class_list":["post-11735","post","type-post","status-publish","format-standard","hentry","category-inredning","category-kultur","category-okategoriserade","category-religion","tag-jul","tag-julen-2013","tag-julgran"],"_links":{"self":[{"href":"http:\/\/www.susannavaris.com\/blogg\/wp-json\/wp\/v2\/posts\/11735","targetHints":{"allow":["GET"]}}],"collection":[{"href":"http:\/\/www.susannavaris.com\/blogg\/wp-json\/wp\/v2\/posts"}],"about":[{"href":"http:\/\/www.susannavaris.com\/blogg\/wp-json\/wp\/v2\/types\/post"}],"author":[{"embeddable":true,"href":"http:\/\/www.susannavaris.com\/blogg\/wp-json\/wp\/v2\/users\/1"}],"replies":[{"embeddable":true,"href":"http:\/\/www.susannavaris.com\/blogg\/wp-json\/wp\/v2\/comments?post=11735"}],"version-history":[{"count":2,"href":"http:\/\/www.susannavaris.com\/blogg\/wp-json\/wp\/v2\/posts\/11735\/revisions"}],"predecessor-version":[{"id":11740,"href":"http:\/\/www.susannavaris.com\/blogg\/wp-json\/wp\/v2\/posts\/11735\/revisions\/11740"}],"wp:attachment":[{"href":"http:\/\/www.susannavaris.com\/blogg\/wp-json\/wp\/v2\/media?parent=11735"}],"wp:term":[{"taxonomy":"category","embeddable":true,"href":"http:\/\/www.susannavaris.com\/blogg\/wp-json\/wp\/v2\/categories?post=11735"},{"taxonomy":"post_tag","embeddable":true,"href":"http:\/\/www.susannavaris.com\/blogg\/wp-json\/wp\/v2\/tags?post=11735"}],"curies":[{"name":"wp","href":"https:\/\/api.w.org\/{rel}","templated":true}]}}