{"id":11750,"date":"2013-12-25T19:15:54","date_gmt":"2013-12-25T18:15:54","guid":{"rendered":"http:\/\/www.susannavaris.com\/blogg\/?p=11750"},"modified":"2013-12-25T23:05:33","modified_gmt":"2013-12-25T22:05:33","slug":"juldagen-2013","status":"publish","type":"post","link":"http:\/\/www.susannavaris.com\/blogg\/2013\/12\/juldagen-2013\/","title":{"rendered":"Juldagen 2013"},"content":{"rendered":"<p>Jag skulle egentligen ha jobbat idag, men tack vare gott personall\u00e4ge kunde jag ta ledigt. Jag vet inte om det \u00e4r f\u00f6rra veckornas sjukdomar, julst\u00f6ket eller m\u00f6rkret, men musten har fullst\u00e4ndigt g\u00e5tt ur mig. Kroppen vill knappt inta n\u00e5gon annan position \u00e4n den horisontella. Det v\u00e4rsta \u00e4r att \u00e4ven hj\u00e4rnan tycks ha v\u00e4xlat ner p\u00e5 n\u00e5gon icke-v\u00e4xel, den orkar knappt t\u00e4nka en sammanh\u00e4ngande tanke, l\u00e5ngt mindre \u00e5stadkomma n\u00e5got av v\u00e4rde att blogga om. \u00d6gonen k\u00e4nns \u00e4ven de slitna och enkla uppgifter som att se Nightmare Before Christmas p\u00e5 en tv verkar f\u00f6r anstr\u00e4ngande. Hela min lekamen tycks vilja g\u00e5 i ide f\u00f6r att vakna upp n\u00e4r v\u00e5ren \u00e4r h\u00e4r.<\/p>\n<p>Det \u00e4r snart dags att kn\u00e5pa ihop \u00e5rets 10 b\u00e4sta-lista och b\u00f6rja fundera p\u00e5 vidare projekt. Jag har nu bloggat i tv\u00e5 och ett halvt \u00e5r om genustokerierna och radikalfeminismen. Till f\u00f6ljd av detta har jag n\u00e4stan slutat l\u00e4sa DN. Det infinner sig ibland \u00e4ven en leda: samma kvoterings- och 50\/50-hysteri (som allt oftare kommit att bli <a href=\"http:\/\/www.susannavaris.com\/blogg\/2013\/11\/referensinlagg-ju-fler-kvinnor-desto-battre-jamstalldhet\/\">&#8221;ju fler kvinnor, desto b\u00e4ttre j\u00e4mst\u00e4lldhet&#8221;<\/a>), samma hatretorik och f\u00f6rakt mot ett helt k\u00f6n. I en eller annan form kommer jag att forts\u00e4tta skriva om detta, om inte annat s\u00e5 f\u00f6r att f\u00e5 det ur mitt system. Kanske kommer det att bli p\u00e5 en annan blogg, kanske som det \u00e4r, dvs h\u00e4r. F\u00f6r tillf\u00e4llet har jag dock inte lust med n\u00e5gonting, jag \u00e4r f\u00f6r tr\u00f6tt. Jag orkar inte skapa konst och jag orkar inte skriva. Jag hoppas att jag snart har energin \u00e5ter, tack alla l\u00e4sare som f\u00f6ljt min blogg under \u00e5ret och som har kommenterat! Feedbacken g\u00f6r att jag orkar forts\u00e4tta. God forts\u00e4ttning p\u00e5 er alla!<\/p>\n","protected":false},"excerpt":{"rendered":"<p>Jag skulle egentligen ha jobbat idag, men tack vare gott personall\u00e4ge kunde jag ta ledigt. Jag vet inte om det \u00e4r f\u00f6rra veckornas sjukdomar, julst\u00f6ket eller m\u00f6rkret, men musten har fullst\u00e4ndigt g\u00e5tt ur mig. Kroppen vill knappt inta n\u00e5gon annan &hellip; <a href=\"http:\/\/www.susannavaris.com\/blogg\/2013\/12\/juldagen-2013\/\">Forts\u00e4tt l\u00e4sa <span class=\"meta-nav\">&rarr;<\/span><\/a><\/p>\n","protected":false},"author":1,"featured_media":0,"comment_status":"open","ping_status":"open","sticky":false,"template":"","format":"standard","meta":{"footnotes":""},"categories":[181,1],"tags":[284,1747,3764,1496],"class_list":["post-11750","post","type-post","status-publish","format-standard","hentry","category-feminism","category-okategoriserade","tag-blogg","tag-bloggen","tag-skrivande","tag-trotthet"],"_links":{"self":[{"href":"http:\/\/www.susannavaris.com\/blogg\/wp-json\/wp\/v2\/posts\/11750","targetHints":{"allow":["GET"]}}],"collection":[{"href":"http:\/\/www.susannavaris.com\/blogg\/wp-json\/wp\/v2\/posts"}],"about":[{"href":"http:\/\/www.susannavaris.com\/blogg\/wp-json\/wp\/v2\/types\/post"}],"author":[{"embeddable":true,"href":"http:\/\/www.susannavaris.com\/blogg\/wp-json\/wp\/v2\/users\/1"}],"replies":[{"embeddable":true,"href":"http:\/\/www.susannavaris.com\/blogg\/wp-json\/wp\/v2\/comments?post=11750"}],"version-history":[{"count":2,"href":"http:\/\/www.susannavaris.com\/blogg\/wp-json\/wp\/v2\/posts\/11750\/revisions"}],"predecessor-version":[{"id":11760,"href":"http:\/\/www.susannavaris.com\/blogg\/wp-json\/wp\/v2\/posts\/11750\/revisions\/11760"}],"wp:attachment":[{"href":"http:\/\/www.susannavaris.com\/blogg\/wp-json\/wp\/v2\/media?parent=11750"}],"wp:term":[{"taxonomy":"category","embeddable":true,"href":"http:\/\/www.susannavaris.com\/blogg\/wp-json\/wp\/v2\/categories?post=11750"},{"taxonomy":"post_tag","embeddable":true,"href":"http:\/\/www.susannavaris.com\/blogg\/wp-json\/wp\/v2\/tags?post=11750"}],"curies":[{"name":"wp","href":"https:\/\/api.w.org\/{rel}","templated":true}]}}