{"id":11752,"date":"2013-12-25T19:46:44","date_gmt":"2013-12-25T18:46:44","guid":{"rendered":"http:\/\/www.susannavaris.com\/blogg\/?p=11752"},"modified":"2013-12-25T19:46:44","modified_gmt":"2013-12-25T18:46:44","slug":"julinteriorer-och-krampus","status":"publish","type":"post","link":"http:\/\/www.susannavaris.com\/blogg\/2013\/12\/julinteriorer-och-krampus\/","title":{"rendered":"Julinteri\u00f6rer och Krampus"},"content":{"rendered":"<p>Som bekant s\u00e5 var vi i Wien i b\u00f6rjan av december. I \u00d6sterrike finns ut\u00f6ver St Nikolaus en figur som heter <a href=\"http:\/\/en.wikipedia.org\/wiki\/Krampus\">Krampus<\/a>\u00a0(som uppb\u00e4r bet\u00e4nkliga likheter med dj\u00e4vulen):<\/p>\n<p><a href=\"http:\/\/www.susannavaris.com\/blogg\/wp-content\/uploads\/2013\/12\/krampus.jpg\"><img loading=\"lazy\" decoding=\"async\" class=\"aligncenter size-full wp-image-11753\" alt=\"krampus\" src=\"http:\/\/www.susannavaris.com\/blogg\/wp-content\/uploads\/2013\/12\/krampus.jpg\" width=\"472\" height=\"750\" srcset=\"http:\/\/www.susannavaris.com\/blogg\/wp-content\/uploads\/2013\/12\/krampus.jpg 472w, http:\/\/www.susannavaris.com\/blogg\/wp-content\/uploads\/2013\/12\/krampus-188x300.jpg 188w\" sizes=\"auto, (max-width: 472px) 100vw, 472px\" \/><\/a>\u00a0I \u00d6sterrikisk tv sitter man i en panel med psykologer och diskuterar hur man b\u00e4st hanterar sin krampusr\u00e4dsla och visst, vissa av de figurer som syntes i rutan skulle man inte vilja m\u00f6ta i en m\u00f6rk gr\u00e4nd. H\u00e4r hemma r\u00e4cker det ju med jultomten f\u00f6r att vissa ungar ska bli skraja&#8230;<\/p>\n<p>F\u00f6r en monsterdiggare som jag sj\u00e4lv var detta sj\u00e4lvklara ink\u00f6p:<\/p>\n<p><a href=\"http:\/\/www.susannavaris.com\/blogg\/wp-content\/uploads\/2013\/12\/DSC_0295-50.jpg\"><img loading=\"lazy\" decoding=\"async\" class=\"aligncenter size-full wp-image-11754\" alt=\"DSC_0295-50\" src=\"http:\/\/www.susannavaris.com\/blogg\/wp-content\/uploads\/2013\/12\/DSC_0295-50.jpg\" width=\"1525\" height=\"2099\" srcset=\"http:\/\/www.susannavaris.com\/blogg\/wp-content\/uploads\/2013\/12\/DSC_0295-50.jpg 1525w, http:\/\/www.susannavaris.com\/blogg\/wp-content\/uploads\/2013\/12\/DSC_0295-50-217x300.jpg 217w, http:\/\/www.susannavaris.com\/blogg\/wp-content\/uploads\/2013\/12\/DSC_0295-50-743x1024.jpg 743w\" sizes=\"auto, (max-width: 1525px) 100vw, 1525px\" \/><\/a> <a href=\"http:\/\/www.susannavaris.com\/blogg\/wp-content\/uploads\/2013\/12\/DSC_0627-50.jpg\"><img loading=\"lazy\" decoding=\"async\" class=\"aligncenter size-full wp-image-11755\" alt=\"DSC_0627-50\" src=\"http:\/\/www.susannavaris.com\/blogg\/wp-content\/uploads\/2013\/12\/DSC_0627-50.jpg\" width=\"1424\" height=\"2144\" srcset=\"http:\/\/www.susannavaris.com\/blogg\/wp-content\/uploads\/2013\/12\/DSC_0627-50.jpg 1424w, http:\/\/www.susannavaris.com\/blogg\/wp-content\/uploads\/2013\/12\/DSC_0627-50-199x300.jpg 199w, http:\/\/www.susannavaris.com\/blogg\/wp-content\/uploads\/2013\/12\/DSC_0627-50-680x1024.jpg 680w\" sizes=\"auto, (max-width: 1424px) 100vw, 1424px\" \/><\/a><\/p>\n<p style=\"text-align: center;\"><em><a href=\"http:\/\/www.leschanz.at\/\">Leschanz<\/a>, utan tvekan v\u00e4rldens godaste choklad och marsipan.\u00a0<\/em><\/p>\n<p style=\"text-align: center;\"><a href=\"http:\/\/www.susannavaris.com\/blogg\/wp-content\/uploads\/2013\/12\/DSC_0298-50.jpg\"><img loading=\"lazy\" decoding=\"async\" class=\"aligncenter size-full wp-image-11756\" alt=\"DSC_0298-50\" src=\"http:\/\/www.susannavaris.com\/blogg\/wp-content\/uploads\/2013\/12\/DSC_0298-50.jpg\" width=\"1574\" height=\"1324\" srcset=\"http:\/\/www.susannavaris.com\/blogg\/wp-content\/uploads\/2013\/12\/DSC_0298-50.jpg 1574w, http:\/\/www.susannavaris.com\/blogg\/wp-content\/uploads\/2013\/12\/DSC_0298-50-300x252.jpg 300w, http:\/\/www.susannavaris.com\/blogg\/wp-content\/uploads\/2013\/12\/DSC_0298-50-1024x861.jpg 1024w\" sizes=\"auto, (max-width: 1574px) 100vw, 1574px\" \/><\/a><em>\u00a0S\u00e5 h\u00e4r ser asken ut inuti; \u00e4pplet i \u00f6vre, v\u00e4nstra h\u00f6rnet var spetsat med n\u00e5gon form av \u00e4ppelsprit, s\u00e5 att det verkligen s\u00e5g ut som ett riktigt \u00e4pple med en n\u00e5got m\u00f6rkare parti inuti. Det hade \u00e4ven en h\u00e5rd, liten kvist.<\/em><\/p>\n<p style=\"text-align: center;\"><a href=\"http:\/\/www.susannavaris.com\/blogg\/wp-content\/uploads\/2013\/12\/DSC_0297-50.jpg\"><img loading=\"lazy\" decoding=\"async\" class=\"aligncenter size-full wp-image-11757\" alt=\"DSC_0297-50\" src=\"http:\/\/www.susannavaris.com\/blogg\/wp-content\/uploads\/2013\/12\/DSC_0297-50.jpg\" width=\"2304\" height=\"1536\" srcset=\"http:\/\/www.susannavaris.com\/blogg\/wp-content\/uploads\/2013\/12\/DSC_0297-50.jpg 2304w, http:\/\/www.susannavaris.com\/blogg\/wp-content\/uploads\/2013\/12\/DSC_0297-50-300x200.jpg 300w, http:\/\/www.susannavaris.com\/blogg\/wp-content\/uploads\/2013\/12\/DSC_0297-50-1024x682.jpg 1024w\" sizes=\"auto, (max-width: 2304px) 100vw, 2304px\" \/><\/a><em>\u00a0Jul i k\u00f6ket.<\/em><\/p>\n","protected":false},"excerpt":{"rendered":"<p>Som bekant s\u00e5 var vi i Wien i b\u00f6rjan av december. I \u00d6sterrike finns ut\u00f6ver St Nikolaus en figur som heter Krampus\u00a0(som uppb\u00e4r bet\u00e4nkliga likheter med dj\u00e4vulen): \u00a0I \u00d6sterrikisk tv sitter man i en panel med psykologer och diskuterar hur &hellip; <a href=\"http:\/\/www.susannavaris.com\/blogg\/2013\/12\/julinteriorer-och-krampus\/\">Forts\u00e4tt l\u00e4sa <span class=\"meta-nav\">&rarr;<\/span><\/a><\/p>\n","protected":false},"author":1,"featured_media":0,"comment_status":"open","ping_status":"open","sticky":false,"template":"","format":"standard","meta":{"footnotes":""},"categories":[674,1162,1,303],"tags":[3767,949,3765,3769,3768,3766,1119,67],"class_list":["post-11752","post","type-post","status-publish","format-standard","hentry","category-historia","category-kultur","category-okategoriserade","category-religion","tag-choklad","tag-jul","tag-julgodis","tag-jultradition","tag-krampus","tag-leschanz","tag-osterrike","tag-wien"],"_links":{"self":[{"href":"http:\/\/www.susannavaris.com\/blogg\/wp-json\/wp\/v2\/posts\/11752","targetHints":{"allow":["GET"]}}],"collection":[{"href":"http:\/\/www.susannavaris.com\/blogg\/wp-json\/wp\/v2\/posts"}],"about":[{"href":"http:\/\/www.susannavaris.com\/blogg\/wp-json\/wp\/v2\/types\/post"}],"author":[{"embeddable":true,"href":"http:\/\/www.susannavaris.com\/blogg\/wp-json\/wp\/v2\/users\/1"}],"replies":[{"embeddable":true,"href":"http:\/\/www.susannavaris.com\/blogg\/wp-json\/wp\/v2\/comments?post=11752"}],"version-history":[{"count":1,"href":"http:\/\/www.susannavaris.com\/blogg\/wp-json\/wp\/v2\/posts\/11752\/revisions"}],"predecessor-version":[{"id":11758,"href":"http:\/\/www.susannavaris.com\/blogg\/wp-json\/wp\/v2\/posts\/11752\/revisions\/11758"}],"wp:attachment":[{"href":"http:\/\/www.susannavaris.com\/blogg\/wp-json\/wp\/v2\/media?parent=11752"}],"wp:term":[{"taxonomy":"category","embeddable":true,"href":"http:\/\/www.susannavaris.com\/blogg\/wp-json\/wp\/v2\/categories?post=11752"},{"taxonomy":"post_tag","embeddable":true,"href":"http:\/\/www.susannavaris.com\/blogg\/wp-json\/wp\/v2\/tags?post=11752"}],"curies":[{"name":"wp","href":"https:\/\/api.w.org\/{rel}","templated":true}]}}