{"id":11785,"date":"2013-12-26T14:14:38","date_gmt":"2013-12-26T13:14:38","guid":{"rendered":"http:\/\/www.susannavaris.com\/blogg\/?p=11785"},"modified":"2013-12-26T14:26:02","modified_gmt":"2013-12-26T13:26:02","slug":"feministiska-kolumnister-alltsa-det-ar-alltid-samma-sak","status":"publish","type":"post","link":"http:\/\/www.susannavaris.com\/blogg\/2013\/12\/feministiska-kolumnister-alltsa-det-ar-alltid-samma-sak\/","title":{"rendered":"Feministiska kolumnister allts\u00e5, det \u00e4r alltid samma sak!"},"content":{"rendered":"<p style=\"text-align: center;\"><a href=\"http:\/\/www.susannavaris.com\/blogg\/wp-content\/uploads\/2013\/12\/Johanna-Franden-580x340.jpg\"><img loading=\"lazy\" decoding=\"async\" class=\"aligncenter size-full wp-image-11786\" alt=\"Johanna-Franden-580x340\" src=\"http:\/\/www.susannavaris.com\/blogg\/wp-content\/uploads\/2013\/12\/Johanna-Franden-580x340.jpg\" width=\"580\" height=\"340\" srcset=\"http:\/\/www.susannavaris.com\/blogg\/wp-content\/uploads\/2013\/12\/Johanna-Franden-580x340.jpg 580w, http:\/\/www.susannavaris.com\/blogg\/wp-content\/uploads\/2013\/12\/Johanna-Franden-580x340-300x175.jpg 300w\" sizes=\"auto, (max-width: 580px) 100vw, 580px\" \/><\/a>\u00a0<em>Johanna Fr\u00e4nd\u00e9n. Foto: Aftonbladet<\/em><\/p>\n<p>I dagens Aftonbladet finns ett <a href=\"http:\/\/www.aftonbladet.se\/nyheter\/kolumnister\/johannafranden\/article18081666.ab\">bidrag<\/a>\u00a0i den feministiska folksporten &#8221;gn\u00e4ll p\u00e5 m\u00e4nnen&#8221; skrivet av Johanna Fr\u00e4nd\u00e9n. Po\u00e4ngen med kolumnen kan tyckas n\u00e5got grumlig f\u00f6r oss som inte har som levebr\u00f6d att skriva mansfientliga kolumner i feminismens namn. Fr\u00e4nd\u00e9n vill ber\u00e4tta om n\u00e5gon slags systerskap hon tillf\u00e4lligt k\u00e4nde med en f\u00f6r henne helt ok\u00e4nd kvinna ur \u00f6verklassen som under Svampen p\u00e5 Stureplan yttrat f\u00f6ljande riktat till henne:<\/p>\n<blockquote><p>&#8221;Karlar allts\u00e5, det \u00e4r alltid samma sak!&#8221;<\/p><\/blockquote>\n<p>Fr\u00e4nd\u00e9ns systerskap g\u00e5r med andra ord ut p\u00e5 att f\u00f6renas i en gemensam klagan \u00f6ver de f\u00f6rf\u00e4rliga m\u00e4nnen. Till och med en privilegierad dam fr\u00e5n \u00d6stermalm har detta ok att b\u00e4ra; att ha en man i sitt liv. Hu, sicket \u00f6de. Ber\u00e4tta g\u00e4rna om ni hittar n\u00e5got annat budskap i texten.<\/p>\n<p>Till\u00e4gg:<\/p>\n<p>Inne i tidningen <a href=\"http:\/\/www.aftonbladet.se\/wendela\/kronikorer\/malinwollin\/article18067473.ab\">undrar<\/a>\u00a0n\u00e4sta, feministiska kolumnist (Malin Wollin, fotbollsfru) varf\u00f6r vi fortfarande inte har haft en kvinnlig statsminister n\u00e4r kvinnor \u00e4nd\u00e5 \u00e4r b\u00e4ttre \u00e4n m\u00e4n:<\/p>\n<blockquote><p>&#8221;Det skulle vara betydligt l\u00e4ttare att leva om man tog de b\u00e5da v\u00e4nnernas metod p\u00e5 allvar: om man t\u00e4nkte att vi kvinnor \u00e4r lite smartare och lite b\u00e4ttre \u00e4n m\u00e4n \u00f6verlag.<br \/>\nMen jag vill inte leva s\u00e5.&#8221;<\/p><\/blockquote>\n<p>&nbsp;<\/p>\n","protected":false},"excerpt":{"rendered":"<p>\u00a0Johanna Fr\u00e4nd\u00e9n. Foto: Aftonbladet I dagens Aftonbladet finns ett bidrag\u00a0i den feministiska folksporten &#8221;gn\u00e4ll p\u00e5 m\u00e4nnen&#8221; skrivet av Johanna Fr\u00e4nd\u00e9n. Po\u00e4ngen med kolumnen kan tyckas n\u00e5got grumlig f\u00f6r oss som inte har som levebr\u00f6d att skriva mansfientliga kolumner i feminismens &hellip; <a href=\"http:\/\/www.susannavaris.com\/blogg\/2013\/12\/feministiska-kolumnister-alltsa-det-ar-alltid-samma-sak\/\">Forts\u00e4tt l\u00e4sa <span class=\"meta-nav\">&rarr;<\/span><\/a><\/p>\n","protected":false},"author":1,"featured_media":0,"comment_status":"open","ping_status":"open","sticky":false,"template":"","format":"standard","meta":{"footnotes":""},"categories":[181,1928,589,1,590],"tags":[149,4900,3772,3467,2877,3774,3773,2721],"class_list":["post-11785","post","type-post","status-publish","format-standard","hentry","category-feminism","category-journalistik","category-medier","category-okategoriserade","category-politik","tag-aftonbladet","tag-feminism","tag-johanna-franden","tag-kolumn","tag-kronika","tag-kvinnor-battre-an-man","tag-malin-wollin","tag-misandri"],"_links":{"self":[{"href":"http:\/\/www.susannavaris.com\/blogg\/wp-json\/wp\/v2\/posts\/11785","targetHints":{"allow":["GET"]}}],"collection":[{"href":"http:\/\/www.susannavaris.com\/blogg\/wp-json\/wp\/v2\/posts"}],"about":[{"href":"http:\/\/www.susannavaris.com\/blogg\/wp-json\/wp\/v2\/types\/post"}],"author":[{"embeddable":true,"href":"http:\/\/www.susannavaris.com\/blogg\/wp-json\/wp\/v2\/users\/1"}],"replies":[{"embeddable":true,"href":"http:\/\/www.susannavaris.com\/blogg\/wp-json\/wp\/v2\/comments?post=11785"}],"version-history":[{"count":4,"href":"http:\/\/www.susannavaris.com\/blogg\/wp-json\/wp\/v2\/posts\/11785\/revisions"}],"predecessor-version":[{"id":11790,"href":"http:\/\/www.susannavaris.com\/blogg\/wp-json\/wp\/v2\/posts\/11785\/revisions\/11790"}],"wp:attachment":[{"href":"http:\/\/www.susannavaris.com\/blogg\/wp-json\/wp\/v2\/media?parent=11785"}],"wp:term":[{"taxonomy":"category","embeddable":true,"href":"http:\/\/www.susannavaris.com\/blogg\/wp-json\/wp\/v2\/categories?post=11785"},{"taxonomy":"post_tag","embeddable":true,"href":"http:\/\/www.susannavaris.com\/blogg\/wp-json\/wp\/v2\/tags?post=11785"}],"curies":[{"name":"wp","href":"https:\/\/api.w.org\/{rel}","templated":true}]}}