{"id":11795,"date":"2013-12-30T12:14:31","date_gmt":"2013-12-30T11:14:31","guid":{"rendered":"http:\/\/www.susannavaris.com\/blogg\/?p=11795"},"modified":"2013-12-31T11:36:26","modified_gmt":"2013-12-31T10:36:26","slug":"bara-i-sverige-barn-bara-i-sverige","status":"publish","type":"post","link":"http:\/\/www.susannavaris.com\/blogg\/2013\/12\/bara-i-sverige-barn-bara-i-sverige\/","title":{"rendered":"Mansfritt2014"},"content":{"rendered":"<p><a href=\"http:\/\/www.susannavaris.com\/blogg\/wp-content\/uploads\/2013\/12\/mansfritt3.png\"><img loading=\"lazy\" decoding=\"async\" class=\"aligncenter size-full wp-image-11798\" alt=\"mansfritt3\" src=\"http:\/\/www.susannavaris.com\/blogg\/wp-content\/uploads\/2013\/12\/mansfritt3.png\" width=\"896\" height=\"238\" srcset=\"http:\/\/www.susannavaris.com\/blogg\/wp-content\/uploads\/2013\/12\/mansfritt3.png 896w, http:\/\/www.susannavaris.com\/blogg\/wp-content\/uploads\/2013\/12\/mansfritt3-300x79.png 300w\" sizes=\"auto, (max-width: 896px) 100vw, 896px\" \/><\/a><\/p>\n<p>Kristin Lundell <a href=\"http:\/\/www.svd.se\/kultur\/hatet-har-puttrat-pa-som-ett-langkok_8854498.svd\">beklagar<\/a>\u00a0sig i dagens SvD \u00f6ver att feminismen under 2013 tagits f\u00f6r given och ser hoppfullt p\u00e5 Belinda Ohlssons kommande serie om tillst\u00e5ndet hos den svenska feminismen (n\u00e5got f\u00f6r fackfolk, inte f\u00f6r journalister, skulle jag dock s\u00e4ga&#8230;)<\/p>\n<p>Anledning att fundera \u00f6ver tillst\u00e5ndet f\u00f6r den svenska feminismen finns det dock. N\u00e5got som heter #mansfritt2014 har nyligen poppat upp p\u00e5 Twitter och via en l\u00e4nk hittar jag till <a href=\"http:\/\/mansfritt2014.wordpress.com\/mansfritt2014\/\">initiativet<\/a>\u00a0p\u00e5 en blogg driven av en person som beskriver sig p\u00e5 f\u00f6ljande vis:<\/p>\n<p><a href=\"http:\/\/www.susannavaris.com\/blogg\/wp-content\/uploads\/2013\/12\/mansfritt2.jpg\"><img loading=\"lazy\" decoding=\"async\" class=\"aligncenter size-full wp-image-11796\" alt=\"mansfritt2\" src=\"http:\/\/www.susannavaris.com\/blogg\/wp-content\/uploads\/2013\/12\/mansfritt2.jpg\" width=\"628\" height=\"201\" srcset=\"http:\/\/www.susannavaris.com\/blogg\/wp-content\/uploads\/2013\/12\/mansfritt2.jpg 628w, http:\/\/www.susannavaris.com\/blogg\/wp-content\/uploads\/2013\/12\/mansfritt2-300x96.jpg 300w\" sizes=\"auto, (max-width: 628px) 100vw, 628px\" \/><\/a>\u00a0Att n\u00e5gon vill piffa upp sitt trista radhusliv med lite feministisk revolutionsromantik m\u00e5 v\u00e4l ha h\u00e4nt, men hur t\u00e4nker Gustav kring sitt eget k\u00f6n? Hur k\u00e4nns det om man k\u00e4nner sig n\u00f6dgad att censurera kulturella bidrag fr\u00e5n personer med samma k\u00f6n som en sj\u00e4lv? \u00a0Och framf\u00f6r allt; hur blir mer sexism en kamp mot sexism? (Jag antar att syftet med kampanjen \u00e4r att kompensera f\u00f6r den sk mansdominansen p\u00e5 kulturomr\u00e5det). Kampanjen tycks ha v\u00e4ckt en hel del reaktioner, men tyv\u00e4rr appl\u00e5derar inte den feministiska falangen Gustavs initiativ unisont. Kommentarer p\u00e5 bloggen:<\/p>\n<p><a href=\"http:\/\/www.susannavaris.com\/blogg\/wp-content\/uploads\/2013\/12\/mansfritt.jpg\"><img loading=\"lazy\" decoding=\"async\" class=\"aligncenter size-full wp-image-11797\" alt=\"mansfritt\" src=\"http:\/\/www.susannavaris.com\/blogg\/wp-content\/uploads\/2013\/12\/mansfritt.jpg\" width=\"657\" height=\"511\" srcset=\"http:\/\/www.susannavaris.com\/blogg\/wp-content\/uploads\/2013\/12\/mansfritt.jpg 657w, http:\/\/www.susannavaris.com\/blogg\/wp-content\/uploads\/2013\/12\/mansfritt-300x233.jpg 300w\" sizes=\"auto, (max-width: 657px) 100vw, 657px\" \/><\/a>\u00a0H\u00e4r kommer i \u00e5ter till pudelns k\u00e4rna; enligt denna representant f\u00f6r feministiskt t\u00e4nkande s\u00e5 \u00e4r Gustavs k\u00f6n problematiskt. En annan kritisk <a href=\"http:\/\/nojesguiden.se\/blogg\/kakan\/mansfritt-2014-eller-forever\">r\u00f6st<\/a>\u00a0\u00e4r allas v\u00e5r Kakan Hermansson:<\/p>\n<blockquote><p>&#8221;J\u00e4ttem\u00e5nga g\u00f6r s\u00e5 h\u00e4r, det \u00e4r inget nytt under solen att v\u00e4lja bort manlig popul\u00e4rkultur. Det \u00e4r en \u00f6verlevnadsstrategi f\u00f6r m\u00e4nniskor som f\u00f6rst\u00e5tt sig p\u00e5 hur v\u00e4rldens ser ut, hur hatet mot kvinnor ser ut och den politiska v\u00e4rldsordningen.<\/p>\n<p>Men nej, inte nog att jag blir provocerad av detta. Denna upprepning av en av de vanligaste h\u00e4rskarteknikerna: n\u00e4mligen osynligg\u00f6randet. Vi \u00e4r som sagt m\u00e5nga som levt s\u00e5h\u00e4r i flera \u00e5r, m\u00e5nga i decennier, det finns en hel r\u00f6relse som heter feminister. Utan M\u00c4N BLIR KR\u00c4NKTA.&#8221;<\/p><\/blockquote>\n<p>(Kakan \u00e4r, som vi vet, en av de mest osynliggjorda personerna vi har i Sverige.) Och visst, r\u00f6sta med f\u00f6tterna \u00e4r en metodik \u00e4ven jag brukar f\u00f6respr\u00e5ka. Vill m\u00e4nniskor konsumera\/avnjuta kultur som enbart skapats av r\u00e4tt slags m\u00e4nniskor och ha detta som det \u00f6verordnade kvalitetskriteriet s\u00e5 fine, vem \u00e4r jag att tala om f\u00f6r dem hur de ska leva? Den h\u00e4r sortens utspel g\u00f6r det dock sv\u00e5rare att argumentera f\u00f6r att feminismen skulle vara n\u00e5got positivt f\u00f6r b\u00e5de kvinnor och m\u00e4n.<\/p>\n<p>Andra om Mansfritt2014:<\/p>\n<p><a href=\"http:\/\/bashflak.wordpress.com\/2013\/12\/30\/ett-mansfritt-2014\/\">Bashflak<\/a><\/p>\n<p>Ekvalist har en bra sammanfattning av feminism\u00e5ret 2013\u00a0<a href=\"http:\/\/ekvalist.blogspot.se\/2013\/12\/aret-som-gick-2013.html\">h\u00e4r<\/a>.<\/p>\n<p>OT, men intressant av Sanna Rayman\u00a0<a href=\"http:\/\/blog.svd.se\/ledarbloggen\/2013\/12\/29\/feminism-och-manliga-dygder\/\">h\u00e4r<\/a>.<\/p>\n","protected":false},"excerpt":{"rendered":"<p>Kristin Lundell beklagar\u00a0sig i dagens SvD \u00f6ver att feminismen under 2013 tagits f\u00f6r given och ser hoppfullt p\u00e5 Belinda Ohlssons kommande serie om tillst\u00e5ndet hos den svenska feminismen (n\u00e5got f\u00f6r fackfolk, inte f\u00f6r journalister, skulle jag dock s\u00e4ga&#8230;) Anledning att &hellip; <a href=\"http:\/\/www.susannavaris.com\/blogg\/2013\/12\/bara-i-sverige-barn-bara-i-sverige\/\">Forts\u00e4tt l\u00e4sa <span class=\"meta-nav\">&rarr;<\/span><\/a><\/p>\n","protected":false},"author":1,"featured_media":0,"comment_status":"open","ping_status":"open","sticky":false,"template":"","format":"standard","meta":{"footnotes":""},"categories":[178,181,3067,259,1321,1162,589,1,590,303],"tags":[4900,3777,4899,3778,3282,2636,4917,3779,2680,754,1982,2776],"class_list":["post-11795","post","type-post","status-publish","format-standard","hentry","category-blodtryckshojare","category-feminism","category-feminism-referensinlagg","category-genusvetenskap","category-jamstalldhet","category-kultur","category-medier","category-okategoriserade","category-politik","category-religion","tag-feminism","tag-feminism-till-for-bade-man-och-kvinnor","tag-genus","tag-gustav-edman","tag-kakan","tag-kakan-hermansson","tag-kultur","tag-mansfritt2014","tag-radikalfeminism","tag-sanna-lundell","tag-sanna-rayman","tag-twitter"],"_links":{"self":[{"href":"http:\/\/www.susannavaris.com\/blogg\/wp-json\/wp\/v2\/posts\/11795","targetHints":{"allow":["GET"]}}],"collection":[{"href":"http:\/\/www.susannavaris.com\/blogg\/wp-json\/wp\/v2\/posts"}],"about":[{"href":"http:\/\/www.susannavaris.com\/blogg\/wp-json\/wp\/v2\/types\/post"}],"author":[{"embeddable":true,"href":"http:\/\/www.susannavaris.com\/blogg\/wp-json\/wp\/v2\/users\/1"}],"replies":[{"embeddable":true,"href":"http:\/\/www.susannavaris.com\/blogg\/wp-json\/wp\/v2\/comments?post=11795"}],"version-history":[{"count":4,"href":"http:\/\/www.susannavaris.com\/blogg\/wp-json\/wp\/v2\/posts\/11795\/revisions"}],"predecessor-version":[{"id":11835,"href":"http:\/\/www.susannavaris.com\/blogg\/wp-json\/wp\/v2\/posts\/11795\/revisions\/11835"}],"wp:attachment":[{"href":"http:\/\/www.susannavaris.com\/blogg\/wp-json\/wp\/v2\/media?parent=11795"}],"wp:term":[{"taxonomy":"category","embeddable":true,"href":"http:\/\/www.susannavaris.com\/blogg\/wp-json\/wp\/v2\/categories?post=11795"},{"taxonomy":"post_tag","embeddable":true,"href":"http:\/\/www.susannavaris.com\/blogg\/wp-json\/wp\/v2\/tags?post=11795"}],"curies":[{"name":"wp","href":"https:\/\/api.w.org\/{rel}","templated":true}]}}