{"id":11886,"date":"2014-01-10T20:31:50","date_gmt":"2014-01-10T19:31:50","guid":{"rendered":"http:\/\/www.susannavaris.com\/blogg\/?p=11886"},"modified":"2014-01-10T20:31:50","modified_gmt":"2014-01-10T19:31:50","slug":"just-sayin","status":"publish","type":"post","link":"http:\/\/www.susannavaris.com\/blogg\/2014\/01\/just-sayin\/","title":{"rendered":"Just sayin\u00b4&#8230;"},"content":{"rendered":"<p>Att anklaga islam f\u00f6r att inhysa en v\u00e5ldt\u00e4ktskultur <a href=\"http:\/\/nyheter24.se\/nyheter\/politik\/759963-valdtaktsuttalandet-inom-ramarna-for-nolltoleransen\">gick ju inte f\u00f6r sig<\/a>. Att <a href=\"http:\/\/www.aftonbladet.se\/ledare\/ledarkronika\/danielswedin\/article16471220.ab\">anklaga alla m\u00e4n<\/a>\u00a0f\u00f6r att inhysa en v\u00e5ldt\u00e4ktskultur g\u00e5r dock alldeles utm\u00e4rkt.<\/p>\n<p>(Observera nu att jag inte f\u00f6respr\u00e5kar kollektiv skuldbel\u00e4ggning av n\u00e5gon sort. Jag st\u00f6djer heller inte SD politiskt.)<\/p>\n<p>Jag har tidigare bloggat om Kakan Hermansson och v\u00e5ldt\u00e4ktskulturen\u00a0<a href=\"http:\/\/www.susannavaris.com\/blogg\/2013\/07\/kakan-om-valdtaktskulturen\/\">h\u00e4r<\/a>.<\/p>\n<p>Enligt <a href=\"http:\/\/www.politism.se\/genusfolket\/no-sympathy-with-whores-vad-ar-en-valdtaktskultur\/\">Politism<\/a>\u00a0uppr\u00e4tth\u00e5ller alla m\u00e4nniskor som ing\u00e5r i v\u00e5ldt\u00e4ktskulturen densamme. Ingen s\u00e4rskild skuldbel\u00e4ggning av m\u00e4nnen just i den formuleringen (mer s\u00e5 i konsekvenserna av beskrivningen av sj\u00e4lva v\u00e5ldt\u00e4ktskulturen). En bisarr effekt av den h\u00e4r beskrivningen blir att om man t ex r\u00e5der n\u00e5gon att inte kl\u00e4 sig f\u00f6r utmanande eller att kanske vara f\u00f6rsiktig i utelivet och p\u00e5 krogen ing\u00e5r man tydligen i denna v\u00e5ldt\u00e4ktskultur:<\/p>\n<blockquote><p>&#8221;F\u00f6rmaningar och varningar till kvinnor om hur de ska skydda sig mot v\u00e5ldt\u00e4kt \u00e4r ett exempel p\u00e5 denna typ av destruktiv v\u00e4lvillighet. Att en person, s\u00e4g, en f\u00f6r\u00e4lder, vill skydda en annan person, s\u00e4g, sin dotter, fr\u00e5n risker \u00e4r inte speciellt sv\u00e5rt att f\u00f6rst\u00e5. Men om man g\u00e5r ifr\u00e5n individniv\u00e5n och till och med gruppniv\u00e5n och ist\u00e4llet tittar p\u00e5 samh\u00e4llsniv\u00e5n, s\u00e5 \u00e4r det just dessa v\u00e4lvilliga f\u00f6rmaningar om att skydda sig mot v\u00e5ldt\u00e4kt som kontrollerar och skuldbel\u00e4gger kvinnornas beteende mer \u00e4n v\u00e5ldt\u00e4kterna i sig.&#8221;<\/p><\/blockquote>\n<p>Och inte bara det; det man g\u00f6r anses <strong>v\u00e4rre<\/strong> \u00e4n sj\u00e4lva v\u00e5ldt\u00e4kten i sig. (!) N\u00e5ja, slutsatsen av diskursen i media blir att alla m\u00e4nniskor, utom muslimerna, ing\u00e5r i en v\u00e5ldt\u00e4ktskultur.<\/p>\n","protected":false},"excerpt":{"rendered":"<p>Att anklaga islam f\u00f6r att inhysa en v\u00e5ldt\u00e4ktskultur gick ju inte f\u00f6r sig. Att anklaga alla m\u00e4n\u00a0f\u00f6r att inhysa en v\u00e5ldt\u00e4ktskultur g\u00e5r dock alldeles utm\u00e4rkt. (Observera nu att jag inte f\u00f6respr\u00e5kar kollektiv skuldbel\u00e4ggning av n\u00e5gon sort. Jag st\u00f6djer heller inte &hellip; <a href=\"http:\/\/www.susannavaris.com\/blogg\/2014\/01\/just-sayin\/\">Forts\u00e4tt l\u00e4sa <span class=\"meta-nav\">&rarr;<\/span><\/a><\/p>\n","protected":false},"author":1,"featured_media":0,"comment_status":"open","ping_status":"open","sticky":false,"template":"","format":"standard","meta":{"footnotes":""},"categories":[181,154,259,1321,1928,1162,589,1,590],"tags":[3802,641,3519,637,3285],"class_list":["post-11886","post","type-post","status-publish","format-standard","hentry","category-feminism","category-genus","category-genusvetenskap","category-jamstalldhet","category-journalistik","category-kultur","category-medier","category-okategoriserade","category-politik","tag-daniel-swedin","tag-islam","tag-politism","tag-sd","tag-valdtaktskultur"],"_links":{"self":[{"href":"http:\/\/www.susannavaris.com\/blogg\/wp-json\/wp\/v2\/posts\/11886","targetHints":{"allow":["GET"]}}],"collection":[{"href":"http:\/\/www.susannavaris.com\/blogg\/wp-json\/wp\/v2\/posts"}],"about":[{"href":"http:\/\/www.susannavaris.com\/blogg\/wp-json\/wp\/v2\/types\/post"}],"author":[{"embeddable":true,"href":"http:\/\/www.susannavaris.com\/blogg\/wp-json\/wp\/v2\/users\/1"}],"replies":[{"embeddable":true,"href":"http:\/\/www.susannavaris.com\/blogg\/wp-json\/wp\/v2\/comments?post=11886"}],"version-history":[{"count":1,"href":"http:\/\/www.susannavaris.com\/blogg\/wp-json\/wp\/v2\/posts\/11886\/revisions"}],"predecessor-version":[{"id":11887,"href":"http:\/\/www.susannavaris.com\/blogg\/wp-json\/wp\/v2\/posts\/11886\/revisions\/11887"}],"wp:attachment":[{"href":"http:\/\/www.susannavaris.com\/blogg\/wp-json\/wp\/v2\/media?parent=11886"}],"wp:term":[{"taxonomy":"category","embeddable":true,"href":"http:\/\/www.susannavaris.com\/blogg\/wp-json\/wp\/v2\/categories?post=11886"},{"taxonomy":"post_tag","embeddable":true,"href":"http:\/\/www.susannavaris.com\/blogg\/wp-json\/wp\/v2\/tags?post=11886"}],"curies":[{"name":"wp","href":"https:\/\/api.w.org\/{rel}","templated":true}]}}