{"id":11888,"date":"2014-01-10T21:00:13","date_gmt":"2014-01-10T20:00:13","guid":{"rendered":"http:\/\/www.susannavaris.com\/blogg\/?p=11888"},"modified":"2014-01-13T15:47:00","modified_gmt":"2014-01-13T14:47:00","slug":"referensinlagg-misandri-inom-feminismen","status":"publish","type":"post","link":"http:\/\/www.susannavaris.com\/blogg\/2014\/01\/referensinlagg-misandri-inom-feminismen\/","title":{"rendered":"Referensinl\u00e4gg &#8211; misandri inom feminismen"},"content":{"rendered":"<p>Jag hade precis f\u00f6r mig att jag redan hade ett s\u00e5dant h\u00e4r inl\u00e4gg, men kan i vilket fall inte hitta det nu. H\u00e4r samlas material om misandri inom feminismen.<\/p>\n<p><a href=\"http:\/\/tenebrism.wordpress.com\/2014\/01\/10\/manshat-ar-inget-krav-for-feminister\/\">Tenebrism<\/a>\u00a0om att manshat inte \u00e4r ett krav inom feminismen.<\/p>\n<p>Bianca och Tiffany Kronl\u00f6f med Belinda Ohlsson inf\u00f6r den sistn\u00e4mndas tv-serie om feminism i l\u00e5ten\u00a0<a href=\"http:\/\/www.svtplay.se\/klipp\/1722249\/gubbslemslaten-2014-tiffany-och-bianca-kronlof-featuring-belinda-olsson\">Gubbslemsl\u00e5ten 2014<\/a><\/p>\n","protected":false},"excerpt":{"rendered":"<p>Jag hade precis f\u00f6r mig att jag redan hade ett s\u00e5dant h\u00e4r inl\u00e4gg, men kan i vilket fall inte hitta det nu. H\u00e4r samlas material om misandri inom feminismen. Tenebrism\u00a0om att manshat inte \u00e4r ett krav inom feminismen. Bianca och &hellip; <a href=\"http:\/\/www.susannavaris.com\/blogg\/2014\/01\/referensinlagg-misandri-inom-feminismen\/\">Forts\u00e4tt l\u00e4sa <span class=\"meta-nav\">&rarr;<\/span><\/a><\/p>\n","protected":false},"author":1,"featured_media":0,"comment_status":"open","ping_status":"open","sticky":false,"template":"","format":"standard","meta":{"footnotes":""},"categories":[181,3067,154,259,1321,589,1,590],"tags":[4900,2720,2721,3803],"class_list":["post-11888","post","type-post","status-publish","format-standard","hentry","category-feminism","category-feminism-referensinlagg","category-genus","category-genusvetenskap","category-jamstalldhet","category-medier","category-okategoriserade","category-politik","tag-feminism","tag-manshat","tag-misandri","tag-referensinlagg"],"_links":{"self":[{"href":"http:\/\/www.susannavaris.com\/blogg\/wp-json\/wp\/v2\/posts\/11888","targetHints":{"allow":["GET"]}}],"collection":[{"href":"http:\/\/www.susannavaris.com\/blogg\/wp-json\/wp\/v2\/posts"}],"about":[{"href":"http:\/\/www.susannavaris.com\/blogg\/wp-json\/wp\/v2\/types\/post"}],"author":[{"embeddable":true,"href":"http:\/\/www.susannavaris.com\/blogg\/wp-json\/wp\/v2\/users\/1"}],"replies":[{"embeddable":true,"href":"http:\/\/www.susannavaris.com\/blogg\/wp-json\/wp\/v2\/comments?post=11888"}],"version-history":[{"count":3,"href":"http:\/\/www.susannavaris.com\/blogg\/wp-json\/wp\/v2\/posts\/11888\/revisions"}],"predecessor-version":[{"id":11895,"href":"http:\/\/www.susannavaris.com\/blogg\/wp-json\/wp\/v2\/posts\/11888\/revisions\/11895"}],"wp:attachment":[{"href":"http:\/\/www.susannavaris.com\/blogg\/wp-json\/wp\/v2\/media?parent=11888"}],"wp:term":[{"taxonomy":"category","embeddable":true,"href":"http:\/\/www.susannavaris.com\/blogg\/wp-json\/wp\/v2\/categories?post=11888"},{"taxonomy":"post_tag","embeddable":true,"href":"http:\/\/www.susannavaris.com\/blogg\/wp-json\/wp\/v2\/tags?post=11888"}],"curies":[{"name":"wp","href":"https:\/\/api.w.org\/{rel}","templated":true}]}}