{"id":11891,"date":"2014-01-12T10:20:09","date_gmt":"2014-01-12T09:20:09","guid":{"rendered":"http:\/\/www.susannavaris.com\/blogg\/?p=11891"},"modified":"2014-01-12T13:19:41","modified_gmt":"2014-01-12T12:19:41","slug":"forhor-med-skavlan","status":"publish","type":"post","link":"http:\/\/www.susannavaris.com\/blogg\/2014\/01\/forhor-med-skavlan\/","title":{"rendered":"F\u00f6rh\u00f6r med Skavlan"},"content":{"rendered":"<p>F\u00f6rste f\u00f6rh\u00f6rsledare Kristin Lundell\u00a0rapporterar i dagens SvD\u00a0fr\u00e5n sitt\u00a0f\u00f6rh\u00f6r med den norska programledaren Fredrik Skavlan. Rapportens beteckning \u00e4r <a href=\"http:\/\/www.svd.se\/kultur\/ar-du-tuppen-i-honsgarden_8884338.svd\">&#8221;\u00e4r du tuppen i h\u00f6nsg\u00e5rden?&#8221;<\/a>\u00a0och har genomf\u00f6rts med anledning av tveksamheter kring F. Skavlans ideologiska \u00f6vertygelse. Lundell f\u00f6rh\u00f6r Skavlan om ett par ur ideologisk synvinkel tveksamma intervjuer och sk\u00e4mt som f\u00f6rekommit i programmet och kartl\u00e4gger vidare Skavlans bek\u00e4nnelse till den r\u00e4tta ideologin med fr\u00e5gor som &#8221;\u00c4r du feminist?&#8221;, &#8221;Och du anv\u00e4nder dig av ordet feminist?&#8221; och &#8221;Vad l\u00e4gger du i ordet feminist?&#8221;. Den praktiska till\u00e4mpningen av den ideologiska \u00f6vertygelsen unders\u00f6ks med fr\u00e5gorna &#8221;Du har ju en ett och ett halvt-\u00e5rig dotter hemma. Har du varit f\u00f6r\u00e4ldraledig?&#8221; och &#8221;Var du f\u00f6r\u00e4ldraledig med dina tre \u00e4ldre barn?&#8221;. N\u00e4r intervjun med den utpekade avf\u00e4llingen bed\u00f6mts ge tillfredsst\u00e4llande resultat \u00f6verl\u00e4mnas en present, Nina Bj\u00f6rks <em>Under det Rosa T\u00e4cket<\/em>, f\u00f6r att den misst\u00e4nkte ytterligare ska kunna st\u00e4rka sig i sin \u00f6vertygelse. Avdelningen f\u00f6r ideologisk renl\u00e4righet inom media n\u00f6jer sig med detta f\u00f6r stunden, men kommer att \u00f6vervaka den intervjuades fortsatta g\u00e4rning.<\/p>\n","protected":false},"excerpt":{"rendered":"<p>F\u00f6rste f\u00f6rh\u00f6rsledare Kristin Lundell\u00a0rapporterar i dagens SvD\u00a0fr\u00e5n sitt\u00a0f\u00f6rh\u00f6r med den norska programledaren Fredrik Skavlan. Rapportens beteckning \u00e4r &#8221;\u00e4r du tuppen i h\u00f6nsg\u00e5rden?&#8221;\u00a0och har genomf\u00f6rts med anledning av tveksamheter kring F. Skavlans ideologiska \u00f6vertygelse. Lundell f\u00f6rh\u00f6r Skavlan om ett par ur &hellip; <a href=\"http:\/\/www.susannavaris.com\/blogg\/2014\/01\/forhor-med-skavlan\/\">Forts\u00e4tt l\u00e4sa <span class=\"meta-nav\">&rarr;<\/span><\/a><\/p>\n","protected":false},"author":1,"featured_media":0,"comment_status":"open","ping_status":"open","sticky":false,"template":"","format":"standard","meta":{"footnotes":""},"categories":[178,181,154,259,1928,1162,589,1,590,303,384],"tags":[4900,3804,3581,2690,351],"class_list":["post-11891","post","type-post","status-publish","format-standard","hentry","category-blodtryckshojare","category-feminism","category-genus","category-genusvetenskap","category-journalistik","category-kultur","category-medier","category-okategoriserade","category-politik","category-religion","category-tv","tag-feminism","tag-fredrik-skavlan","tag-ideologi","tag-kristin-lundell","tag-media"],"_links":{"self":[{"href":"http:\/\/www.susannavaris.com\/blogg\/wp-json\/wp\/v2\/posts\/11891","targetHints":{"allow":["GET"]}}],"collection":[{"href":"http:\/\/www.susannavaris.com\/blogg\/wp-json\/wp\/v2\/posts"}],"about":[{"href":"http:\/\/www.susannavaris.com\/blogg\/wp-json\/wp\/v2\/types\/post"}],"author":[{"embeddable":true,"href":"http:\/\/www.susannavaris.com\/blogg\/wp-json\/wp\/v2\/users\/1"}],"replies":[{"embeddable":true,"href":"http:\/\/www.susannavaris.com\/blogg\/wp-json\/wp\/v2\/comments?post=11891"}],"version-history":[{"count":2,"href":"http:\/\/www.susannavaris.com\/blogg\/wp-json\/wp\/v2\/posts\/11891\/revisions"}],"predecessor-version":[{"id":11893,"href":"http:\/\/www.susannavaris.com\/blogg\/wp-json\/wp\/v2\/posts\/11891\/revisions\/11893"}],"wp:attachment":[{"href":"http:\/\/www.susannavaris.com\/blogg\/wp-json\/wp\/v2\/media?parent=11891"}],"wp:term":[{"taxonomy":"category","embeddable":true,"href":"http:\/\/www.susannavaris.com\/blogg\/wp-json\/wp\/v2\/categories?post=11891"},{"taxonomy":"post_tag","embeddable":true,"href":"http:\/\/www.susannavaris.com\/blogg\/wp-json\/wp\/v2\/tags?post=11891"}],"curies":[{"name":"wp","href":"https:\/\/api.w.org\/{rel}","templated":true}]}}