{"id":11933,"date":"2014-01-21T23:16:04","date_gmt":"2014-01-21T22:16:04","guid":{"rendered":"http:\/\/www.susannavaris.com\/blogg\/?p=11933"},"modified":"2014-01-24T20:13:51","modified_gmt":"2014-01-24T19:13:51","slug":"ikvall","status":"publish","type":"post","link":"http:\/\/www.susannavaris.com\/blogg\/2014\/01\/ikvall\/","title":{"rendered":"Ikv\u00e4ll&#8230;"},"content":{"rendered":"<p style=\"text-align: center;\"><a href=\"http:\/\/www.susannavaris.com\/blogg\/wp-content\/uploads\/2014\/01\/DSC_0379-50.jpg\"><img loading=\"lazy\" decoding=\"async\" class=\"aligncenter size-full wp-image-11934\" alt=\"DSC_0379-50\" src=\"http:\/\/www.susannavaris.com\/blogg\/wp-content\/uploads\/2014\/01\/DSC_0379-50.jpg\" width=\"2304\" height=\"1536\" srcset=\"http:\/\/www.susannavaris.com\/blogg\/wp-content\/uploads\/2014\/01\/DSC_0379-50.jpg 2304w, http:\/\/www.susannavaris.com\/blogg\/wp-content\/uploads\/2014\/01\/DSC_0379-50-300x200.jpg 300w, http:\/\/www.susannavaris.com\/blogg\/wp-content\/uploads\/2014\/01\/DSC_0379-50-1024x682.jpg 1024w\" sizes=\"auto, (max-width: 2304px) 100vw, 2304px\" \/><\/a>\u00a0<em>&#8230;tr\u00e4ffade jag Lars Vilks! H\u00f6gst intressant. Jag ing\u00e5r nu i konstverket och k\u00e4nner mig hedrad.\u00a0<\/em><\/p>\n<p style=\"text-align: center;\">Sanna Rayman\u00a0<a href=\"http:\/\/blog.svd.se\/ledarbloggen\/2014\/01\/23\/konstnaren-maste-krangla-till-det-sade-vilks\/\">rapporterar<\/a><\/p>\n","protected":false},"excerpt":{"rendered":"<p>\u00a0&#8230;tr\u00e4ffade jag Lars Vilks! H\u00f6gst intressant. Jag ing\u00e5r nu i konstverket och k\u00e4nner mig hedrad.\u00a0 Sanna Rayman\u00a0rapporterar<\/p>\n","protected":false},"author":1,"featured_media":0,"comment_status":"open","ping_status":"open","sticky":false,"template":"","format":"standard","meta":{"footnotes":""},"categories":[555,3,1162,1,590,303],"tags":[17,3813],"class_list":["post-11933","post","type-post","status-publish","format-standard","hentry","category-events","category-konst","category-kultur","category-okategoriserade","category-politik","category-religion","tag-konst-2","tag-lars-vilks"],"_links":{"self":[{"href":"http:\/\/www.susannavaris.com\/blogg\/wp-json\/wp\/v2\/posts\/11933","targetHints":{"allow":["GET"]}}],"collection":[{"href":"http:\/\/www.susannavaris.com\/blogg\/wp-json\/wp\/v2\/posts"}],"about":[{"href":"http:\/\/www.susannavaris.com\/blogg\/wp-json\/wp\/v2\/types\/post"}],"author":[{"embeddable":true,"href":"http:\/\/www.susannavaris.com\/blogg\/wp-json\/wp\/v2\/users\/1"}],"replies":[{"embeddable":true,"href":"http:\/\/www.susannavaris.com\/blogg\/wp-json\/wp\/v2\/comments?post=11933"}],"version-history":[{"count":3,"href":"http:\/\/www.susannavaris.com\/blogg\/wp-json\/wp\/v2\/posts\/11933\/revisions"}],"predecessor-version":[{"id":11953,"href":"http:\/\/www.susannavaris.com\/blogg\/wp-json\/wp\/v2\/posts\/11933\/revisions\/11953"}],"wp:attachment":[{"href":"http:\/\/www.susannavaris.com\/blogg\/wp-json\/wp\/v2\/media?parent=11933"}],"wp:term":[{"taxonomy":"category","embeddable":true,"href":"http:\/\/www.susannavaris.com\/blogg\/wp-json\/wp\/v2\/categories?post=11933"},{"taxonomy":"post_tag","embeddable":true,"href":"http:\/\/www.susannavaris.com\/blogg\/wp-json\/wp\/v2\/tags?post=11933"}],"curies":[{"name":"wp","href":"https:\/\/api.w.org\/{rel}","templated":true}]}}