{"id":11978,"date":"2014-02-10T20:29:55","date_gmt":"2014-02-10T19:29:55","guid":{"rendered":"http:\/\/www.susannavaris.com\/blogg\/?p=11978"},"modified":"2014-02-10T20:32:09","modified_gmt":"2014-02-10T19:32:09","slug":"dn-graver-sin-grop","status":"publish","type":"post","link":"http:\/\/www.susannavaris.com\/blogg\/2014\/02\/dn-graver-sin-grop\/","title":{"rendered":"DN gr\u00e4ver (sin grav?)"},"content":{"rendered":"<p>Som bekant l\u00e4ser jag inte l\u00e4ngre DN regelbundet. Jag tittar i tidningen om jag r\u00e5kar hitta den p\u00e5 t\u00e5get och ibland sl\u00f6surfar jag runt i h\u00f6garna av rubriker p\u00e5 dess n\u00e4tupplaga. N\u00e5gon som d\u00e4remot fortfarande l\u00e4ser DN \u00e4r Johan Hakelius, som\u00a0<a href=\"http:\/\/www.aftonbladet.se\/nyheter\/kolumnister\/johanhakelius\/article18329785.ab\">kommenterar<\/a>\u00a0en <a href=\"http:\/\/www.dn.se\/kultur-noje\/mona-masri-varken-forr-eller-senare-har-svensk-export-gatt-lika-bra-som-under-slavhandeln\/\">text<\/a>\u00a0av Mona Masri i tidningens kulturdel. Hakelius konstaterar liknande saker som m\u00e5nga av oss andra ocks\u00e5 gjort ang\u00e5ende tidningens nuvarande kurs:<\/p>\n<blockquote>\n<p id=\"yui_3_12_0_2_1392059534158_1036\"><strong id=\"yui_3_12_0_2_1392059534158_1131\">&#8221;Men oavsett det\u00a0<\/strong>\u00e4r det f\u00f6rst\u00e5s en kittlande, men helt skev beskrivning att g\u00f6ra slaveriet till huvudsak i svensk ekonomi. Det \u00e4r ideologi. Det \u00e4r ett s\u00e4tt att amerikanisera svensk historia. Det m\u00e5ste man g\u00f6ra om man ska f\u00e5 anv\u00e4ndning f\u00f6r de radikala amerikanska teorier som blivit s\u00e5 poppis p\u00e5 svenska universitet och kultursidor.<\/p>\n<p id=\"yui_3_12_0_2_1392059534158_1078\">Har man b\u00f6rjat gr\u00e4va p\u00e5 det st\u00e4llet, m\u00e5ste man helt enkelt forts\u00e4tta.<\/p>\n<p id=\"yui_3_12_0_2_1392059534158_1060\">Mona Masri har h\u00f6rt \u00adkomiker i Los Angeles sk\u00e4mta om \u201dSwedish nazis\u201d. Hon tycker att det \u00e4r en bra beskrivning av dagens Sverige.<\/p>\n<p id=\"yui_3_12_0_2_1392059534158_1080\">Gr\u00e4va, gr\u00e4va, gr\u00e4va.&#8221;<\/p>\n<\/blockquote>\n<p>DN gr\u00e4ver och gr\u00e4ver, efter den verklighet som ska st\u00e4mma \u00f6verens med de anammade teoribyggena. F\u00f6rhoppningsvis gr\u00e4ver tidningen \u00e4ven sin egen grav.<\/p>\n","protected":false},"excerpt":{"rendered":"<p>Som bekant l\u00e4ser jag inte l\u00e4ngre DN regelbundet. Jag tittar i tidningen om jag r\u00e5kar hitta den p\u00e5 t\u00e5get och ibland sl\u00f6surfar jag runt i h\u00f6garna av rubriker p\u00e5 dess n\u00e4tupplaga. N\u00e5gon som d\u00e4remot fortfarande l\u00e4ser DN \u00e4r Johan Hakelius, &hellip; <a href=\"http:\/\/www.susannavaris.com\/blogg\/2014\/02\/dn-graver-sin-grop\/\">Forts\u00e4tt l\u00e4sa <span class=\"meta-nav\">&rarr;<\/span><\/a><\/p>\n","protected":false},"author":1,"featured_media":0,"comment_status":"open","ping_status":"open","sticky":false,"template":"","format":"standard","meta":{"footnotes":""},"categories":[181,154,674,1321,1928,1162,1,590],"tags":[149,175,1666,2784,3852,2930,722,3853,3854],"class_list":["post-11978","post","type-post","status-publish","format-standard","hentry","category-feminism","category-genus","category-historia","category-jamstalldhet","category-journalistik","category-kultur","category-okategoriserade","category-politik","tag-aftonbladet","tag-dn","tag-johan-hakelius","tag-maktanalys","tag-mona-masri","tag-postmodernism","tag-rasism","tag-slaveri","tag-svensk-export"],"_links":{"self":[{"href":"http:\/\/www.susannavaris.com\/blogg\/wp-json\/wp\/v2\/posts\/11978","targetHints":{"allow":["GET"]}}],"collection":[{"href":"http:\/\/www.susannavaris.com\/blogg\/wp-json\/wp\/v2\/posts"}],"about":[{"href":"http:\/\/www.susannavaris.com\/blogg\/wp-json\/wp\/v2\/types\/post"}],"author":[{"embeddable":true,"href":"http:\/\/www.susannavaris.com\/blogg\/wp-json\/wp\/v2\/users\/1"}],"replies":[{"embeddable":true,"href":"http:\/\/www.susannavaris.com\/blogg\/wp-json\/wp\/v2\/comments?post=11978"}],"version-history":[{"count":4,"href":"http:\/\/www.susannavaris.com\/blogg\/wp-json\/wp\/v2\/posts\/11978\/revisions"}],"predecessor-version":[{"id":11982,"href":"http:\/\/www.susannavaris.com\/blogg\/wp-json\/wp\/v2\/posts\/11978\/revisions\/11982"}],"wp:attachment":[{"href":"http:\/\/www.susannavaris.com\/blogg\/wp-json\/wp\/v2\/media?parent=11978"}],"wp:term":[{"taxonomy":"category","embeddable":true,"href":"http:\/\/www.susannavaris.com\/blogg\/wp-json\/wp\/v2\/categories?post=11978"},{"taxonomy":"post_tag","embeddable":true,"href":"http:\/\/www.susannavaris.com\/blogg\/wp-json\/wp\/v2\/tags?post=11978"}],"curies":[{"name":"wp","href":"https:\/\/api.w.org\/{rel}","templated":true}]}}