{"id":12081,"date":"2014-02-17T20:32:00","date_gmt":"2014-02-17T19:32:00","guid":{"rendered":"http:\/\/www.susannavaris.com\/blogg\/?p=12081"},"modified":"2014-10-20T17:09:27","modified_gmt":"2014-10-20T15:09:27","slug":"misandri-i-media-2014","status":"publish","type":"post","link":"http:\/\/www.susannavaris.com\/blogg\/2014\/02\/misandri-i-media-2014\/","title":{"rendered":"Misandri i media 2014"},"content":{"rendered":"<p>Eftersom jag s\u00e5 gott som helt slutat l\u00e4sa b\u00e5de DN och Aftonbladet kommer denna lista att bli h\u00f6gst bristf\u00e4llig. Jag tar h\u00e4r upp mansf\u00f6rakt i media 2014 och detta \u00e4r ett levande inl\u00e4gg.<\/p>\n<p>Redan tidigare har jag <a href=\"http:\/\/www.susannavaris.com\/blogg\/2014\/01\/nytt-ar-ny-misandri\/\">skrivit om<\/a>\u00a0Magda Rasmussons (Gr\u00f6n Ungdom) starkt misandriska\u00a0i januari.<\/p>\n<p><a href=\"http:\/\/www.aftonbladet.se\/nyheter\/kolumnister\/ehsanfadakar\/article18299197.ab\">Aftonbladet 140205 &#8211; &#8221;Vi m\u00e5ste r\u00e4dda de f\u00f6rbittrade m\u00e4nnen&#8221;<\/a>:<\/p>\n<blockquote><p><strong id=\"yui_3_12_0_2_1392663925017_980\">&#8221;M\u00e4n v\u00e5ldtar. M\u00e4n m\u00f6rdar.<\/strong>\u00a0M\u00e4n misshandlar kvinnor. M\u00e4n misshandlar m\u00e4n. M\u00e4n k\u00f6per sex. M\u00e4n sl\u00e5ss p\u00e5 fotbollsmatcher och m\u00e4n kladdar p\u00e5 krogen. Vi kan forts\u00e4tta s\u00e5 h\u00e4r i all evighet. Statistiken ljuger inte. M\u00e4n st\u00e5r bakom alla stora problem i samh\u00e4llet.&#8221;<\/p><\/blockquote>\n<p><a href=\"http:\/\/www.metro.se\/kolumner\/fridah-jonsson-machomannen-breder-ut-sig\/EVHnbm!mZG1W98iEeFeY\/\">Metro 140213 &#8211; &#8221;Machom\u00e4nnen breder ut sig&#8221;<\/a>:<\/p>\n<blockquote><p>&#8221;Det \u00e4r n\u00e5got m\u00e4rkligt med m\u00e4n som tror att allm\u00e4nna utrymmen \u00e4r deras att ta upp. P\u00e5 bloggen Macho I Kollektivtrafiken f\u00e5r l\u00e4sarna skicka in bilder de tagit p\u00e5 m\u00e4n som sitter bredbent p\u00e5 tunnelbanor och bussar, och det \u00e4r en helt bisarr samling foton p\u00e5 m\u00e4nniskor som helt skaml\u00f6st tar upp tv\u00e5 s\u00e4ten helt ensamma.<br \/>\n<b><br \/>\nOch det h\u00e4r \u00e4r ju inte<\/b>\u00a0det enda st\u00e4llet d\u00e4r m\u00e4n tror sig ha r\u00e4tt att bara g\u00e5 in och s\u00f6ndra och h\u00e4rska.&#8221;<\/p><\/blockquote>\n<p><a href=\"http:\/\/www.dn.se\/ledare\/signerat\/titta-han-snackar-ocksa\/\">DN 140214 &#8211; &#8221;Titta han snackar ocks\u00e5&#8221;<\/a>:<\/p>\n<blockquote><p>&#8221;\u201dJ\u00e4mst\u00e4lldisterna\u201d kan ha haft en och annan po\u00e4ng exempelvis i fr\u00e5gan om pappors position i v\u00e5rdnadstvister. Som regel ing\u00e5r dock ett stort m\u00e5tt av bittert navelsk\u00e5dande i dessa han\u00adk\u00f6nade sn\u00f6rpmunnars engagemang f\u00f6r lika r\u00e4ttigheter.&#8221;<\/p>\n<p>[&#8230;]<\/p>\n<p>&#8221;Skurken i dramat, har det ocks\u00e5 sagts f\u00f6rr, \u00e4r den antipluggkultur som frodas bland skolpojkar. L\u00e4rares och f\u00f6r\u00e4ldrars inst\u00e4llning f\u00f6rst\u00e4rker de destruktiva m\u00f6nstren.<\/p>\n<p>Det \u00e4r bara ett exempel p\u00e5 problemen med mansrollen. M\u00f6rkertal i m\u00e4ns psykologiska oh\u00e4lsa \u00e4r ytterligare ett som n\u00e4mndes i g\u00e5rdagens rapport\u00adpresentation. F\u00f6r somliga, i vissa situationer och ibland p\u00e5 andras bekostnad, ger mansrollen frihet och makt. I andra l\u00e4gen inneb\u00e4r den en form av kollektivt sj\u00e4lvskadebeteende som begr\u00e4nsar alla. B\u00e5de kvinnor och m\u00e4n vinner p\u00e5 att det talas mer om det.&#8221;<\/p><\/blockquote>\n<p><a href=\"http:\/\/www.aftonbladet.se\/nyheter\/kolumnister\/anderswestgardh\/article18379455.ab\">Aftonbladet 140217 &#8211; &#8221;Spendrup \u00e4r gubbismens nya f\u00f6rk\u00e4mpe<\/a><\/p>\n<blockquote>\n<p id=\"yui_3_12_0_2_1392664131430_1080\">&#8221;Gubbisten vet b\u00e4st. Hen s\u00e4tter egennyttan h\u00f6gst i alla l\u00e4gen. Det var b\u00e4ttre f\u00f6rr, det \u00e4r bra som det \u00e4r. Kom inte h\u00e4r och f\u00f6r\u00e4ndra. Det spelar ingen roll vad du s\u00e4ger f\u00f6r d\u00e5 h\u00f6jer jag bara r\u00f6sten och har mest r\u00e4tt. Vad \u00e4r du f\u00f6r en? Du liknar inte mig, du ser konstig ut. Du \u00e4r suspekt. Vad\u00e5 nytt? Varf\u00f6r ska vi \u00e4ndra, vi har ju haft det s\u00e5 h\u00e4r i alla tider?<\/p>\n<p id=\"yui_3_12_0_2_1392664131430_1078\">Klassiska st\u00e5ndpunkter inom gubbismen: Klimathotet \u00e4r en konspiration. Sport och politik h\u00f6r inte ihop. Feminister \u00e4r arga f\u00f6r att de \u00e4r fula. Alla som vill kan f\u00e5 ett arbete. Kungen g\u00f6r ett fantastiskt jobb. Jag \u00e4r inte \u00adrasist, men \u2026<\/p>\n<p id=\"yui_3_12_0_2_1392664131430_1076\">Och s\u00e5 Jens Spendrups eget genidrag: Det finns inte tillr\u00e4ckligt m\u00e5nga kompetenta kvinnor.&#8221;<\/p>\n<\/blockquote>\n<p><a href=\"http:\/\/www.svd.se\/kultur\/film\/flera-goda-skratt-at-fafang-manlig-kamp_3284716.svd\">SvD 140219 &#8211; Flera goda skratt \u00e5t f\u00e5f\u00e4ng manlig kamp<\/a>:<\/p>\n<blockquote><p>&#8221;Budskapet \u00e4r kort och gott: m\u00e4n \u00e4r losers var de \u00e4n befinner sig p\u00e5 samh\u00e4llsstegen. Det enda som tycks kunna hj\u00e4lpa dem att hitta r\u00e4tt \u00e4r en solidarisk flickv\u00e4n&#8230;&#8221;<\/p><\/blockquote>\n<p>Hur skulle f\u00f6ljande l\u00e5ta: &#8221;Flera goda skratt \u00e5t f\u00e5f\u00e4ng kvinnlig kamp. Budskapet \u00e4r kort och gott: kvinnor \u00e4r losers var de \u00e4n befinner sig p\u00e5 samh\u00e4llsstegen. Det enda som tycks kunna hj\u00e4lpa dem att hitta r\u00e4tt \u00e4r en solidarisk pojkv\u00e4n&#8230;&#8221;<\/p>\n<p><a href=\"http:\/\/www.svd.se\/kultur\/allt-om-grammisgalan-2014_3285548.svd?sidan=3\">SvD 140220 &#8211; Hejd\u00e5 gubbiga musikbransch<\/a>:<\/p>\n<blockquote><p>&#8221;Denna musikbranschens allra gubbigaste h\u00f6gborg, d\u00e4r de fulla rockm\u00e4nnen turats om att apa sig mest inf\u00f6r de v\u00e4lg\u00f6dda branschkostymerna \u00e4r idag n\u00e5got helt annat.&#8221;<\/p>\n<p>[&#8230;]<\/p>\n<p>&#8221;Men annars &#8211; sj\u00e4lvf\u00f6rtroendet, kvinnodominansen, m\u00e5ngfalden!&#8221;<\/p><\/blockquote>\n<p><a href=\"http:\/\/www.expressen.se\/kultur\/grabbganget-dyker-djupt\/\">Expressen 140224 &#8211; &#8221;Grabbg\u00e4nget dyker djupt&#8221;<\/a>:<\/p>\n<blockquote><p>&#8221;I Sk\u00e4rholmen ser Sven Olov Karlsson n\u00e5gra riktiga djupingar visa barnen v\u00e4gen till det stora bl\u00e5, och mansrollen bl\u00e4ddras fram i bestiariet.&#8221;<\/p>\n<address>[&#8230;]<\/address>\n<address>\u00a0<\/address>\n<address>&#8221;Vernes romaner befolkas av s\u00e5dana (mans-)sj\u00e4lar, som \u00e4ven \u00e4r slavar under besserwissern\u00e4svist prestigejagande.&#8221;\u00a0<\/address>\n<address>[&#8230;]<\/address>\n<address>\u00a0<\/address>\n<address><strong>&#8221;Pressmaterialet s\u00e4ger<\/strong>\u00a0att pj\u00e4sen vill ta upp demokrati, makt och ur ett genusperspektiv. Jag ser den snarare som en uppvisning av 1800-talets l\u00f6mskt nedl\u00e5tande gentleman, n\u00f6rd kallas det numera, en manstyp som \u00e4n i dag lurpassar under j\u00e4mst\u00e4lld ytsp\u00e4nning.&#8221;\u00a0<\/address>\n<address>\u00a0<\/address>\n<\/blockquote>\n<p><a href=\"http:\/\/www.aftonbladet.se\/nyheter\/kolumnister\/elisabethoglund\/article18426721.ab\">Aftonbladet 140224 &#8211; &#8221;Spendrup fick mig att koka&#8230;&#8221;<\/a>:<\/p>\n<blockquote><p><strong id=\"yui_3_12_0_2_1393456279166_1101\">&#8221;Fy fan f\u00f6r dessa st\u00f6ddiga karlar som ser sig sj\u00e4lva som oers\u00e4ttliga, ouppn\u00e5eliga, ja rent av gudomliga.&#8221;\u00a0<\/strong><\/p>\n<p>[&#8230;]<\/p>\n<p id=\"yui_3_12_0_2_1393456279166_1133\">&#8221;Faktum \u00e4r att det finns n\u00e5got osunt, n\u00e5got sekteristiskt, med dessa enk\u00f6nade (l\u00e4s: manliga) f\u00f6rsamlingar av direkt\u00f6rer och styrelseproffs som sitter i varandras styrelser, som skrubbar varandra p\u00e5 ryggen (\u201dF\u00e5r jag sitta i din styrelse, s\u00e5 f\u00e5r du sitta i min\u201d) och som bjuder varandra p\u00e5 dyra middagar med \u00e5rg\u00e5ngsviner och den finaste cognacen till kaffet.<\/p>\n<p id=\"yui_3_12_0_2_1393456279166_1135\">Jag f\u00f6rst\u00e5r att m\u00e5nga kvinnor inte vill delta i dessa manliga seanser utan v\u00e4nder ryggen \u00e5t makten. Men om makten i n\u00e4ringsliv, organisationer, myndigheter och politiska organ delas mellan m\u00e4n och kvinnor s\u00e5 kommer klimatet s\u00e4kert att f\u00f6r\u00e4ndras.&#8221;<\/p>\n<\/blockquote>\n<p><a href=\"http:\/\/www.svd.se\/kultur\/jamstallda-man-lever-langre_3340392.svd\">Svenska Dagbladet 140308 &#8211; &#8221;J\u00e4mst\u00e4llda m\u00e4n lever l\u00e4ngre&#8221;<\/a>:<\/p>\n<blockquote><p>&#8221;\u201dEn grupp m\u00e4n har inte fattat f\u00f6rdelarna och k\u00e4mpar f\u00f6r att beh\u00e5lla de gamla rollerna. Jag kallar dem grottm\u00e4n f\u00f6r att inte f\u00f6rv\u00e4xla dem med andra m\u00e4n\u201d, sa entrepren\u00f6ren och f\u00f6rfattaren Claes Schmidt i P 1:s \u201dOBS\u201d.&#8221;<\/p>\n<p>[&#8230;]<\/p>\n<p>&#8221;Utan r\u00e5dande machokultur skulle m\u00e4nnen f\u00e5 b\u00e4ttre betyg, slippa slita ut sig, dominera f\u00e4ngelse- och sj\u00e4lvmordsstatistiken och vara \u00f6verrepresenterade bland heml\u00f6sa.<\/p>\n<p>P\u00e5 sikt kanske ni f\u00e5r leva lika l\u00e4nge som vi.&#8221;<\/p><\/blockquote>\n<p><a href=\"http:\/\/www.svd.se\/nyheter\/inkorg\/kvinnor-ska-ha-ratt-till-sin-kropp_3340812.svd\">Svenska Dagbladet 140308 &#8211; &#8221;Kvinnor ska ha r\u00e4tt till sin kropp&#8221;<\/a>:<\/p>\n<blockquote><p>&#8221;J<strong>\u00e4mst\u00e4lldhetsministern arbetar i\u00a0<\/strong>huvudsak mot strukturer som h\u00e5ller tillbaka kvinnor, men nyligen tog hon emot en utredning om mansrollen. Den varnar bland annat varnade f\u00f6r att l\u00e5gpresterande pojkar \u00e4r ett samh\u00e4llsproblem som inte tas p\u00e5 tillr\u00e4ckligt allvar.<\/p>\n<p>Och Maria Arnholm har valt pojkars skolresultat som en av sina huvudfr\u00e5gor.<\/p>\n<p>&#8211; Killar som inte kan f\u00f6rst\u00e5 en enkel faktatext de klarar inte sin utbildning, och de f\u00e5r inget jobb. Och m\u00e4n som inte har jobb f\u00e5r ingen familj, generellt. Och det \u00e4r klart att det finns en enorm risk f\u00f6r en spricka i samh\u00e4llet.<\/p>\n<p><strong>\u00c4r det farliga m\u00e4n?<\/strong><\/p>\n<p>&#8211; Ja. Det visar utredningen, att i mansnormen ing\u00e5r en v\u00e5ldsmentalitet som \u00e4r farlig.&#8221;<\/p><\/blockquote>\n<p><a href=\"http:\/\/www.dn.se\/kultur-noje\/kronikor\/hanna-fahl-jag-hatar-alla-slappa-generaliseringar-av-det-moraliska-forfallet-i-internetaldern\/\">DN 140322 &#8211; &#8221;Jag hatar alla slappa generaliseringar av det moraliska&#8230;&#8221;<\/a>:<\/p>\n<blockquote><p>&#8221;Att f\u00f6rfattarm\u00e4n som tar en paus fr\u00e5n sin (gissningsvis) g\u00e5spenna doppad i (gissningsvis) ett naturbarns blod f\u00f6r att fantisera lite om det moraliska f\u00f6rfallet i internet\u00e5ldern \u00e4r de starkaste r\u00f6sterna vi h\u00f6r i \u00e4mnet, att de till\u00e5ts kokettera med sin slappa research och kommer undan med att inte ha h\u00f6rt talas om Google Glass, en av det senaste \u00e5rets mest omskrivna teknikprodukter.&#8221;<\/p><\/blockquote>\n<p><a href=\"http:\/\/www.expressen.se\/kultur\/toppnyheter-\/valdet-och-hatet-en-del-av-mannens-fotboll\/\">Expressen 140402 &#8211; &#8221;V\u00e5ldet och hatet en del av m\u00e4nnens fotboll&#8221;<\/a>:<\/p>\n<blockquote><p>&#8221;Mot det kan m\u00f6jligen anf\u00f6ras det lilla argumentet att det n\u00e4stan uteslutande faktiskt\u00a0<em>\u00e4r<\/em>\u00a0m\u00e4n som sl\u00e5ss p\u00e5 gatorna, m\u00e4n som misshandlar oskyldiga, m\u00e4n som dr\u00e4per.<\/p>\n<p>Om man p\u00e5st\u00e5r att det \u00e4r 99 procent av m\u00e4nnen som inte sl\u00e5ss kan man ocks\u00e5 med r\u00e4tta p\u00e5st\u00e5 att det \u00e4r 100 procent av de som sl\u00e5ss som faktiskt \u00e4r m\u00e4n.&#8221;<\/p><\/blockquote>\n<p><a href=\"http:\/\/www.dn.se\/nyheter\/sverige\/sa-fick-han-fast-kapten-klanning\/\">DN 140405 &#8211; &#8221;S\u00e5 fick han fast Kapten Kl\u00e4nning&#8221;<\/a>:<\/p>\n<blockquote><p><strong>&#8221;Det \u00e4r bilar han pratar om.<\/strong>\u00a0Inte f\u00f6rr\u00e4n efter\u00e5t, n\u00e4r jag \u00e4r tillbaka p\u00e5 redaktionen, sl\u00e5r det mig att det finns en symbolik. Vraken \u2013\u2009bilarna. Och vraken \u2013\u2009de m\u00e4n Jonas Trolle m\u00f6tt under sina \u00e5r som utredare p\u00e5 Citypolisens sektion f\u00f6r m\u00e4nniskohandel.&#8221;<\/p>\n<p>[&#8230;]<\/p>\n<p><strong>&#8221;\u2013\u2009Jag tvingades in i en manlig<\/strong>\u00a0v\u00e4rld av f\u00f6rnedring och \u00f6verv\u00e5ld. Det var fruktansv\u00e4rt jobbigt att se vilka r\u00e4ttigheter m\u00e4n kan t\u00e4nka sig ta. I perioder m\u00e5dde jag riktigt d\u00e5ligt, jag tog p\u00e5 mig en del av den kollektiva, manliga skulden f\u00f6r hur vissa m\u00e4n beter sig.&#8221;<\/p><\/blockquote>\n<p><a href=\"http:\/\/www.aftonbladet.se\/ledare\/ledarkronika\/fredrikvirtanen\/article18709246.ab\">Aftonbladet 140417 &#8211; &#8221;L\u00e5t bara kvinnor r\u00f6sta &#8211; m\u00e4n vet inte sitt b\u00e4sta&#8221;<\/a><\/p>\n<blockquote><p>&#8221;Samh\u00e4llet skulle bli vackrare om m\u00e4n fr\u00e5ntogs r\u00f6str\u00e4tten.&#8221;<\/p>\n<p>[&#8230;]<\/p>\n<p>&#8221;M\u00e4n har st\u00f6rre\u00a0problem med \u00adsolidaritet eftersom vi haft det enklare. Vi inser inte v\u00e5ra privilegier. Vi blir kr\u00e4nkta om n\u00e5gon tillr\u00e4ttavisar oss.&#8221;<\/p>\n<p>[&#8230;]<\/p>\n<p>&#8221;\u00c4nd\u00e5, trots all v\u00e5r f\u00f6rtr\u00e4fflighet, \u00e4r det fakta att m\u00e4n st\u00e5r f\u00f6r stora problem i samh\u00e4llet. Det \u00e4r vi som sitter p\u00e5 k\u00e5ken, det \u00e4r vi som super, det \u00e4r vi som \u00e4r v\u00e5ldsamma, det \u00e4r vi som inte tar ut f\u00f6r\u00e4ldraledighen, det \u00e4r vi som inte vabbar, det \u00e4r vi som tar livet av oss, det \u00e4r vi som \u00e4r utslagna, det \u00e4r vi som saknar utbildning.&#8221;<\/p><\/blockquote>\n<p><a href=\"http:\/\/www.aftonbladet.se\/nyheter\/kolumnister\/linathomsgard\/article18722581.ab\">Aftonbladet 140415 &#8211; &#8221;\u00c4ntligen \u00e4r det killdags!&#8221;<\/a>:<\/p>\n<p>Lina Thomsg\u00e5rds kr\u00f6nika \u00e4r misandrisk i sin helhet, men h\u00e4r f\u00f6ljer n\u00e5gra exempel:<\/p>\n<blockquote><p>&#8221;Nu ska det h\u00e4r system\u00adfelet r\u00e4ttas till. Jag vet att det kan k\u00e4nnas en gnutta or\u00e4ttvist att de andra pl\u00f6tsligt f\u00e5r lata sig medan ni killar ska fixa n\u00e5t som kanske inte inneburit att ni sett r\u00f6ken av de 3,6 miljoner kronorna mer i l\u00f6n ni tj\u00e4nar under en livstid. Eller att ni sp\u00f6at n\u00e5n p\u00e5 sistone, gjort n\u00e5t medvetet fel eller ens valt den h\u00e4r gamla mans\u00adrollen sj\u00e4lva.&#8221;<\/p>\n<p>[&#8230;]<\/p>\n<p id=\"yui_3_15_0_2_1397563046892_1040\">&#8221;Bevismaterialet \u00e4r redan p\u00e5 plats. Ni beh\u00f6ver inte \u00e5beropa \u00e4nnu ett vittne, skriva en till urtrist rapport eller r\u00e4kna allihop igen. Det \u00e4r bara att dansa in bollen i m\u00e5l.<\/p>\n<p id=\"yui_3_15_0_2_1397563046892_1042\">Ni b\u00f6rjar med att beg\u00e4ra pappaledighet och skaffa er en god v\u00e4n som inte \u00e4r en man. Sluta genast sl\u00e5ss. Sp\u00e4nn av. Sluta snacka sexistisk goja och var inte tysta n\u00e4r andra g\u00f6r det. Ge lika l\u00f6n f\u00f6r lika jobb och drick inte s\u00e5 j\u00e4vla mycket. H\u00e5ll tyst och lyssna n\u00e5n g\u00e5ng. L\u00e5t era barn gr\u00e5ta och fostra dem inte till v\u00e5ldsamma m\u00e4n. Krama dem, och l\u00e4r dem att bete sig anst\u00e4ndigt. Bete er anst\u00e4nd\u00adigt sj\u00e4lva.&#8221;<\/p>\n<\/blockquote>\n<p><a href=\"http:\/\/www.aftonbladet.se\/nojesbladet\/kronikorer\/markuslarsson\/article18742526.ab\">Aftonbladet 140419 &#8211; &#8221;Feministiskt initiativ musikaliska vinnare&#8221;<\/a>:<\/p>\n<blockquote><p>&#8221;Prince g\u00f6r \u00e4ven en po\u00e4ng av att han just nu upptr\u00e4der med enbart kvinnliga musiker i gruppen\u00a03rdeye\u00adgirl. Han \u00e4r tr\u00f6tt att titta p\u00e5 duktiga grabbar som st\u00e5r och spelar med blicken fastnitad i skorna.\u00a0Ungef\u00e4r samtidigt pratar\u00a0Mando Diao, en grupp som l\u00e4nge hyllade klassilskan och den i l\u00e4ngden r\u00e4tt tr\u00f6ttsamma chauvinismen hos\u00a0Oasis, med Aftonbladet och s\u00e4ger att de inte inspireras av m\u00e4n l\u00e4ngre. Om det tyder p\u00e5 att manskritik och feminism blivit moderiktigt \u00e4r det bara att appl\u00e5dera.&#8221;<\/p><\/blockquote>\n<p><a href=\"http:\/\/sverigesradio.se\/sida\/artikel.aspx?programid=99&amp;artikel=5843954\">SR 140423 &#8211; &#8221;Lo Kauppi spelar rollen som vit kr\u00e4nkt man&#8221;<\/a>:<\/p>\n<blockquote><p>&#8221;\u2013 Det finns n\u00e5got v\u00e4ldigt tragiskt med en man som k\u00e4nner sig s\u00e5 f\u00f6rf\u00f6rdelad och utan makt, n\u00e5gonstans f\u00f6rst\u00e5r jag hans frustration, men han riktar den ner\u00e5t, mot kvinnor, invandrare och homosexuella, i st\u00e4llet f\u00f6r att faktiskt se helheten vad som h\u00e4nder i samh\u00e4llet med till exempel ekonomiska klyftor som \u00f6kar, s\u00e4ger hon.&#8221;<\/p><\/blockquote>\n<p><a href=\"http:\/\/www.dn.se\/kultur-noje\/kulturmannen-portratt-av-en-utdoende-art\/\">DN 140427 &#8211; &#8221;Kulturmannen &#8211; portr\u00e4tt av en utd\u00f6ende art&#8221;<\/a>:<\/p>\n<p>Hela artikeln.<\/p>\n<p><a href=\"http:\/\/nyheter24.se\/nyheter\/kolumner\/769029-ja-jag-hatar-man\">Nyheter24 140520 &#8211; &#8221;Ja, jag hatar m\u00e4n&#8221;<\/a>:<\/p>\n<p>Hela artikeln.<\/p>\n<p><a href=\"http:\/\/www.dn.se\/kultur-noje\/kronikor\/hanna-fahl-att-saga-nej-till-en-man-som-raggar-kan-vara-forenat-med-livsfara\/\">DN 140602 &#8211; &#8221;Hanna Fahl: Att s\u00e4ga nej till en man som raggar kan vara f\u00f6renat med livsfara&#8221;<\/a>:<\/p>\n<p>Hela artikeln. Exempel:<\/p>\n<blockquote><p>&#8221;Massmordet i Isla Vista, Kalifornien, har v\u00e4ckt en internationell debatt kring misogyni och m\u00e4ns sj\u00e4lvupplevda \u00e4gander\u00e4tt till kvinnor. Den unge mannen som f\u00f6r en vecka sedan d\u00f6dade sex personer och skadade sju innan han tog livet av sig hade l\u00e4mnat efter sig ett manifest. En video d\u00e4r han f\u00f6rklarar att anledningen var att han inte fick n\u00e5gra kvinnor. \u201dJag \u00e4r den perfekta killen, och \u00e4nd\u00e5 kastar ni er sj\u00e4lva \u00f6ver dessa irriterande m\u00e4n i st\u00e4llet f\u00f6r mig, den \u00f6verl\u00e4gsne gentlemannen\u201d, s\u00e4ger han i videon. Han var medlem i n\u00e4tgruppen PUAHate, \u201dpick up artist\u201d-hatare, d\u00e4r m\u00e4n uttryckte sin ilska \u00f6ver att reglerna i raggningss\u00e4llskapen inte fungerade f\u00f6r dem. Inte ens n\u00e4r de f\u00f6ljde varje instruktion till punkt och pricka fick de sitt r\u00e4ttm\u00e4tiga sex.&#8221;<\/p><\/blockquote>\n<p><a href=\"http:\/\/www.dn.se\/kultur-noje\/kulturdebatt\/kaftsmallar-mot-kulturmannen\/\">DN 140603 &#8211; &#8221;K\u00e4ftsm\u00e4llar mot kulturmannen&#8221;:<\/a><\/p>\n<p>Hela artikeln.<\/p>\n<p><a href=\"http:\/\/www.svd.se\/nyheter\/inrikes\/wennstam-kallar-du-mig-manshatare-nu_3622188.svd\">SvD 140604 &#8211; &#8221;Kallar du mig manshatare nu?&#8221;<\/a>:<\/p>\n<p>Hela artikeln.<\/p>\n<p><a href=\"http:\/\/www.expressen.se\/debatt\/gubbar-huka-er-har-ar-ekofeminismen\/\">Expressen 140604 &#8211; &#8221;Huka er gubbar, h\u00e4r kommer ekofeminismen&#8221;<\/a><\/p>\n<p>Hela artikeln.<\/p>\n<p style=\"text-align: center;\">\u00a0<a href=\"http:\/\/www.susannavaris.com\/blogg\/wp-content\/uploads\/2014\/02\/dndump.jpg\"><img loading=\"lazy\" decoding=\"async\" class=\"aligncenter size-full wp-image-12626\" src=\"http:\/\/www.susannavaris.com\/blogg\/wp-content\/uploads\/2014\/02\/dndump.jpg\" alt=\"dndump\" width=\"521\" height=\"158\" srcset=\"http:\/\/www.susannavaris.com\/blogg\/wp-content\/uploads\/2014\/02\/dndump.jpg 521w, http:\/\/www.susannavaris.com\/blogg\/wp-content\/uploads\/2014\/02\/dndump-300x90.jpg 300w\" sizes=\"auto, (max-width: 521px) 100vw, 521px\" \/><em>Sk\u00e4rmdump ur DN 140604<\/em><\/a><\/p>\n<p style=\"text-align: left;\">Nyheter24 140621 &#8211; <a href=\"http:\/\/nyheter24.se\/debatt\/771365-det-ar-en-konstig-slump-att-en-majoritet-av-skitstovlar-ar-man\">&#8221;Det \u00e4r en konstig slump att en majoritet av skitst\u00f6vlar \u00e4r m\u00e4n&#8221;<\/a><\/p>\n<p style=\"text-align: left;\">Hela artikeln<\/p>\n<p style=\"text-align: left;\"><a href=\"http:\/\/www.aftonbladet.se\/nyheter\/article19295205.ab\">Aftonbladet 140730 &#8211; &#8221;Sk\u00e4rp till dig nu, vita, heterosexuella man&#8221;<\/a><\/p>\n<p style=\"text-align: left;\">Hela artikeln. Smakprov:<\/p>\n<blockquote>\n<p id=\"yui_3_15_0_2_1406845134344_1133\">\u201dStackars kr\u00e4nkta vita heterosexuella man.<\/p>\n<p id=\"yui_3_15_0_2_1406845134344_1131\">Det \u00e4r s\u00e5 synd om dig som inte har en heterosexfestival att bes\u00f6ka den h\u00e4r veckan.<\/p>\n<p id=\"yui_3_15_0_2_1406845134344_1078\">S\u00e5 synd om dig som inte har en heterosexparad att g\u00e5 i p\u00e5 l\u00f6rdag f\u00f6r att hylla din testosteron\u00adfyllda manlighet.<\/p>\n<p id=\"yui_3_15_0_2_1406845134344_1076\">S\u00e5 hemskt att inte du kan f\u00e5 en alldeles egen stolthetsfest f\u00f6r att visa upp din straighthet offentligt.<\/p>\n<p id=\"yui_3_15_0_2_1406845134344_1074\">Stackars kr\u00e4nkta vita hetero\u00adsexuella man s\u00e5 underl\u00e4gsen du m\u00e5ste k\u00e4nna dig den h\u00e4r veckan. \u00d6verallt homosexuella och andra som f\u00f6rtrycker dig, f\u00e5r dig att k\u00e4nna dig minderv\u00e4rdig och l\u00e4gre st\u00e5ende.<\/p>\n<p id=\"yui_3_15_0_2_1406845134344_1069\">\u00d6verallt homon, bin, transpersoner, ja till och med heterosexuella kvinnor som inte ger dig det utrymme som just du f\u00f6r\u00adtj\u00e4nar f\u00f6r att h\u00e4vda din s\u00e4rst\u00e4llning i v\u00e5rt samh\u00e4lle.<\/p>\n<p id=\"yui_3_15_0_2_1406845134344_1080\">Din s\u00e4rst\u00e4llning som just man, vit och heterosexuell. Och kr\u00e4nkt.<\/p>\n<p id=\"yui_3_15_0_2_1406845134344_1083\"><strong id=\"yui_3_15_0_2_1406845134344_1138\">F\u00f6r visst \u00e4r <\/strong><strong id=\"yui_3_15_0_2_1406845134344_1082\">det s\u00e5 du k\u00e4nner det, kr\u00e4nkta vita hetero\u00adsexuella man? F\u00f6rtryckt, f\u00f6rnedrad, stampad p\u00e5?\u201d<\/strong><\/p>\n<\/blockquote>\n<p style=\"text-align: left;\"><a href=\"http:\/\/www.dn.se\/kultur-noje\/kulturdebatt\/kranktheten-ar-en-man\/\">DN 140804 &#8211; &#8221;Kr\u00e4nktheten \u00e4r en man&#8221;<\/a><\/p>\n<p style=\"text-align: left;\">Hela artikeln. Smakprov:<\/p>\n<blockquote><p>&#8221;Om du \u00e4r kr\u00e4nkt \u00e4r du antagligen man.<\/p>\n<p>M\u00e5nga m\u00e4n blir kr\u00e4nkta av det enkla sk\u00e4let att de inte f\u00e5r som de vill.&#8221;<\/p>\n<p>[&#8230;]<\/p>\n<p>&#8221;\u201dKr\u00e4nkta vita m\u00e4n\u201d framst\u00e4lls ofta i ett l\u00f6jets skimmer, med skr\u00e4ckblandad f\u00f6rtjusning. Men det \u00e4r en d\u00e5lig id\u00e9 att f\u00f6rs\u00f6ka sk\u00e4mta bort detta oroande k\u00e4nslol\u00e4ge.<\/p>\n<p>Det \u00e4r inte heller s\u00e5 smart att se ned p\u00e5 den kr\u00e4nkte mannen, som Jonas Thente p\u00e5pekade i en artikel i v\u00e5ras. D\u00e5 g\u00e4llde det m\u00e4n som n\u00e4thatar, de f\u00f6raktade \u201dbarbarerna som kan stava till \u2019fitta\u2019 men aldrig till \u2019recension\u2019\u201d.<\/p>\n<p>Det finns massor av litter\u00e4rt oborstade kvinnor som p\u00e5 sm\u00e5f\u00f6rlag ger ut biografier om vidriga uppv\u00e4xtmilj\u00f6er och \u00e4ktenskap fr\u00e5n helvetet. Sj\u00e4lvbiografier av kr\u00e4nkta m\u00e4n \u00e4r d\u00e4remot ovanliga, n\u00e4thatarna kommer sig aldrig f\u00f6r med att skriva artiklar och b\u00f6cker. Kr\u00e4nktheten kan n\u00e4mligen inte samla sig till planering. Med reptilsnabb motattack och sj\u00e4lv\u00f6mkande aggressivitet f\u00f6rs\u00f6ker den snabbl\u00e4ka narcissistiska s\u00e5r.&#8221;<\/p>\n<p>[&#8230;]<\/p>\n<p>&#8221;Kr\u00e4nktheten \u00e4r en egotripp, men samtidigt en manlig massr\u00f6relse.&#8221;<\/p>\n<p>[&#8230;]<\/p>\n<p>&#8221;Det \u00e4r s\u00e5 l\u00e4tt att bli f\u00f6rtjust i m\u00e4n som sk\u00f6ter manligheten snyggt, vinnarens roll som f\u00e5 kan spela. Samtidigt kan jag inte l\u00e5ta bli att undra om det finns en subversiv potential i kr\u00e4nktheten. Den f\u00f6rtj\u00e4nar onekligen viss beundran f\u00f6r sin hysteriska of\u00f6rm\u00e5ga att se sig sj\u00e4lv i patetikens ljus.&#8221;<\/p><\/blockquote>\n<p><a href=\"http:\/\/www.svd.se\/kultur\/kulturdebatt\/macho-frizoner-under-attack_3806514.svd\">SvD 140808 &#8211; &#8221;Macho frizoner under attack&#8221;<\/a>:<\/p>\n<p>Hela artikeln, men smakprov h\u00e4r:<\/p>\n<blockquote><p>&#8221;<strong>F\u00f6r exakt tio \u00e5r<\/strong> sedan utkom Stephan Mendel-Enks bok \u201dMed uppenbar k\u00e4nsla f\u00f6r stil\u201d, en analys av den dominerande manligheten med utg\u00e5ngspunkt i en grupp v\u00e5ldsben\u00e4gna fotbollssupportrar. Mendel-Enks tes \u00e4r att huliganer och andra v\u00e5ldsm\u00e4n inte \u00e4r n\u00e5gra avvikelser, utan f\u00f6rl\u00e4ngningar av samma logik som pr\u00e4glar alla andra manliga sammanhang. V\u00e5ldsm\u00e4nnen har inte andra v\u00e4rderingar \u00e4n de \u201dnormala m\u00e4nnen\u201d, de tar dem bara lite l\u00e4ngre.&#8221;<\/p><\/blockquote>\n<p><a href=\"http:\/\/unvis.it\/www.expressen.se\/kronikorer\/malin-roos\/roos-det-ar-lite-battre-om-kvinnor-overlever\/\">Expressen 1408 &#8211; &#8221;Det \u00e4r lite b\u00e4ttre om kvinnorna \u00f6verlever&#8221;<\/a><\/p>\n<p>Hela artikeln.<\/p>\n<p><a href=\"http:\/\/www.bt.se\/nyheter\/boras\/tjejerna-drar-ned-betygen-i-boras%284440000%29.gm\">Bor\u00e5s Tidning 140911 &#8211; Tjejerna drar ner betygen i Bor\u00e5s<\/a><\/p>\n<blockquote><p>&nbsp;<\/p>\n<p>&#8221;Annars brukar grabbarna betraktas som den svenska skolans stora problem n\u00e4r det g\u00e4ller k\u00f6nsskillnader.&#8221;<\/p>\n<p>[&#8230;]<\/p>\n<p>&#8221;Tar pojkarna s\u00e5 mycket energi fr\u00e5n l\u00e4rarna att flickorna inte ens f\u00e5r n\u00e5gon undervisning?&#8221;<\/p><\/blockquote>\n<p><a href=\"http:\/\/www.svd.se\/kultur\/litteratur\/enveten-holmgang-med-mansrollen_3941966.svd\">SvD 140923 &#8211; &#8221;Enveten holmg\u00e5ng med mansrollen&#8221;<\/a>:<\/p>\n<p>Det mesta. Ett exempel:<\/p>\n<blockquote><p>&#8221;Helhetsgreppet, de stora dragen, ambitionen att en g\u00e5ng f\u00f6r alla visa hur allt, precis allt, h\u00e4nger ihop, fr\u00e5n Husby och Lundsberg, \u00f6ver v\u00e4rldskrigen till den aldrig nedf\u00e4llda toasitsen. Patriarkatet som ett totalt, genomgripande system som pr\u00e4glar i princip alla aspekter av samh\u00e4llet.&#8221;<\/p><\/blockquote>\n<p><a href=\"http:\/\/www.dn.se\/nyheter\/sverige\/hanna-hellquist-underskatta-aldrig-mans-behov-av-bekraftelse-fran-andra-man\/\">DN 141004 &#8211; &#8221;Underskatta aldrig m\u00e4ns behov av bekr\u00e4ftelse fr\u00e5n andra m\u00e4n&#8221;<\/a><\/p>\n<p>Hela artikeln.<\/p>\n<p><a href=\"http:\/\/www.expressen.se\/kronikorer\/lars-lindstrom\/jag-ar-inte-radd-for-feminismen---jag-ar-skrackslagen-for-mansrorelsen\/\">Expressen 141020 &#8211; &#8221;Jag \u00e4r inte r\u00e4dd f\u00f6r feminismen &#8211; jag \u00e4r skr\u00e4ckslagen f\u00f6r mansr\u00f6relsen&#8221;<\/a><\/p>\n<p>Hela artikeln.<\/p>\n","protected":false},"excerpt":{"rendered":"<p>Eftersom jag s\u00e5 gott som helt slutat l\u00e4sa b\u00e5de DN och Aftonbladet kommer denna lista att bli h\u00f6gst bristf\u00e4llig. Jag tar h\u00e4r upp mansf\u00f6rakt i media 2014 och detta \u00e4r ett levande inl\u00e4gg. Redan tidigare har jag skrivit om\u00a0Magda Rasmussons &hellip; <a href=\"http:\/\/www.susannavaris.com\/blogg\/2014\/02\/misandri-i-media-2014\/\">Forts\u00e4tt l\u00e4sa <span class=\"meta-nav\">&rarr;<\/span><\/a><\/p>\n","protected":false},"author":1,"featured_media":0,"comment_status":"open","ping_status":"open","sticky":false,"template":"","format":"standard","meta":{"footnotes":""},"categories":[178,181,3067,154,1321,1928,589,3787,1,590],"tags":[3781,4899,3875,2720,351,2721,2150],"class_list":["post-12081","post","type-post","status-publish","format-standard","hentry","category-blodtryckshojare","category-feminism","category-feminism-referensinlagg","category-genus","category-jamstalldhet","category-journalistik","category-medier","category-misandri-i-media","category-okategoriserade","category-politik","tag-3781","tag-genus","tag-mansforakt","tag-manshat","tag-media","tag-misandri","tag-tidningar"],"_links":{"self":[{"href":"http:\/\/www.susannavaris.com\/blogg\/wp-json\/wp\/v2\/posts\/12081","targetHints":{"allow":["GET"]}}],"collection":[{"href":"http:\/\/www.susannavaris.com\/blogg\/wp-json\/wp\/v2\/posts"}],"about":[{"href":"http:\/\/www.susannavaris.com\/blogg\/wp-json\/wp\/v2\/types\/post"}],"author":[{"embeddable":true,"href":"http:\/\/www.susannavaris.com\/blogg\/wp-json\/wp\/v2\/users\/1"}],"replies":[{"embeddable":true,"href":"http:\/\/www.susannavaris.com\/blogg\/wp-json\/wp\/v2\/comments?post=12081"}],"version-history":[{"count":31,"href":"http:\/\/www.susannavaris.com\/blogg\/wp-json\/wp\/v2\/posts\/12081\/revisions"}],"predecessor-version":[{"id":13602,"href":"http:\/\/www.susannavaris.com\/blogg\/wp-json\/wp\/v2\/posts\/12081\/revisions\/13602"}],"wp:attachment":[{"href":"http:\/\/www.susannavaris.com\/blogg\/wp-json\/wp\/v2\/media?parent=12081"}],"wp:term":[{"taxonomy":"category","embeddable":true,"href":"http:\/\/www.susannavaris.com\/blogg\/wp-json\/wp\/v2\/categories?post=12081"},{"taxonomy":"post_tag","embeddable":true,"href":"http:\/\/www.susannavaris.com\/blogg\/wp-json\/wp\/v2\/tags?post=12081"}],"curies":[{"name":"wp","href":"https:\/\/api.w.org\/{rel}","templated":true}]}}