{"id":12099,"date":"2014-03-02T13:10:17","date_gmt":"2014-03-02T12:10:17","guid":{"rendered":"http:\/\/www.susannavaris.com\/blogg\/?p=12099"},"modified":"2014-03-02T13:10:17","modified_gmt":"2014-03-02T12:10:17","slug":"makten-och-maktlosheten","status":"publish","type":"post","link":"http:\/\/www.susannavaris.com\/blogg\/2014\/03\/makten-och-maktlosheten\/","title":{"rendered":"Makten och maktl\u00f6sheten"},"content":{"rendered":"<p style=\"text-align: center;\"><a href=\"http:\/\/www.susannavaris.com\/blogg\/wp-content\/uploads\/2014\/03\/eu.jpg\"><img loading=\"lazy\" decoding=\"async\" class=\"aligncenter size-full wp-image-12100\" alt=\"eu\" src=\"http:\/\/www.susannavaris.com\/blogg\/wp-content\/uploads\/2014\/03\/eu.jpg\" width=\"800\" height=\"305\" srcset=\"http:\/\/www.susannavaris.com\/blogg\/wp-content\/uploads\/2014\/03\/eu.jpg 800w, http:\/\/www.susannavaris.com\/blogg\/wp-content\/uploads\/2014\/03\/eu-300x114.jpg 300w\" sizes=\"auto, (max-width: 800px) 100vw, 800px\" \/><\/a><em>\u00a0De svaga?<\/em><\/p>\n<p>I dagens SvD finns en briljant <a href=\"http:\/\/www.svd.se\/opinion\/ledarsidan\/vit-medelalders-heterosexuell-man-med-hog-lon-blev-enda-undantaget_3321108.svd\">artikel<\/a>\u00a0signerad Tove Lifvendahl. I den formuleras liknande tankeg\u00e5ngar som jag ocks\u00e5 l\u00e4nge haft ang\u00e5ende den politiska maktens behov av att beskriva medborgarna som svaga och offer. Sj\u00e4lvklart g\u00f6r man detta eftersom det ut\u00f6kar det egna mandatet och skapar ett st\u00f6rre behov av just de styrande politikerna. Motsvarande f\u00f6rh\u00e5llande kan besk\u00e5das inom t ex feminismen, d\u00e4r ett ivrigt beskrivande och identifierande av kvinnor som hj\u00e4lpl\u00f6sa, svaga och offer skapar ett behov av den feministiska ideologin, dess apostlar och dess till\u00e4mpningar. Min mening \u00e4r att den feministiska ideologin i Sverige \u00e5r 2014 s\u00f6ker i h\u00f6g grad trycka ner och beh\u00e5lla kvinnor i en konstruerad offerposition.<\/p>\n<blockquote><p><strong>&#8221;F\u00f6r det f\u00f6rsta:<\/strong>\u00a0Individen anpassar sig efter den r\u00e5dande m\u00e4nniskosynen, vilket kan bidra till att denne f\u00f6rminskar sig sj\u00e4lv.&#8221;<\/p><\/blockquote>\n<p>skriver Lifvendahl.<\/p>\n<p>Inom rikspolitiken lockar liknande r\u00e4ddnings- och fr\u00e4lsningsprojekt olika politiska falanger (fr\u00e4mst p\u00e5 v\u00e4nsterkanten) som ett s\u00e4tt att locka till sig r\u00f6ster, resurser och inte minst ett mandat; \u00e4r medborgarna svaga, m\u00e5ste politikerna finnas d\u00e4r f\u00f6r deras trygghet. Att de h\u00e4r tankeg\u00e5ngarna \u00e4r djupt rotade bland befolkningen kan man konstatera i t ex inst\u00e4llningen att skattes\u00e4nkningar best\u00e5r av pengar som staten &#8221;sk\u00e4nker&#8221; medborgarna (N\u00e4r de i verkligheten best\u00e5r av egna pengar som medborgaren f\u00e5r beh\u00e5lla). En annan illustration \u00e4r tanken att \u00e4kta omsorg och solidaritet endast kan ut\u00f6vas med det offentliga som mellanhand. Privat v\u00e4lg\u00f6renhet eller att medborgaren sj\u00e4lv ska v\u00e4lja vad den vill st\u00f6dja med sina pengar ses som suspekt. M\u00f6jligen kan det sistn\u00e4mnda f\u00f6rst\u00e5s i ett historiskt kontext d\u00e4r ingen vill tillbaka till ett samh\u00e4lle d\u00e4r enskilda \u00e4r utel\u00e4mnade f\u00f6r \u00e4n den ena eller den andra privatpersonens v\u00e4lvilja, men \u00e4ven h\u00e4r ses det offentliga som en garant f\u00f6r r\u00e4ttvisa, n\u00e5got som det verkligen inte alltid \u00e4r. Privat v\u00e4lg\u00f6renhet smutskastas g\u00e4rna med att &#8221;den rike bara vill k\u00f6pa sig gott samvete&#8221;. Men vad \u00e4r d\u00e5 att delegera all omsorg om medm\u00e4nniskorna till det offentliga? \u00c4r inte det p\u00e5 samma s\u00e4tt att &#8221;k\u00f6pa sig fri&#8221;?<\/p>\n<p>Personligen v\u00e4ljer jag att se m\u00e4nniskor som i huvudsak starka, precis som Lifvendahl i artikeln, men som ibland och f\u00f6r en period f\u00f6rsatta i svag st\u00e4llning. Staten och det offentliga har sin roll, men makten och ansvaret f\u00f6r det egna livet ska utg\u00e5r fr\u00e5n medborgaren.<\/p>\n","protected":false},"excerpt":{"rendered":"<p>\u00a0De svaga? I dagens SvD finns en briljant artikel\u00a0signerad Tove Lifvendahl. I den formuleras liknande tankeg\u00e5ngar som jag ocks\u00e5 l\u00e4nge haft ang\u00e5ende den politiska maktens behov av att beskriva medborgarna som svaga och offer. Sj\u00e4lvklart g\u00f6r man detta eftersom det &hellip; <a href=\"http:\/\/www.susannavaris.com\/blogg\/2014\/03\/makten-och-maktlosheten\/\">Forts\u00e4tt l\u00e4sa <span class=\"meta-nav\">&rarr;<\/span><\/a><\/p>\n","protected":false},"author":1,"featured_media":0,"comment_status":"open","ping_status":"open","sticky":false,"template":"","format":"standard","meta":{"footnotes":""},"categories":[181,154,259,1321,1,590],"tags":[4900,1667,3879,4910,3880,504,3703,229],"class_list":["post-12099","post","type-post","status-publish","format-standard","hentry","category-feminism","category-genus","category-genusvetenskap","category-jamstalldhet","category-okategoriserade","category-politik","tag-feminism","tag-hogern","tag-medborgare","tag-politik","tag-svaga-grupper","tag-svd","tag-tove-lifvendahl","tag-vanstern"],"_links":{"self":[{"href":"http:\/\/www.susannavaris.com\/blogg\/wp-json\/wp\/v2\/posts\/12099","targetHints":{"allow":["GET"]}}],"collection":[{"href":"http:\/\/www.susannavaris.com\/blogg\/wp-json\/wp\/v2\/posts"}],"about":[{"href":"http:\/\/www.susannavaris.com\/blogg\/wp-json\/wp\/v2\/types\/post"}],"author":[{"embeddable":true,"href":"http:\/\/www.susannavaris.com\/blogg\/wp-json\/wp\/v2\/users\/1"}],"replies":[{"embeddable":true,"href":"http:\/\/www.susannavaris.com\/blogg\/wp-json\/wp\/v2\/comments?post=12099"}],"version-history":[{"count":1,"href":"http:\/\/www.susannavaris.com\/blogg\/wp-json\/wp\/v2\/posts\/12099\/revisions"}],"predecessor-version":[{"id":12101,"href":"http:\/\/www.susannavaris.com\/blogg\/wp-json\/wp\/v2\/posts\/12099\/revisions\/12101"}],"wp:attachment":[{"href":"http:\/\/www.susannavaris.com\/blogg\/wp-json\/wp\/v2\/media?parent=12099"}],"wp:term":[{"taxonomy":"category","embeddable":true,"href":"http:\/\/www.susannavaris.com\/blogg\/wp-json\/wp\/v2\/categories?post=12099"},{"taxonomy":"post_tag","embeddable":true,"href":"http:\/\/www.susannavaris.com\/blogg\/wp-json\/wp\/v2\/tags?post=12099"}],"curies":[{"name":"wp","href":"https:\/\/api.w.org\/{rel}","templated":true}]}}