{"id":12115,"date":"2014-03-10T21:05:11","date_gmt":"2014-03-10T20:05:11","guid":{"rendered":"http:\/\/www.susannavaris.com\/blogg\/?p=12115"},"modified":"2014-03-10T21:05:11","modified_gmt":"2014-03-10T20:05:11","slug":"gastinlagg-oravsky-och-edwards-del-3","status":"publish","type":"post","link":"http:\/\/www.susannavaris.com\/blogg\/2014\/03\/gastinlagg-oravsky-och-edwards-del-3\/","title":{"rendered":"G\u00e4stinl\u00e4gg: Oravsky och Edwards del 3"},"content":{"rendered":"<p><b>En manlig feminists anspr\u00e5ksl\u00f6sa \u00f6nskem\u00e5l &#8211; Del 3: Andrea Edwards tappar fattningen<\/b><\/p>\n<p><b>\u00a0<\/b><\/p>\n<p>Ingen, mig veterligen, f\u00f6ljer det jag publicerar med s\u00e5dan nit\u00e4lskan som Andrea Edwards. Mina rader om hennes framf\u00f6rande av det fascistoida SCUM-manifestet hinner knappast uppenbara sig p\u00e5 n\u00e5gon tidningssida, n\u00e4r tidningens redakt\u00f6r och ansvarig utgivare rings upp och vips, artikeln bortcensureras som om vi befann oss i ett naziockuperat eller nazisamarbetsvilligt land. En publicist som i dag jobbar i Torgny Segerstedts r\u00e4ttvisepatosanda \u00e4r lika vanligt f\u00f6rekommande som den akut hotade vitryggiga hackspetten. Tror du att jag \u00f6verdriver en smula i syfte att v\u00e4cka din uppm\u00e4rksamhet? Bekanta dig d\u00e5 med min 280-sidiga faktasp\u00e4ckade och expertgranskade l\u00e4gesrapport \u201dFriheten i kulturen : reflexioner kring tystnad och repression inom kulturetablissemanget\u201d, ISBN 9789173270441.<\/p>\n<p>Ingen, mig veterligen, f\u00f6ljer det jag publicerar med s\u00e5dan nitisk iver som Andrea Edwards, och ingen fattar s\u00e5 lite som samma Edwards. \u00c4ven Edwards ideologiska f\u00f6rebild, f\u00f6rfattarinnan till \u201dSociety for Cutting Up Men\u201d, Valerie Solanas, hade sv\u00e5rt att fatta att tv\u00e5ngstankar aldrig varit pedagogikens b\u00e4sta hj\u00e4lpreda.<\/p>\n<p><b>\u00a0<\/b><\/p>\n<p>Mitt debattinl\u00e4gg \u201dEn manlig feminists anspr\u00e5ksl\u00f6sa \u00f6nskem\u00e5l &#8211; Del 2: Andrea Edwards fegar ur\u201d, avslutade jag med f\u00f6ljande: \u201dH\u00e4r bjuder jag p\u00e5 hela korrespondensen. Oredigerad. J\u00e4mf\u00f6r den sedan med det tendensi\u00f6sa mischmasch Edwards kommer att bjuda p\u00e5 i hennes TV-dokument\u00e4r. Om det inte blir s\u00e5, att hon inte ens kommer att n\u00e4mna min recension av hennes sceniska utg\u00e5va av SCUM-manifestet. Det skulle ocks\u00e5 gynna hennes sak. Naturligtvis. Det \u00e4r anledningen till varf\u00f6r Edwards ursprungliga avsikt var att inte bjuda mig till att medverka i hennes SCUM-dokument\u00e4r\u201d.Se http:\/\/www.susannavaris.com\/blogg\/2014\/03\/gastinlagg-en-manlig-feminists-del-2\/<\/p>\n<p>&nbsp;<\/p>\n<p>Det omd\u00f6met ville Edwards inte finna sig i, och p\u00e5 de kommande raderna bjuder jag p\u00e5 en of\u00f6rfalskad redog\u00f6relse av hennes tankekollaps.<\/p>\n<p>Ljumma duschstr\u00e5lar h\u00f6ll p\u00e5 att sk\u00f6lja bort min svett fr\u00e5n en uppfriskande kv\u00e4llsjoggingsrunda fredagen den 7 mars, n\u00e4r n\u00e5gon lutade sig mot ytterd\u00f6rrens ringklocka och tvingade den ringa och ringa och ringa. Pauser i ringandet upph\u00f6rde bara n\u00e4r n\u00e5gon genom brevl\u00e5dan, l\u00e4nge h\u00f6ll p\u00e5 att unders\u00f6ka huruvida n\u00e5gon av\u00a0<b>oss<\/b>\u00a0var hemma, samt tv\u00e5 tre g\u00e5nger tryckte ner d\u00f6rrhandtaget som om den f\u00f6rsta nertryckningen inte var lika p\u00e5litlig som de f\u00f6ljande. Vem kunde det ha varit? Jag kl\u00e4dde p\u00e5 mig, gick ut i trappg\u00e5ngen, stegade \u00e4nda ner till bottenv\u00e5ningen och med viss tillfredst\u00e4llelse konstaterade jag att det ingenstans luktade br\u00e4nt, ej heller s\u00e5g jag n\u00e5got sp\u00e5r efter n\u00e5gon eld. Jag st\u00e4lldes inf\u00f6r fr\u00e5gan Vem kunde det ha varit?, \u00e4n en g\u00e5ng.<\/p>\n<p>Pl\u00f6tsligt t\u00e4nkte jag p\u00e5 den tjeckoslovakiska hemliga polisen som jag som barn kom i n\u00e4rkontakt med. Den kallades hemlig, trots att den verkligen inte var det. Dess styrka och den fruktan den spred hade sitt fundament i just det, att alla visste att den fanns.<\/p>\n<p>Jag minns de hemliga m\u00e4nnen som ringde och ringde p\u00e5 v\u00e5r d\u00f6rr innan de i sina ankell\u00e5nga skinnrockar kom till v\u00e5r tv\u00e5rummare och m\u00f6blerade om den i jakt p\u00e5 flygblad, som \u201dimperialisternas\u201d flyg r\u00e5kat sl\u00e4ppa \u00f6ver v\u00e5rt bostadsomr\u00e5de. Skinnrockarna sl\u00e4ngde ut hundratals b\u00f6cker fr\u00e5n v\u00e5ra bokhyllor och ruskade om var och en i tron att allt det otill\u00e5tna och som troligen bara stod mellan raderna, skulle skakas fram.<\/p>\n<p>Enstaka sidor fastnade i deras kunskapsgiriga h\u00e4nder och de kastade upp bladen i luften och l\u00e4t dem singla ner som stora sn\u00f6flingor, i en skarp demonstration av att det kalla kriget inte k\u00e4nde till n\u00e5gra andra \u00e5rstider \u00e4n vinter.<\/p>\n<p>&nbsp;<\/p>\n<p>S\u00f6ndagen den 9 mars kvart \u00f6ver sju p\u00e5 kv\u00e4llen upprepades hela proceduren som jag var med om tv\u00e5 dagar tidigare, med ett undantag; efter en stund ringde min mobil. Jag trippade till telefonen l\u00e4mnandes bl\u00f6ta sp\u00e5r efter mig, och fann att det var Edwards som st\u00f6rde. Vad vill hon den h\u00e4r g\u00e5ngen t\u00e4nkte jag. \u201dHej det \u00e4r Andrea! Vi st\u00e5r utanf\u00f6r din d\u00f6rr och vill st\u00e4lla n\u00e5gra fr\u00e5gor till dig\u2026\u201d<\/p>\n<p>\u201dMed dig vill jag kommunicera bara skriftligen\u201d, svarade jag och la p\u00e5.<\/p>\n<p>Och medan jag \u00e5tergick in i duschen, fortsatte Edwards att h\u00e4nga p\u00e5 ringklockan.<\/p>\n<p>Jag borde \u00f6ppna d\u00f6rren, jag borde l\u00e5ta mig utfr\u00e5gas naken, och hennes SCUM-dokument\u00e4r skulle kunna saluf\u00f6ras med mig naken, som en pendang till den affisch som saluf\u00f6rde hennes SCUM-f\u00f6rest\u00e4llning med henne, ocks\u00e5 naken. Tror du mig inte? Se d\u00e5 den bifogade SCUM-affischen.<\/p>\n<p><a href=\"http:\/\/www.susannavaris.com\/blogg\/wp-content\/uploads\/2014\/03\/Scum-Edwards-affisch-1.jpg\"><img loading=\"lazy\" decoding=\"async\" class=\"aligncenter size-full wp-image-12116\" alt=\"Scum Edwards affisch 1\" src=\"http:\/\/www.susannavaris.com\/blogg\/wp-content\/uploads\/2014\/03\/Scum-Edwards-affisch-1.jpg\" width=\"1124\" height=\"2000\" srcset=\"http:\/\/www.susannavaris.com\/blogg\/wp-content\/uploads\/2014\/03\/Scum-Edwards-affisch-1.jpg 1124w, http:\/\/www.susannavaris.com\/blogg\/wp-content\/uploads\/2014\/03\/Scum-Edwards-affisch-1-168x300.jpg 168w, http:\/\/www.susannavaris.com\/blogg\/wp-content\/uploads\/2014\/03\/Scum-Edwards-affisch-1-575x1024.jpg 575w\" sizes=\"auto, (max-width: 1124px) 100vw, 1124px\" \/><\/a><\/p>\n<p>Naturligtvis \u00f6ppnade jag inte d\u00f6rren: Edwards hum\u00f6r l\u00e4t inte muntert och det \u00e4r inte om\u00f6jligt att hon var bev\u00e4pnad med ett j\u00e4rnr\u00f6r, liksom de \u00f6k\u00e4nda fanatikerna fr\u00e5n ett annat ideologiskt inskr\u00e4nkt l\u00e4ger.<\/p>\n<p>&nbsp;<\/p>\n<p>Pastor Ulf Ekman fr\u00e5n Livets ord, kastade sin inte alltf\u00f6r k\u00e4rleksfulla m\u00e4nniskosyn \u00f6verbord och bad offentligt om f\u00f6rl\u00e5telse f\u00f6r det lidande som han f\u00f6rorsakat. Jag vet inte vad det betyder och vilka implikationer det kan ha p\u00e5 honom och andra m\u00e4nniskor. Men vid f\u00f6rsta anblicken verkar det s\u00e5, att \u00e4ven en inpyrd fanatiker kan \u00e4ndra sig och s\u00e5nt v\u00e4cker hopp f\u00f6r m\u00e4nskligheten.<\/p>\n<p>Stiftelsen \u201dExpo granskar, dokumenterar, analyserar och upplyser om intoleranta, rasistiska och h\u00f6gerextrema grupper och id\u00e9er f\u00f6r att st\u00e4vja dess inflytande i samh\u00e4llet.\u201d Det \u00e4r en n\u00f6dv\u00e4ndig verksamhet och som enligt mig, b\u00f6r ta sig an \u00e4ven den grenen av intolerantism som fanatiska anh\u00e4ngare av \u201dSociety for Cutting Up Men\u201d f\u00f6respr\u00e5kar.<\/p>\n<p>&nbsp;<\/p>\n<p>Det \u00e4r 330 km mellan Stockholm och J\u00f6nk\u00f6ping och det \u00e4r lika l\u00e5ngt mellan J\u00f6nk\u00f6ping och Stockholm. \u00c4nd\u00e5 \u00e5kte Edwards hit f\u00f6r att \u00f6verraska mig. Utan att veta om jag \u00f6ver huvudtaget fanns i J\u00f6nk\u00f6ping. Men varf\u00f6r inte? Hon betalade inte resan fr\u00e5n sin egen ficka.<\/p>\n<p>Hur m\u00e5nga g\u00e5nger upps\u00f6kte Edwards min adress? Tv\u00e5 g\u00e5nger, tre, fyra, tio g\u00e5nger? Jag vet inte. \u00c4r det s\u00e5dana aktiviteter som Sveriges television anv\u00e4nder mina och dina licenspengar till?<\/p>\n<p>Och vem \u00e4r det som STV granskar egentligen med Edwards SCUM-dokument\u00e4r? B\u00f6r det inte vara de m\u00e4ktiga, de som best\u00e4mmer agendan, de vars verksamhet subventioneras med skattepengar och andra avgifter som borde vara en nagel i \u00f6gat f\u00f6r SVT:s granskande verksamhet?<\/p>\n<p>I st\u00e4llet \u00e4r det pl\u00f6tsligt de som granskar och kritiserar intolerans och grova utfall mot m\u00e4n, det vill s\u00e4ga h\u00e4lften av Sveriges befolkning, som st\u00e4lls p\u00e5 de anklagades b\u00e4nk och jagas i deras privathem i m\u00f6rkret p\u00e5 kv\u00e4llarna ungef\u00e4r som d\u00e5 n\u00e4r den makthungrige ideologen Lavrentij Berijas hantlangare jagade demokratins f\u00f6rsvarare.<\/p>\n<p>&nbsp;<\/p>\n<p>Edwards \u00e4r d\u00f6md f\u00f6r snatteri. Jag vet inte vad hon snattade, men jag gissar att det inte var en limpa br\u00f6d eller en cykel utan vilken hon inte klarade av att utf\u00f6ra sitt arbete. Vad jag st\u00f6djer min gissning p\u00e5?<\/p>\n<p>Eftersom hon \u201dsnattade\u201d \u00e4n en g\u00e5ng: en Filippa K-tr\u00f6ja p\u00e5 \u00c5hl\u00e9ns City i Stockholm. F\u00f6r den st\u00f6lden d\u00f6mdes hon till elvatusen kronor i b\u00f6ter.<\/p>\n<p>Andrea Edwards, \u00e4r d\u00f6md f\u00f6r ett snatteri och en st\u00f6ld. Om man antar att Andrea Edwards inte \u00e4r Sveriges s\u00e4msta och mest \u201dotursdrabbade\u201d tjuv, d\u00e5 har hon antagligen snattat och stulit mer \u00e4n tv\u00e5 g\u00e5nger\u2026<\/p>\n<p>(I juni 2013 ringdes jag upp av Andrea Edwards. Hennes uppskattningsvis 20-minuters utsk\u00e4llningsmonolog h\u00e4mtade n\u00e4ring mestadels fr\u00e5n<em>\u00a0SCUM-<\/em>manifestet, och hon kallade mig allt ifr\u00e5n utvecklingsst\u00f6rd till debil. Och \u00e4nd\u00e5 ville hon ha en urs\u00e4kt fr\u00e5n mig, debilen, f\u00f6r vad jag skrev i min recension av hennes SCUM-f\u00f6rest\u00e4llning. Jag undrade om min uppgift om att hon var d\u00f6md f\u00f6r snatteri var felaktig? Det var det. Jag skrev n\u00e4mligen att hon d\u00f6mdes till b\u00f6ter p\u00e5 11\u00a0000 kr men hon d\u00f6mdes i sj\u00e4lva verket till b\u00f6ter om 20\u00a0000 kr. Men, menade hon, bara p\u00e5 grund av att hon erk\u00e4nde n\u00e5got som hon inte hade gjort. Vid b\u00e5da tillf\u00e4llena. Och hon har aldrig \u00f6verklagat n\u00e5gon av domarna. Hon har inte heller g\u00e5tt i svarom\u00e5l n\u00e4r andra skrev om dessa, eftersom hon inte brydde sig om skvaller\u2026)<\/p>\n<p>\u00c5hl\u00e9ns City, eller vem det nu \u00e4n l\u00e4r vara, b\u00f6r inte tvingas att s\u00e4lja sina varor f\u00f6r \u00f6verpris bara f\u00f6r att t\u00e4cka sina f\u00f6rluster som m\u00e4nniskor med Andrea Edwards (o)moral f\u00f6rorsakar. Stj\u00e4l hon fr\u00e5n \u00c5hl\u00e9ns City, s\u00e5 stj\u00e4l hon fr\u00e5n alla som handlar d\u00e4r och dessutom dig och mig, eftersom det \u00e4r vi som finansierar b\u00e5de polisen och domstolar. L\u00e5ter allt detta som irrelevant f\u00f6r dig, eftersom du tror att inte Edwards leverne vid sidan om scenen har n\u00e5got med SCUM-manifestet att g\u00f6ra? Bekanta dig d\u00e5 med f\u00f6ljande: \u201dEn liten handfull av SCUM kan ta \u00f6ver landet p\u00e5 ett \u00e5r genom att konsekvent fucka upp systemet, selektivt f\u00f6rst\u00f6ra egendom och d\u00f6da m\u00e4n:\u201d Det \u00e4r en del av den text som delats ut till\u00a0<em>SCUM-<\/em><em>m<\/em><em>anifestets<\/em>\u00a0publik, och detta \u00e4r bara f\u00f6rnamnet.\u00a0P\u00e5 mig verkar det att Edwards lever s\u00e5 som hon predikar. P\u00e5 den punkten skiljer hon sig inte fr\u00e5n de fanatiker vilka ett demokratiskt samh\u00e4lle borde h\u00e5lla ett vakande \u00f6ga p\u00e5.<\/p>\n<p>I SCUM-upps\u00e4ttningen satte Edwards en med bj\u00e4llror f\u00f6rsedd narrm\u00f6ssa p\u00e5 en av de manliga \u00e5sk\u00e5darna, och den ringde varje g\u00e5ng han r\u00f6rde p\u00e5 sig. Det \u00e4r s\u00e5dana som Edwards som borde f\u00f6rses med en s\u00e5dan varningsattiralj. Med elektronisk f\u00f6rst\u00e4rkare, s\u00e5 att folk alltid blev varse om var de befinner sig.<\/p>\n<p>&nbsp;<\/p>\n<p>Min recension av Edwards SCUM hittar du h\u00e4r:<\/p>\n<p><a href=\"http:\/\/www.susannavaris.com\/blogg\/2013\/12\/gastinlagg-oravsky-pa-scenkonstbiennalen-del-1-scum\/\" target=\"_blank\">http:\/\/www.susannavaris.com\/blogg\/2013\/12\/gastinlagg-oravsky-pa-scenkonstbiennalen-del-1-scum\/<\/a><b><\/b><\/p>\n<p>\u00a9 Vladimir Oravsky<\/p>\n","protected":false},"excerpt":{"rendered":"<p>En manlig feminists anspr\u00e5ksl\u00f6sa \u00f6nskem\u00e5l &#8211; Del 3: Andrea Edwards tappar fattningen \u00a0 Ingen, mig veterligen, f\u00f6ljer det jag publicerar med s\u00e5dan nit\u00e4lskan som Andrea Edwards. Mina rader om hennes framf\u00f6rande av det fascistoida SCUM-manifestet hinner knappast uppenbara sig p\u00e5 &hellip; <a href=\"http:\/\/www.susannavaris.com\/blogg\/2014\/03\/gastinlagg-oravsky-och-edwards-del-3\/\">Forts\u00e4tt l\u00e4sa <span class=\"meta-nav\">&rarr;<\/span><\/a><\/p>\n","protected":false},"author":1,"featured_media":0,"comment_status":"open","ping_status":"open","sticky":false,"template":"","format":"standard","meta":{"footnotes":""},"categories":[1364,181,3280,1928,1162,1,384],"tags":[939,4900,4917,3542,907,2252,3279],"class_list":["post-12115","post","type-post","status-publish","format-standard","hentry","category-bocker","category-feminism","category-gastinlagg","category-journalistik","category-kultur","category-okategoriserade","category-tv","tag-andrea-edwards","tag-feminism","tag-kultur","tag-program","tag-scum","tag-tv-2","tag-vladimir-oravsky"],"_links":{"self":[{"href":"http:\/\/www.susannavaris.com\/blogg\/wp-json\/wp\/v2\/posts\/12115","targetHints":{"allow":["GET"]}}],"collection":[{"href":"http:\/\/www.susannavaris.com\/blogg\/wp-json\/wp\/v2\/posts"}],"about":[{"href":"http:\/\/www.susannavaris.com\/blogg\/wp-json\/wp\/v2\/types\/post"}],"author":[{"embeddable":true,"href":"http:\/\/www.susannavaris.com\/blogg\/wp-json\/wp\/v2\/users\/1"}],"replies":[{"embeddable":true,"href":"http:\/\/www.susannavaris.com\/blogg\/wp-json\/wp\/v2\/comments?post=12115"}],"version-history":[{"count":1,"href":"http:\/\/www.susannavaris.com\/blogg\/wp-json\/wp\/v2\/posts\/12115\/revisions"}],"predecessor-version":[{"id":12117,"href":"http:\/\/www.susannavaris.com\/blogg\/wp-json\/wp\/v2\/posts\/12115\/revisions\/12117"}],"wp:attachment":[{"href":"http:\/\/www.susannavaris.com\/blogg\/wp-json\/wp\/v2\/media?parent=12115"}],"wp:term":[{"taxonomy":"category","embeddable":true,"href":"http:\/\/www.susannavaris.com\/blogg\/wp-json\/wp\/v2\/categories?post=12115"},{"taxonomy":"post_tag","embeddable":true,"href":"http:\/\/www.susannavaris.com\/blogg\/wp-json\/wp\/v2\/tags?post=12115"}],"curies":[{"name":"wp","href":"https:\/\/api.w.org\/{rel}","templated":true}]}}