{"id":12118,"date":"2014-03-12T10:48:02","date_gmt":"2014-03-12T09:48:02","guid":{"rendered":"http:\/\/www.susannavaris.com\/blogg\/?p=12118"},"modified":"2014-03-12T10:48:52","modified_gmt":"2014-03-12T09:48:52","slug":"kvinnoseparatism-fint-herrklubb-unket","status":"publish","type":"post","link":"http:\/\/www.susannavaris.com\/blogg\/2014\/03\/kvinnoseparatism-fint-herrklubb-unket\/","title":{"rendered":"Kvinnoseparatism fint &#8211; herrklubb unket"},"content":{"rendered":"<p>Sl\u00e4nger in\u00a0<a href=\"http:\/\/www.gp.se\/kulturnoje\/1.2307164--manlig-gemenskap-ar-nagot-fint-dar-ska-inga-kvinnor-stora-\">denna artikel<\/a>\u00a0i all hast:<\/p>\n<blockquote><p>&#8221;Genusvetaren Vanja Hermele kallar p\u00e5 gp.se Konstn\u00e4rsklubbens exkluderande av kvinnor oacceptabelt, omoraliskt, m\u00f6jligen ocks\u00e5 olagligt.&#8221;<\/p><\/blockquote>\n<p>Sj\u00e4lvklart \u00e4r all exkludering av kvinnor oacceptabelt, omoraliskt och m\u00f6jligen olagligt. All exkludering av m\u00e4n d\u00e4remot \u00e4r enbart befriande, st\u00e4rkande och rekommenderat&#8230;eller?<\/p>\n<blockquote><p>&#8221;Eva Nikell arbetar p\u00e5 DO:s utvecklingsenhet med k\u00f6nsdiskriminering som s\u00e4rskild kompetens. Enligt henne kan stadgar i en ideell f\u00f6rening egentligen aldrig vara olagliga eftersom det \u00e4r upp till medlemmarna sj\u00e4lva vad de vill ha f\u00f6r slags f\u00f6rening, enligt f\u00f6reningsfrihetsprincipen.&#8221;<\/p><\/blockquote>\n<p>Exempel p\u00e5 f\u00f6rening f\u00f6r kvinnliga konstn\u00e4rer:\u00a0<a href=\"http:\/\/www.konstnarshuset.com\/kk\/kk\/fsk.htm\">Konstn\u00e4rshuset<\/a><\/p>\n<p>Exempel p\u00e5 kvinnoseparatism:\u00a0<a href=\"http:\/\/www.dotoday.com\/sv\/malmo\/kulturhuset-utkanten\/kvinnoseparatistisk-torsdag\/360819-a\">Kvinnoseparatistisk torsdag<\/a>,\u00a0<a href=\"http:\/\/debatt.svt.se\/2013\/05\/17\/ikvall-portar-vi-mannen-fran-var-klubb\/\">Ikv\u00e4ll portar vi m\u00e4nnen fr\u00e5n v\u00e5r klubb<\/a>,\u00a0<a href=\"http:\/\/www.indiadack.net\/?p=222\">kvinnoseparatistisk fest p\u00e5 India d\u00e4ck<\/a>,\u00a0<a href=\"http:\/\/old.socialism.nu\/index.php%3Fpage=forum&amp;section=thread&amp;id=905.html\">Kvinnoseparatistiskt forum<\/a>,\u00a0<a href=\"http:\/\/rabeata.blogspot.se\/2009\/05\/kvinnoseparatistisk-1-maj.html\">kvinnoseparatistiskt f\u00f6rsta maj<\/a>\u00a0(med fina slagord som: &#8221;Sexist &#8211; nu \u00e4r det k\u00f6rt&#8221; och &#8221;sexist &#8211; nu ska du d\u00f6&#8221;),\u00a0<a href=\"http:\/\/rabeata.blogspot.se\/2009\/05\/kvinnoseparatistisk-1-maj.html\">VASS<\/a>\u00a0f\u00f6rklarar varf\u00f6r kvinnoseparatism \u00e4r fint men mansseparatism \u00e4r hegemoni,\u00a0<a href=\"http:\/\/www.roks.se\/nyheter\/2012-05-09\/what-can-we-do-plenty-sister\">ROKS<\/a>,\u00a0<a href=\"http:\/\/motkraft.net\/2008\/02\/24\/2995\/\">Motkraft<\/a>,\u00a0<a href=\"http:\/\/ofog.org\/nyheter\/rapport-europe-for-peace\">OFOG<\/a>\u00a0&#8211; Cynthia Cockburn f\u00f6rklarar varf\u00f6r kvinnoseparatism \u00e4r viktigt&#8230;osv osv, internet sv\u00e4mmar \u00f6ver av exempel.<\/p>\n<p>SUF:s kvinnoseparatistiska <a href=\"http:\/\/stockholm.suf.cc\/natten-som-borde-tillhora-oss-alla\/\">demonstration<\/a>\u00a0p\u00e5 Medborgarplatsen 2011 (Good night male pride st\u00e5r det p\u00e5 banderollen):<\/p>\n<p><a href=\"http:\/\/www.susannavaris.com\/blogg\/wp-content\/uploads\/2014\/03\/suf.jpg\"><img loading=\"lazy\" decoding=\"async\" class=\"aligncenter size-full wp-image-12119\" alt=\"suf\" src=\"http:\/\/www.susannavaris.com\/blogg\/wp-content\/uploads\/2014\/03\/suf.jpg\" width=\"1240\" height=\"827\" srcset=\"http:\/\/www.susannavaris.com\/blogg\/wp-content\/uploads\/2014\/03\/suf.jpg 1240w, http:\/\/www.susannavaris.com\/blogg\/wp-content\/uploads\/2014\/03\/suf-300x200.jpg 300w, http:\/\/www.susannavaris.com\/blogg\/wp-content\/uploads\/2014\/03\/suf-1024x682.jpg 1024w\" sizes=\"auto, (max-width: 1240px) 100vw, 1240px\" \/><\/a><\/p>\n<blockquote><p>&#8221;Trummorna b\u00f6rjar sl\u00e5, en eldslukerska st\u00e5r p\u00e5 trappan till Debaser och sprutar ut gl\u00f6dande l\u00e5gor i luften. En grupp kvinnor dansar och r\u00f6r p\u00e5 varenda kroppsdel. Alla ser lyckliga ut. Alla \u00e4r hoppfulla. Alla vet att det h\u00e4r \u00e4r v\u00e5r stund.<\/p>\n<blockquote><p>&#8211; Det \u00e4r m\u00e4nnen som f\u00f6rtrycker. Det \u00e4r kvinnorna som blir f\u00f6rtryckta. Vi har en kvinnoseparatistisk demonstration f\u00f6r att distansera oss fr\u00e5n f\u00f6rtryckarna, s\u00e4ger en talare i megafonen.<\/p><\/blockquote>\n<p>Gensvaret \u00e4r \u00f6ronbed\u00f6vande. H\u00e4pna miner avsl\u00f6jar att n\u00e5gra f\u00f6rbipasserande aldrig hade trott att kvinnor\u00f6ster kunde l\u00e5ta s\u00e5 h\u00f6gt. Men det blir h\u00f6gre.&#8221;<\/p><\/blockquote>\n<p>Ja, varf\u00f6r kr\u00e5ngla till det n\u00e4r det blir s\u00e5 mycket enklare i svartvitt?<\/p>\n","protected":false},"excerpt":{"rendered":"<p>Sl\u00e4nger in\u00a0denna artikel\u00a0i all hast: &#8221;Genusvetaren Vanja Hermele kallar p\u00e5 gp.se Konstn\u00e4rsklubbens exkluderande av kvinnor oacceptabelt, omoraliskt, m\u00f6jligen ocks\u00e5 olagligt.&#8221; Sj\u00e4lvklart \u00e4r all exkludering av kvinnor oacceptabelt, omoraliskt och m\u00f6jligen olagligt. All exkludering av m\u00e4n d\u00e4remot \u00e4r enbart befriande, st\u00e4rkande &hellip; <a href=\"http:\/\/www.susannavaris.com\/blogg\/2014\/03\/kvinnoseparatism-fint-herrklubb-unket\/\">Forts\u00e4tt l\u00e4sa <span class=\"meta-nav\">&rarr;<\/span><\/a><\/p>\n","protected":false},"author":1,"featured_media":0,"comment_status":"open","ping_status":"open","sticky":false,"template":"","format":"standard","meta":{"footnotes":""},"categories":[181,154,259,1321,1,590],"tags":[4900,4899,4903,3888,3887,3886,2459],"class_list":["post-12118","post","type-post","status-publish","format-standard","hentry","category-feminism","category-genus","category-genusvetenskap","category-jamstalldhet","category-okategoriserade","category-politik","tag-feminism","tag-genus","tag-genusvetenskap","tag-konstnarshuset","tag-konstnarsklubben","tag-kvinnoseparatism","tag-vanja-hermele"],"_links":{"self":[{"href":"http:\/\/www.susannavaris.com\/blogg\/wp-json\/wp\/v2\/posts\/12118","targetHints":{"allow":["GET"]}}],"collection":[{"href":"http:\/\/www.susannavaris.com\/blogg\/wp-json\/wp\/v2\/posts"}],"about":[{"href":"http:\/\/www.susannavaris.com\/blogg\/wp-json\/wp\/v2\/types\/post"}],"author":[{"embeddable":true,"href":"http:\/\/www.susannavaris.com\/blogg\/wp-json\/wp\/v2\/users\/1"}],"replies":[{"embeddable":true,"href":"http:\/\/www.susannavaris.com\/blogg\/wp-json\/wp\/v2\/comments?post=12118"}],"version-history":[{"count":2,"href":"http:\/\/www.susannavaris.com\/blogg\/wp-json\/wp\/v2\/posts\/12118\/revisions"}],"predecessor-version":[{"id":12121,"href":"http:\/\/www.susannavaris.com\/blogg\/wp-json\/wp\/v2\/posts\/12118\/revisions\/12121"}],"wp:attachment":[{"href":"http:\/\/www.susannavaris.com\/blogg\/wp-json\/wp\/v2\/media?parent=12118"}],"wp:term":[{"taxonomy":"category","embeddable":true,"href":"http:\/\/www.susannavaris.com\/blogg\/wp-json\/wp\/v2\/categories?post=12118"},{"taxonomy":"post_tag","embeddable":true,"href":"http:\/\/www.susannavaris.com\/blogg\/wp-json\/wp\/v2\/tags?post=12118"}],"curies":[{"name":"wp","href":"https:\/\/api.w.org\/{rel}","templated":true}]}}