{"id":12122,"date":"2014-03-15T00:17:09","date_gmt":"2014-03-14T23:17:09","guid":{"rendered":"http:\/\/www.susannavaris.com\/blogg\/?p=12122"},"modified":"2014-03-15T00:17:09","modified_gmt":"2014-03-14T23:17:09","slug":"fler-mejl-fran-de-kryptiska-feministerna","status":"publish","type":"post","link":"http:\/\/www.susannavaris.com\/blogg\/2014\/03\/fler-mejl-fran-de-kryptiska-feministerna\/","title":{"rendered":"Fler mejl fr\u00e5n de kryptiska feministerna"},"content":{"rendered":"<p>Ett till mejl damp ner:<\/p>\n<blockquote>\n<div>&#8221;Hello,<\/div>\n<div>My name is Monica.\u00a0Like you, I was born on August 2nd, and I think we must have something in common. I would like to discuss a certain topic with you. Recently, I came across very interesting and somewhat shocking information: it turns out that men have and actively use a method to fully subordinate women. I propose that we combine efforts to understand whether this is true or not. If you don&#8217;t mind, here are the titles of articles that you can read for free on the Internet: \u201cHow Goddesses Are Turned Into Logs. World History Of Turning Women Into Mats.\u201d and \u201cHow Men Turn Women Into Nothing.\u201d Please, share your opinion with me. What do you think about this? I look forward to your response. Thank you.<\/div>\n<div>Respectfully,<\/div>\n<div>Monica<\/div>\n<div>PS\u00a0If you are not interested in this discussion, please reply and I will delete your email.&#8221;<\/div>\n<div><\/div>\n<\/blockquote>\n<p>Skickat fr\u00e5n en Monica Brench. Vad \u00e4r allt detta? Tror de att jag \u00e4r feminist eftersom jag skriver om feminism?? \u00c4r den en feministisk sekt som s\u00f6ker v\u00e4rva mig? Vad handlar dessa tokerier om&#8230;? Fr\u00e5gorna hopar sig. Ser fram emot n\u00e4sta mejl om b\u00f6cker p\u00e5 tema &#8221;Den hemliga manliga konspirationen att omvandla alla kvinnor till bokst\u00f6d&#8221;&#8230;<\/p>\n","protected":false},"excerpt":{"rendered":"<p>Ett till mejl damp ner: &#8221;Hello, My name is Monica.\u00a0Like you, I was born on August 2nd, and I think we must have something in common. I would like to discuss a certain topic with you. Recently, I came across &hellip; <a href=\"http:\/\/www.susannavaris.com\/blogg\/2014\/03\/fler-mejl-fran-de-kryptiska-feministerna\/\">Forts\u00e4tt l\u00e4sa <span class=\"meta-nav\">&rarr;<\/span><\/a><\/p>\n","protected":false},"author":1,"featured_media":0,"comment_status":"open","ping_status":"open","sticky":false,"template":"","format":"standard","meta":{"footnotes":""},"categories":[181,589,590,303],"tags":[4900,4899,3890,3889,3415],"class_list":["post-12122","post","type-post","status-publish","format-standard","hentry","category-feminism","category-medier","category-politik","category-religion","tag-feminism","tag-genus","tag-mejl","tag-monica-brench","tag-sekt"],"_links":{"self":[{"href":"http:\/\/www.susannavaris.com\/blogg\/wp-json\/wp\/v2\/posts\/12122","targetHints":{"allow":["GET"]}}],"collection":[{"href":"http:\/\/www.susannavaris.com\/blogg\/wp-json\/wp\/v2\/posts"}],"about":[{"href":"http:\/\/www.susannavaris.com\/blogg\/wp-json\/wp\/v2\/types\/post"}],"author":[{"embeddable":true,"href":"http:\/\/www.susannavaris.com\/blogg\/wp-json\/wp\/v2\/users\/1"}],"replies":[{"embeddable":true,"href":"http:\/\/www.susannavaris.com\/blogg\/wp-json\/wp\/v2\/comments?post=12122"}],"version-history":[{"count":1,"href":"http:\/\/www.susannavaris.com\/blogg\/wp-json\/wp\/v2\/posts\/12122\/revisions"}],"predecessor-version":[{"id":12123,"href":"http:\/\/www.susannavaris.com\/blogg\/wp-json\/wp\/v2\/posts\/12122\/revisions\/12123"}],"wp:attachment":[{"href":"http:\/\/www.susannavaris.com\/blogg\/wp-json\/wp\/v2\/media?parent=12122"}],"wp:term":[{"taxonomy":"category","embeddable":true,"href":"http:\/\/www.susannavaris.com\/blogg\/wp-json\/wp\/v2\/categories?post=12122"},{"taxonomy":"post_tag","embeddable":true,"href":"http:\/\/www.susannavaris.com\/blogg\/wp-json\/wp\/v2\/tags?post=12122"}],"curies":[{"name":"wp","href":"https:\/\/api.w.org\/{rel}","templated":true}]}}