{"id":12136,"date":"2014-03-16T10:07:25","date_gmt":"2014-03-16T09:07:25","guid":{"rendered":"http:\/\/www.susannavaris.com\/blogg\/?p=12136"},"modified":"2014-03-16T10:19:46","modified_gmt":"2014-03-16T09:19:46","slug":"radikalfeminismen-nar-ny-teknik","status":"publish","type":"post","link":"http:\/\/www.susannavaris.com\/blogg\/2014\/03\/radikalfeminismen-nar-ny-teknik\/","title":{"rendered":"Radikalfeminismen n\u00e5r Ny Teknik"},"content":{"rendered":"<p style=\"text-align: center;\"><a href=\"http:\/\/www.susannavaris.com\/blogg\/wp-content\/uploads\/2014\/03\/sonny01.jpg\"><img loading=\"lazy\" decoding=\"async\" class=\"aligncenter size-full wp-image-12137\" alt=\"sonny01\" src=\"http:\/\/www.susannavaris.com\/blogg\/wp-content\/uploads\/2014\/03\/sonny01.jpg\" width=\"576\" height=\"768\" srcset=\"http:\/\/www.susannavaris.com\/blogg\/wp-content\/uploads\/2014\/03\/sonny01.jpg 576w, http:\/\/www.susannavaris.com\/blogg\/wp-content\/uploads\/2014\/03\/sonny01-225x300.jpg 225w\" sizes=\"auto, (max-width: 576px) 100vw, 576px\" \/><\/a><em>\u00a0Jag; s\u00e4kert tre g\u00e5nger s\u00e5 kompetent och tio procent billigare&#8230;rena fyndet?! Foto: Sonny Johansson<\/em><\/p>\n<p>Vi f\u00e5r inte tidningen p\u00e5 s\u00f6ndagar mer \u00e4n sporadiskt, s\u00e5 jag bl\u00e4ddrade i en Ny Teknik som l\u00e5g p\u00e5 k\u00f6ksbordet. Den var fr\u00e5n kvinnodagsveckan och i <a href=\"http:\/\/www.nyteknik.se\/asikter\/ledare\/article3811082.ece#comments\">ledaren<\/a>\u00a0upprepar chefredakt\u00f6r Susanna Baltcheffsky det radikalfeministiska budskapet som \u00e5terfinns i all \u00f6vrig media: det \u00e4r ett problem om kvinnor \u00e4r i minoritet p\u00e5 ett prestigefyllt omr\u00e5de i samh\u00e4llet, kvinnor tj\u00e4nar p\u00e5 grund av n\u00e5gon or\u00e4ttvisa mindre och att p\u00e5 grund av dessa faktorer b\u00f6r kvinnodag r\u00e5da \u00e5ret om tills de f\u00f6r\u00e4ndras. En annan tidning fr\u00e5n Sveriges Ingenj\u00f6rer, Ingenj\u00f6ren, \u00e4gnar sig\u00a0redan\u00a0i nummer efter nummer \u00e5t att &#8221;lyfta fram kvinnor&#8221; (eller \u00e4r det verkligen s\u00e5 att kvinnor st\u00e5r f\u00f6r den mest sp\u00e4nnande forskningen och har de mest sp\u00e4nnande jobben inom ingenj\u00f6rsk\u00e5ren?). Jag har skrivit om Ingenj\u00f6ren tidigare\u00a0<a href=\"http:\/\/www.susannavaris.com\/blogg\/2012\/07\/ingenjoren-med-genusglasogon\/\">h\u00e4r<\/a>\u00a0och d\u00e4r finns en kommentar till l\u00f6nestatistiken.<\/p>\n<blockquote><p>&#8221;Olaus Petriskolan bidrar i allra h\u00f6gsta grad till l\u00f6sningen p\u00e5 inte bara ett utan tv\u00e5 samh\u00e4llsproblem \u2013 risken f\u00f6r en framtida brist p\u00e5 ingenj\u00f6rer och att \u00adalldeles f\u00f6r f\u00e5 \u2013 cirka var fj\u00e4rde \u2013 ingenj\u00f6r \u00e4r kvinna.&#8221;<\/p><\/blockquote>\n<p>Det \u00e4r allts\u00e5 ett samh\u00e4llsproblem att 25 % av ingenj\u00f6rerna \u00e4r kvinnor. \u00c4r det d\u00e5 inte ett samh\u00e4llsproblem att bara 30 % av de studerande p\u00e5 h\u00f6gskola och universitet \u00e4r m\u00e4n och att pojkar \u00e5r efter \u00e5r halkar efter redan i grundskolan? Inget problem att 70 % av alla andra prestigefyllda arbeten snart innehas av kvinnor, men ett stort problem att ingenj\u00f6rsyrket enbart har 25 % kvinnor. Den radikalfeministiska dubbelmoralen och blindheten sl\u00e5r till igen. Baltscheffsky lyfter fram f\u00f6retaget Sweco som ett f\u00f6red\u00f6me:<\/p>\n<blockquote><p>&#8221;N\u00e4r tidningen Byggindustrin rankar de f\u00f6retag som \u00e4r b\u00e4st p\u00e5 j\u00e4mst\u00e4lldhet bland samh\u00e4llsbyggarbolag s\u00e5 toppar konsultbolaget Sweco listan. Elva av de tjugo personerna i ledningsgruppen f\u00f6r Sweco Sverige \u00e4r kvinnor.<\/p>\n<p>Hur blev det s\u00e5? \u00c5sa Bergman, vd f\u00f6r Sweco Sverige, konstaterar att drivkraften \u00e4r att \u201dskapa l\u00e5ngsiktig l\u00f6nsamhet genom k\u00f6nsm\u00e4ssigt mixad och dynamisk milj\u00f6\u201d.<\/p>\n<p>\u201dDen r\u00f6da tr\u00e5den \u00e4r alltid h\u00f6gsta kompetens, oavsett k\u00f6n\u201d, s\u00e4ger hon.<\/p>\n<p>I dag \u00e4r en perfekt dag att b\u00f6rja rekrytera efter kompetens och ingenting annat.&#8221;<\/p><\/blockquote>\n<p>Av ett underlag p\u00e5 25 % kvinnor \u00e4r allts\u00e5 en rekryteringsambition p\u00e5 50 % ett f\u00f6red\u00f6me? Diskriminering kallas det i vanliga fall. Rekryteringen menas allts\u00e5 ske med kompetens som ledstj\u00e4rna? De kvinnliga ingenj\u00f6rerna \u00e4r allts\u00e5 mer \u00e4n dubbelt s\u00e5 kompetenta \u00e4n sina manliga kollegor? Dessutom f\u00e5r man dem 10 % billigare?? Kalla mig bak\u00e5tstr\u00e4vare men jag anar en gravad hund h\u00e4r. Om Swecos diskrimineringspolicy har jag tidigare bloggat\u00a0<a href=\"http:\/\/www.susannavaris.com\/blogg\/2013\/01\/dagens-diskriminering-2\/\">h\u00e4r<\/a>.<\/p>\n<p>Ny Tekniks <a href=\"http:\/\/www.nyteknik.se\/ovrigt\/redaktionen\/\">redaktion<\/a>\u00a0\u00e4r enligt den radikalfeministiska normen hyfsat j\u00e4mst\u00e4lld (speglar dock d\u00e5ligt den publik av &#8221;Beslutsfattare inom teknik- och IT-omr\u00e5det. Ingenj\u00f6rer, tekniker och IT-specialister&#8221; man v\u00e4nder sig till), men r\u00e4knar man in twittrarna s\u00e5 tillkommer en skara av sex kvinnor och tv\u00e5 m\u00e4n.<\/p>\n<p>L\u00e4s ocks\u00e5 Ulf T:s\u00a0<a href=\"http:\/\/genusdebatten.se\/ingangsloner-och-hur-man-tjanar-mer\/\">inl\u00e4gg<\/a>\u00a0p\u00e5 Genusdebatten om hur man tj\u00e4nar mer.<\/p>\n","protected":false},"excerpt":{"rendered":"<p>\u00a0Jag; s\u00e4kert tre g\u00e5nger s\u00e5 kompetent och tio procent billigare&#8230;rena fyndet?! Foto: Sonny Johansson Vi f\u00e5r inte tidningen p\u00e5 s\u00f6ndagar mer \u00e4n sporadiskt, s\u00e5 jag bl\u00e4ddrade i en Ny Teknik som l\u00e5g p\u00e5 k\u00f6ksbordet. Den var fr\u00e5n kvinnodagsveckan och i &hellip; <a href=\"http:\/\/www.susannavaris.com\/blogg\/2014\/03\/radikalfeminismen-nar-ny-teknik\/\">Forts\u00e4tt l\u00e4sa <span class=\"meta-nav\">&rarr;<\/span><\/a><\/p>\n","protected":false},"author":1,"featured_media":0,"comment_status":"open","ping_status":"open","sticky":false,"template":"","format":"standard","meta":{"footnotes":""},"categories":[181,154,1321,1928,589,1,590,889,117],"tags":[2460,4900,4899,2761,3899,1436,2680,3898,2663],"class_list":["post-12136","post","type-post","status-publish","format-standard","hentry","category-feminism","category-genus","category-jamstalldhet","category-journalistik","category-medier","category-okategoriserade","category-politik","category-teknik","category-vetenskap","tag-2460","tag-feminism","tag-genus","tag-kvinnodagen","tag-lonediskriminering","tag-ny-teknik","tag-radikalfeminism","tag-susanna-baltscheffsky","tag-sweco"],"_links":{"self":[{"href":"http:\/\/www.susannavaris.com\/blogg\/wp-json\/wp\/v2\/posts\/12136","targetHints":{"allow":["GET"]}}],"collection":[{"href":"http:\/\/www.susannavaris.com\/blogg\/wp-json\/wp\/v2\/posts"}],"about":[{"href":"http:\/\/www.susannavaris.com\/blogg\/wp-json\/wp\/v2\/types\/post"}],"author":[{"embeddable":true,"href":"http:\/\/www.susannavaris.com\/blogg\/wp-json\/wp\/v2\/users\/1"}],"replies":[{"embeddable":true,"href":"http:\/\/www.susannavaris.com\/blogg\/wp-json\/wp\/v2\/comments?post=12136"}],"version-history":[{"count":5,"href":"http:\/\/www.susannavaris.com\/blogg\/wp-json\/wp\/v2\/posts\/12136\/revisions"}],"predecessor-version":[{"id":12142,"href":"http:\/\/www.susannavaris.com\/blogg\/wp-json\/wp\/v2\/posts\/12136\/revisions\/12142"}],"wp:attachment":[{"href":"http:\/\/www.susannavaris.com\/blogg\/wp-json\/wp\/v2\/media?parent=12136"}],"wp:term":[{"taxonomy":"category","embeddable":true,"href":"http:\/\/www.susannavaris.com\/blogg\/wp-json\/wp\/v2\/categories?post=12136"},{"taxonomy":"post_tag","embeddable":true,"href":"http:\/\/www.susannavaris.com\/blogg\/wp-json\/wp\/v2\/tags?post=12136"}],"curies":[{"name":"wp","href":"https:\/\/api.w.org\/{rel}","templated":true}]}}