{"id":12143,"date":"2014-03-17T10:12:22","date_gmt":"2014-03-17T09:12:22","guid":{"rendered":"http:\/\/www.susannavaris.com\/blogg\/?p=12143"},"modified":"2014-03-17T10:36:56","modified_gmt":"2014-03-17T09:36:56","slug":"svensk-jamstalldhet-riskerar-att-ga-at-fel-hall","status":"publish","type":"post","link":"http:\/\/www.susannavaris.com\/blogg\/2014\/03\/svensk-jamstalldhet-riskerar-att-ga-at-fel-hall\/","title":{"rendered":"Svensk j\u00e4mst\u00e4lldhet riskerar att g\u00e5 \u00e5t fel h\u00e5ll"},"content":{"rendered":"<p>&#8230;l\u00e5ter en bl\u00e4nkare p\u00e5 omslaget och en rubrik i kattstora bokst\u00e4ver inne i tidningen i dagens SvD. Jag hittar inte artikeln, som omfattar tre helsidor inne i papperstidningen p\u00e5 n\u00e4tet, s\u00e5 h\u00e4r kommer faksimiler av valda delar. Artikeln \u00e4r skriven av Karolina Andersson.<\/p>\n<p style=\"text-align: center;\"><a href=\"http:\/\/www.susannavaris.com\/blogg\/wp-content\/uploads\/2014\/03\/003.jpg\"><img loading=\"lazy\" decoding=\"async\" class=\"aligncenter size-full wp-image-12145\" alt=\"003\" src=\"http:\/\/www.susannavaris.com\/blogg\/wp-content\/uploads\/2014\/03\/003.jpg\" width=\"2734\" height=\"1454\" srcset=\"http:\/\/www.susannavaris.com\/blogg\/wp-content\/uploads\/2014\/03\/003.jpg 2734w, http:\/\/www.susannavaris.com\/blogg\/wp-content\/uploads\/2014\/03\/003-300x159.jpg 300w, http:\/\/www.susannavaris.com\/blogg\/wp-content\/uploads\/2014\/03\/003-1024x544.jpg 1024w\" sizes=\"auto, (max-width: 2734px) 100vw, 2734px\" \/><\/a><em>\u00a0Skriande oj\u00e4mst\u00e4lldhet, var man \u00e4n ser, med andra ord. De nordiska l\u00e4nderna hamnar i topp i vanlig ordning, men Sverige placerar sig nu som trea i rankningen, n\u00e5got som antagligen f\u00f6ranleder den braskande rubriken.<\/em><\/p>\n<p style=\"text-align: left;\"><a href=\"http:\/\/www.susannavaris.com\/blogg\/wp-content\/uploads\/2014\/03\/001.jpg\"><img loading=\"lazy\" decoding=\"async\" class=\"aligncenter size-full wp-image-12144\" alt=\"001\" src=\"http:\/\/www.susannavaris.com\/blogg\/wp-content\/uploads\/2014\/03\/001.jpg\" width=\"2816\" height=\"2112\" srcset=\"http:\/\/www.susannavaris.com\/blogg\/wp-content\/uploads\/2014\/03\/001.jpg 2816w, http:\/\/www.susannavaris.com\/blogg\/wp-content\/uploads\/2014\/03\/001-300x225.jpg 300w, http:\/\/www.susannavaris.com\/blogg\/wp-content\/uploads\/2014\/03\/001-1024x768.jpg 1024w\" sizes=\"auto, (max-width: 2816px) 100vw, 2816px\" \/><\/a><\/p>\n<p style=\"text-align: left;\">\u00a0Nu \u00e4r det inte riktigt s\u00e5 enkelt att indexeringen i <a href=\"http:\/\/www3.weforum.org\/docs\/WEF_GenderGap_Report_2013.pdf\">Gender Gap Report<\/a>\u00a0direkt g\u00e5r att \u00f6vers\u00e4tta till &#8221;kvinnors l\u00f6neniv\u00e5 j\u00e4mf\u00f6rt med m\u00e4n p\u00e5 samma jobb&#8221;. Indexet \u00e4r framtaget enligt en n\u00e5got komplicerad modell d\u00e4r olika kvoter och viktningar avspeglas. I rapporten \u00e4r female-to-male-ratio f\u00f6r kategorin &#8221;Wage equality survey&#8221; (s.48) angett f\u00f6r de aktuella l\u00e4nderna enligt siffrorna ovan. G\u00e5r man en tabell ner \u00e5terfinns &#8221;Estimated Earned Income&#8221;, d\u00e4r Sverige har en female-to-male-ratio av 0,93. N\u00e5got f\u00f6rbryllande vid f\u00f6rsta anblicken och jag hinner tyv\u00e4rr inte riktigt s\u00e4tta mig in i ber\u00e4kningsgrunderna och metoden. Dessutom talas det i rapporten om &#8221;likv\u00e4rdigt jobb&#8221;, inte &#8221;samma jobb&#8221;. F\u00f6r \u00f6vrigt f\u00f6rst\u00e5r jag inte varf\u00f6r man just m\u00e5ste v\u00e4lja 50 \u00e5r som referens i rubriken h\u00f6gst upp &#8221;antal \u00e5r med kvinnlig president eller statsminister&#8221;. Kvinnors intr\u00e4de p\u00e5 den politiska arenan har skett mycket snabbt sedan 70-talet. 30-40 \u00e5r hade gett en mera korrekt bild.<\/p>\n<p style=\"text-align: left;\">Rwanda, tillsammans med Andorra och Kuba, lyfts i SvD:s artikel \u00e5ter fram som ett f\u00f6red\u00f6me ang\u00e5ende j\u00e4mst\u00e4lldhet:<\/p>\n<p style=\"text-align: left;\"><a href=\"http:\/\/www.susannavaris.com\/blogg\/wp-content\/uploads\/2014\/03\/002.jpg\"><img loading=\"lazy\" decoding=\"async\" class=\"aligncenter size-full wp-image-12146\" alt=\"002\" src=\"http:\/\/www.susannavaris.com\/blogg\/wp-content\/uploads\/2014\/03\/002.jpg\" width=\"1990\" height=\"1384\" srcset=\"http:\/\/www.susannavaris.com\/blogg\/wp-content\/uploads\/2014\/03\/002.jpg 1990w, http:\/\/www.susannavaris.com\/blogg\/wp-content\/uploads\/2014\/03\/002-300x208.jpg 300w, http:\/\/www.susannavaris.com\/blogg\/wp-content\/uploads\/2014\/03\/002-1024x712.jpg 1024w\" sizes=\"auto, (max-width: 1990px) 100vw, 1990px\" \/><\/a>I rapporten rankas Sverige dock som tv\u00e5a efter Kuba (Tabell D12: Women in Parliament, s.60) och jag hittar inte den uppgift som \u00e5terfinns i artikeln. Det kan n\u00e4mnas att Rwanda, efter senaste omr\u00f6stningen, har 64 % kvinnor i parlamentet. och att Sverige har 45 %.<\/p>\n<p style=\"text-align: left;\">Ekvalist har tidigare kommenterat rapporten\u00a0<a href=\"http:\/\/ekvalist.blogspot.se\/2013\/11\/ryssland-qatar-och-lesotho-toppar.html\">h\u00e4r<\/a>.<\/p>\n<p style=\"text-align: left;\">Fler exempel p\u00e5 &#8221;ju fler kvinnor- desto b\u00e4ttre j\u00e4mst\u00e4lldhet&#8221;\u00a0<a href=\"http:\/\/www.susannavaris.com\/blogg\/2013\/11\/referensinlagg-ju-fler-kvinnor-desto-battre-jamstalldhet\/\">h\u00e4r<\/a><\/p>\n<p style=\"text-align: left;\">\n","protected":false},"excerpt":{"rendered":"<p>&#8230;l\u00e5ter en bl\u00e4nkare p\u00e5 omslaget och en rubrik i kattstora bokst\u00e4ver inne i tidningen i dagens SvD. Jag hittar inte artikeln, som omfattar tre helsidor inne i papperstidningen p\u00e5 n\u00e4tet, s\u00e5 h\u00e4r kommer faksimiler av valda delar. Artikeln \u00e4r skriven &hellip; <a href=\"http:\/\/www.susannavaris.com\/blogg\/2014\/03\/svensk-jamstalldhet-riskerar-att-ga-at-fel-hall\/\">Forts\u00e4tt l\u00e4sa <span class=\"meta-nav\">&rarr;<\/span><\/a><\/p>\n","protected":false},"author":1,"featured_media":0,"comment_status":"open","ping_status":"open","sticky":false,"template":"","format":"standard","meta":{"footnotes":""},"categories":[178,181,154,259,1321,1928,589,1,590],"tags":[4900,3901,4899,4918,3902,504,3900],"class_list":["post-12143","post","type-post","status-publish","format-standard","hentry","category-blodtryckshojare","category-feminism","category-genus","category-genusvetenskap","category-jamstalldhet","category-journalistik","category-medier","category-okategoriserade","category-politik","tag-feminism","tag-gender-gap-report","tag-genus","tag-jamstalldhet","tag-karolina-andersson","tag-svd","tag-world-economic-forum"],"_links":{"self":[{"href":"http:\/\/www.susannavaris.com\/blogg\/wp-json\/wp\/v2\/posts\/12143","targetHints":{"allow":["GET"]}}],"collection":[{"href":"http:\/\/www.susannavaris.com\/blogg\/wp-json\/wp\/v2\/posts"}],"about":[{"href":"http:\/\/www.susannavaris.com\/blogg\/wp-json\/wp\/v2\/types\/post"}],"author":[{"embeddable":true,"href":"http:\/\/www.susannavaris.com\/blogg\/wp-json\/wp\/v2\/users\/1"}],"replies":[{"embeddable":true,"href":"http:\/\/www.susannavaris.com\/blogg\/wp-json\/wp\/v2\/comments?post=12143"}],"version-history":[{"count":3,"href":"http:\/\/www.susannavaris.com\/blogg\/wp-json\/wp\/v2\/posts\/12143\/revisions"}],"predecessor-version":[{"id":12150,"href":"http:\/\/www.susannavaris.com\/blogg\/wp-json\/wp\/v2\/posts\/12143\/revisions\/12150"}],"wp:attachment":[{"href":"http:\/\/www.susannavaris.com\/blogg\/wp-json\/wp\/v2\/media?parent=12143"}],"wp:term":[{"taxonomy":"category","embeddable":true,"href":"http:\/\/www.susannavaris.com\/blogg\/wp-json\/wp\/v2\/categories?post=12143"},{"taxonomy":"post_tag","embeddable":true,"href":"http:\/\/www.susannavaris.com\/blogg\/wp-json\/wp\/v2\/tags?post=12143"}],"curies":[{"name":"wp","href":"https:\/\/api.w.org\/{rel}","templated":true}]}}