{"id":12154,"date":"2014-03-20T12:04:41","date_gmt":"2014-03-20T11:04:41","guid":{"rendered":"http:\/\/www.susannavaris.com\/blogg\/?p=12154"},"modified":"2014-03-20T12:04:41","modified_gmt":"2014-03-20T11:04:41","slug":"hur-lang-ar-preskriptionstiden-for-kvinnors-vald-mot-man","status":"publish","type":"post","link":"http:\/\/www.susannavaris.com\/blogg\/2014\/03\/hur-lang-ar-preskriptionstiden-for-kvinnors-vald-mot-man\/","title":{"rendered":"Hur l\u00e5ng \u00e4r preskriptionstiden f\u00f6r kvinnors v\u00e5ld mot m\u00e4n?"},"content":{"rendered":"<p><a href=\"http:\/\/www.susannavaris.com\/blogg\/wp-content\/uploads\/2014\/03\/alakoskisaramackey.jpg\"><img loading=\"lazy\" decoding=\"async\" class=\"aligncenter size-full wp-image-12155\" alt=\"alakoskisaramackey\" src=\"http:\/\/www.susannavaris.com\/blogg\/wp-content\/uploads\/2014\/03\/alakoskisaramackey.jpg\" width=\"540\" height=\"308\" srcset=\"http:\/\/www.susannavaris.com\/blogg\/wp-content\/uploads\/2014\/03\/alakoskisaramackey.jpg 540w, http:\/\/www.susannavaris.com\/blogg\/wp-content\/uploads\/2014\/03\/alakoskisaramackey-300x171.jpg 300w\" sizes=\"auto, (max-width: 540px) 100vw, 540px\" \/><\/a><\/p>\n<p style=\"text-align: center;\"><em>Susanna Alakoski; avsl\u00f6jar sig veta mindre \u00e4n en apa om vetenskap och forskning? Foto: Sara Mac Key<\/em><\/p>\n<p>Den hyllade och uppburna, feministiska f\u00f6rfattaren Susanna Alakoski, <a href=\"http:\/\/bang.se\/artiklar\/2011\/vandpunkten-2011-03-07\">beskriver<\/a>\u00a0i Bang (f\u00f6r n\u00e5gra \u00e5r sedan, 2011) hur hon efter ett br\u00e5k misshandlar sin make grovt. Bang kallar alltihopa f\u00f6r att &#8221;krossa porslin&#8221;.<\/p>\n<blockquote><p>&#8221;S\u00e5klart slutade illam\u00e5endet med att jag kastade en tallrik i golvet hemma i ett gr\u00e4l som Carin Holmbergs bok\u00a0<em>Det kallas k\u00e4rlek\u00a0<\/em>utl\u00f6ste \u2013 det privata vs det politiska, individen vs kollektivet. Tallriken gick i tre stora bitar. Den st\u00f6rsta tr\u00e4ffade min man i benet. En sena gick av, operationen oundviklig. Tre veckors h\u00e4stkur penicillin, hela sommaren med gips fr\u00e5n l\u00e5r till fot, kryckor och m\u00e5nga grannar som undrade: Men vad har du r\u00e5kat ut f\u00f6r?<\/p>\n<p>Det fanns inget att g\u00f6ra. Jag erk\u00e4nde genast f\u00f6r allt och alla.<br \/>\n\u2013 Det \u00e4r jag som har kastat en tallrik i vredesmod.<br \/>\nD\u00e5 kom kvinnober\u00e4ttelserna p\u00e5 l\u00f6pande band:<br \/>\n\u2013 Kastade du bara en tallrik? Jag rev ner hela k\u00f6ket.<br \/>\n\u2013 &#8230; ett helt k\u00f6k, men &#8230; blev ingen skadad?<br \/>\n\u2013 &#8230; nej, jag gjorde det mitt i natten, alla sov.<br \/>\nEn annan kvinna:<br \/>\n\u2013 N\u00e4r min man v\u00e4grade prata kastade jag en gjutj\u00e4rnsstekpanna efter honom. Den missade huvudet. D\u00e5 rusade jag efter honom, bet honom i axeln. Vi fick \u00e5ka till sjukhuset, stelkrampsspruta.<br \/>\nEn tredje:<br \/>\n\u2013 Jag kastade in en sten genom f\u00f6nsterrutan hos min f\u00f6re detta.&#8221;<\/p><\/blockquote>\n<p>Faller inte relationsv\u00e5ld under allm\u00e4nt \u00e5tal? Hur l\u00e5ng \u00e4r preskriptionstiden? Jag antar att de h\u00e4r uppgifterna g\u00e5r att hitta p\u00e5 Polisens hemsida&#8230;<\/p>\n<p>&#8221;M\u00e4ns v\u00e5ld mot kvinnor&#8221;, var det ja. Jag undrar om frikort f\u00f6r relationsv\u00e5ld tilldelas \u00e4ven den som r\u00e5kar bes\u00f6ka n\u00e5got tokreligi\u00f6st v\u00e4ckelsem\u00f6te och blir \u00f6vertygad om att det enda s\u00e4ttet att l\u00f6sa de personliga problemen \u00e4r att s\u00e4tta ig\u00e5ng och aga sin familj om de inte tycker som en sj\u00e4lv? Det m\u00e4rkligaste av allt \u00e4r hur Alakoski inte ens sj\u00e4lv verkar reflektera \u00f6ver m\u00f6jligheten att hon helt enkelt var hyfsat lycklig innan den feministiska indoktrineringen:<\/p>\n<blockquote><p>&#8221;Jag hade brutit arm med pappa, slagits med killar i skolan, f\u00f6rs\u00f6rjt mig sj\u00e4lv sedan sexton \u00e5rs \u00e5lder, rest runt i v\u00e4rlden ensam, hade tv\u00e5 barn, en j\u00e4mst\u00e4lld man, bra jobb och hyfsad l\u00f6n. Dessutom, det fanns f\u00e5 saker som fick mig att darra p\u00e5 l\u00e4ppen.&#8221;<\/p><\/blockquote>\n<p>F\u00f6rfattaren beskriver sig som en sj\u00e4lvst\u00e4ndig och stark individ, men att ta del av en radda ideologiproducenters f\u00f6rel\u00e4sningar f\u00e5r hennes sj\u00e4lvbild att totalt f\u00f6r\u00e4ndras; pl\u00f6tsligt finns or\u00e4ttvisorna \u00f6verallt och hon tvingas in i kollektivet &#8221;kvinna&#8221;, per feministisk definition underordnad och maktl\u00f6s. Jag k\u00e4nner igen den initiala reaktionen. Skillnaden mellan mig och Alakoski \u00e4r att jag forts\u00e4tter att se mig sj\u00e4lv som en stark individ, ansvarig f\u00f6r mina egna val och skapare av min egen lycka, medan Alakoski sv\u00e4ljer genusprofeternas indoktrinering med hull och h\u00e5r. S\u00e5 till den milda grad att det nu k\u00e4nns rimligt att misshandla sin n\u00e4rmaste. Alakoski skriver visserligen att hon \u00e5ngrar sig, men tar inte avst\u00e5nd fr\u00e5n sitt egna v\u00e5ldsanv\u00e4ndande mer \u00e4n s\u00e5. \u00a0Kvinnornas beskrivningar av sina v\u00e5ldshandlingar \u00e5terges snarare som en slags exempel p\u00e5 befrielse och &#8221;empowerment&#8221;, som det brukar heta i engelskspr\u00e5kiga, feministiska sammanhang, inte som de f\u00f6rkastliga v\u00e5ldshandlingar de \u00e4r. Vilka kvinnojourer arbetar f\u00f6rresten med kvinnors v\u00e5ld? Var f\u00e5r kvinnliga ut\u00f6vare hj\u00e4lp att hantera sina aggressioner?<\/p>\n<p>Offerkoftans v\u00e4rme och lockelsen av offerpositionens makt blev v\u00e4l f\u00f6r stor f\u00f6r Alakoski. Det \u00e4r trots allt tuffare att beh\u00f6va st\u00e5 ansvarig f\u00f6r sina livsval sj\u00e4lv.<\/p>\n<p>Annat: N\u00e4r Alakoski kallade P\u00e4r Str\u00f6m f\u00f6r apa\u00a0<a href=\"http:\/\/genusnytt.wordpress.com\/2011\/12\/05\/susanna-alakoski-jag-fattar-mindre-an-en-apa\/\">h\u00e4r<\/a>.<\/p>\n","protected":false},"excerpt":{"rendered":"<p>Susanna Alakoski; avsl\u00f6jar sig veta mindre \u00e4n en apa om vetenskap och forskning? Foto: Sara Mac Key Den hyllade och uppburna, feministiska f\u00f6rfattaren Susanna Alakoski, beskriver\u00a0i Bang (f\u00f6r n\u00e5gra \u00e5r sedan, 2011) hur hon efter ett br\u00e5k misshandlar sin make &hellip; <a href=\"http:\/\/www.susannavaris.com\/blogg\/2014\/03\/hur-lang-ar-preskriptionstiden-for-kvinnors-vald-mot-man\/\">Forts\u00e4tt l\u00e4sa <span class=\"meta-nav\">&rarr;<\/span><\/a><\/p>\n","protected":false},"author":1,"featured_media":0,"comment_status":"open","ping_status":"open","sticky":false,"template":"","format":"standard","meta":{"footnotes":""},"categories":[178,1364,181,154,259,1321,1928,1162,589,1,590,403,303],"tags":[4900,4899,4903,3906,2495,1244,2987,1243,2517],"class_list":["post-12154","post","type-post","status-publish","format-standard","hentry","category-blodtryckshojare","category-bocker","category-feminism","category-genus","category-genusvetenskap","category-jamstalldhet","category-journalistik","category-kultur","category-medier","category-okategoriserade","category-politik","category-pseudovetenskap","category-religion","tag-feminism","tag-genus","tag-genusvetenskap","tag-makt-och-kon","tag-misshandel","tag-par-strom","tag-partnervald","tag-susanna-alakoski","tag-vald"],"_links":{"self":[{"href":"http:\/\/www.susannavaris.com\/blogg\/wp-json\/wp\/v2\/posts\/12154","targetHints":{"allow":["GET"]}}],"collection":[{"href":"http:\/\/www.susannavaris.com\/blogg\/wp-json\/wp\/v2\/posts"}],"about":[{"href":"http:\/\/www.susannavaris.com\/blogg\/wp-json\/wp\/v2\/types\/post"}],"author":[{"embeddable":true,"href":"http:\/\/www.susannavaris.com\/blogg\/wp-json\/wp\/v2\/users\/1"}],"replies":[{"embeddable":true,"href":"http:\/\/www.susannavaris.com\/blogg\/wp-json\/wp\/v2\/comments?post=12154"}],"version-history":[{"count":1,"href":"http:\/\/www.susannavaris.com\/blogg\/wp-json\/wp\/v2\/posts\/12154\/revisions"}],"predecessor-version":[{"id":12156,"href":"http:\/\/www.susannavaris.com\/blogg\/wp-json\/wp\/v2\/posts\/12154\/revisions\/12156"}],"wp:attachment":[{"href":"http:\/\/www.susannavaris.com\/blogg\/wp-json\/wp\/v2\/media?parent=12154"}],"wp:term":[{"taxonomy":"category","embeddable":true,"href":"http:\/\/www.susannavaris.com\/blogg\/wp-json\/wp\/v2\/categories?post=12154"},{"taxonomy":"post_tag","embeddable":true,"href":"http:\/\/www.susannavaris.com\/blogg\/wp-json\/wp\/v2\/tags?post=12154"}],"curies":[{"name":"wp","href":"https:\/\/api.w.org\/{rel}","templated":true}]}}