{"id":12157,"date":"2014-03-21T09:40:02","date_gmt":"2014-03-21T08:40:02","guid":{"rendered":"http:\/\/www.susannavaris.com\/blogg\/?p=12157"},"modified":"2014-03-21T09:40:02","modified_gmt":"2014-03-21T08:40:02","slug":"oravsky-om-filmen-philadelphia","status":"publish","type":"post","link":"http:\/\/www.susannavaris.com\/blogg\/2014\/03\/oravsky-om-filmen-philadelphia\/","title":{"rendered":"Oravsky om filmen Philadelphia"},"content":{"rendered":"<p><a href=\"http:\/\/www.susannavaris.com\/blogg\/wp-content\/uploads\/2014\/03\/Philadelphia_113.jpg\"><img loading=\"lazy\" decoding=\"async\" class=\"aligncenter size-full wp-image-12158\" alt=\"Philadelphia_113\" src=\"http:\/\/www.susannavaris.com\/blogg\/wp-content\/uploads\/2014\/03\/Philadelphia_113.jpg\" width=\"298\" height=\"420\" srcset=\"http:\/\/www.susannavaris.com\/blogg\/wp-content\/uploads\/2014\/03\/Philadelphia_113.jpg 298w, http:\/\/www.susannavaris.com\/blogg\/wp-content\/uploads\/2014\/03\/Philadelphia_113-212x300.jpg 212w\" sizes=\"auto, (max-width: 298px) 100vw, 298px\" \/><\/a><\/p>\n<p>Ig\u00e5r den 20 mars, visades p\u00e5 TV8 den utm\u00e4rkta filmen \u201dPhiladelphia\u201d.<br \/>\nFilmen \u201dPhiladelphia\u201d, om en AIDS-angripen, homosexuell advokat som k\u00e4mpar f\u00f6r sina r\u00e4ttigheter och som p\u00e5 sin d\u00f6dsdag vinner sin kamp mot sin forne arbetsgivare, \u00e4r inspirerad av en verklig h\u00e4ndelse.<br \/>\n\u201dPhiladelphia\u201d \u00e4r f\u00f6rlagd till Philadelphia eftersom det var i denna stads stadshus som amerikanerna undertecknade oavh\u00e4ngighetsf\u00f6rklaringen den 4 juli 1776.<\/p>\n<p>Andrew Beckett, den d\u00f6dssjuke advokaten spelad av Tom Hanks, har s\u00f6kt upp ett antal kolleger i hopp om att hitta n\u00e5gon som skall bist\u00e5 honom vid r\u00e4tteg\u00e5ngen mot ett inflytelserikt juristhus. Alla blir dock skraja inf\u00f6r det om\u00f6jliga uppdraget och den m\u00e4ktige motst\u00e5ndaren, en k\u00e4nd och v\u00e4l renommerad advokatfirma. Beckett ger sig inte, utan v\u00e4ljer att \u00e4gna den korta resterande tiden av sin jordiska tillvaro till att utan n\u00e5gon advokatfirmas representation, strida f\u00f6r sina r\u00e4ttigheter. Enligt ett under medeltiden spritt ordspr\u00e5k \u201dHj\u00e4lp dig sj\u00e4lv, s\u00e5 hj\u00e4lper dig Gud\u201d, bist\u00e5s Beckett s\u00e5 sm\u00e5ningom av Joe Miller, en advokatgud, spelad av en man med samma efternamn som George Washington, Denzel Washington.<\/p>\n<p>Vad \u00e4r en bra film? brukar mina elever fr\u00e5ga och jag svarar att det \u00e4r en bra film, roman, teaterpj\u00e4s, skulptur eller vilken som helst annan artefakt, som p\u00e5verkar \u2013 f\u00f6r\u00e4ndrar v\u00e4rlden till det b\u00e4ttre. Inte hela v\u00e4rlden samtidigt och inte p\u00e5 en g\u00e5ng, men i dag kanske dig och din n\u00e4rmaste granne, i morgon ytterligare n\u00e5gra. Sk\u00e4let till att jag inf\u00f6rlivar filmen \u201dPhiladelphia\u201d bland mina allom k\u00e4nda, men inte allom praktiserade trollformler \u2013 hur man skall leva ett liv \u2013 \u00e4r att den verkar manifestera \u00f6nskan att f\u00e5 liknande genomslagkraft p\u00e5 sin publik som Thomas Paines teaterstycke \u201dCommon Sense\u201d som fick sj\u00e4lvst\u00e4ndighetsid\u00e9n att sl\u00e5 rot bland amerikanernas breda lager.<\/p>\n<p>Genom sj\u00e4lvst\u00e4ndighetsf\u00f6rklaringen sade amerikanerna ensidigt upp kontraktet med England. Man struntade i att v\u00e4ga argument f\u00f6r och emot varandra i denna strid om sj\u00e4lvst\u00e4ndighet: h\u00e4r g\u00e4llde det folkets och id\u00e9ns suver\u00e4nitet. P\u00e5 j\u00e4mf\u00f6rbart vis handlade \u00e4ven jag n\u00e4r jag f\u00f6rklarade mig sj\u00e4lvst\u00e4ndig fr\u00e5n mitt lands diktatur. Jag fr\u00e5gade mig inte hur jag skulle ta mig till Sverige. Jag fr\u00e5gade mig inte hur jag kommer att kunna uttrycka och undertrycka hunger, tr\u00f6tthet och sm\u00e4rta om s\u00e5 blev n\u00f6dv\u00e4ndigt. Jag fr\u00e5gade mig inte var jag skulle sova, och hur l\u00e4nge de tjugo dollar jag hade med mig skulle r\u00e4cka. Jag v\u00e4grade att fundera i negativa termer, och p\u00e5 f\u00f6rhand f\u00f6rsv\u00e5ra mitt uppdrag genom att stapla en massa hinder p\u00e5 varandra. Jag utgick ifr\u00e5n att jag var slitstark och uth\u00e5llig och s\u00e5dana brukar omfattas \u00e4ven av Guds allvisa r\u00e5d.<\/p>\n<p>Entusiasm och energi, visste jag, att man \u00e4ven kan uttrycka p\u00e5 mitt modersm\u00e5l slovakiska s\u00e5, att alla \u00f6ver hela v\u00e4rlden f\u00f6rst\u00e5r det.<br \/>\nHar du en id\u00e9 som du brinner f\u00f6r, s\u00e4tt i g\u00e5ng med den! Vad annat vill du spara din entusiasm till? K\u00f6r p\u00e5. Om jorden skulle avstanna d\u00e5 skulle ingen n\u00e5gonsin f\u00e5 se solen stiga upp och kanske skulle livet omges av en kylig natt i st\u00e4llet. Det lilla barnet funderar inte \u00f6ver att det sl\u00e5r sig, n\u00e4r det faller efter sina f\u00f6rsta stapplande steg, utan i samma \u00f6gonblick som det f\u00f6rsta g\u00e5ngen reser sig, ser det sig springa f\u00f6rbi m\u00e5let som en nybliven v\u00e4rldsm\u00e4stare p\u00e5 alla distanser med sina arketypiska f\u00f6r\u00e4ldrar som f\u00f6rebild.<\/p>\n<p>Nu har det tagit sitt f\u00f6rsta steg. Det h\u00e5ller p\u00e5 att tappa balansen, men i sista \u00f6gonblicket finner det st\u00f6d i en nystruken bordsduk. Och vasen fylld med v\u00e5rens f\u00f6rsta blommor faller framf\u00f6r barnets f\u00f6tter som om alla m\u00e4nniskor i hela v\u00e4rlden ville fira det och med varsin blomma visa sin beundran.<br \/>\nBarnet g\u00e5r, det springer, och \u00e4r p\u00e5 v\u00e4g mot sin v\u00e4rldsm\u00e4startitel.<\/p>\n<p>Gillar du \u201dPhiladelphia\u201ds musikaliska soundtrack?\u00a0Den \u00e4r utgiven p\u00e5 skiva, (Epic 474998 2). H\u00e4r finns Bruce Springsteen, Neil Young, Sade, Spin Doctors, Peter Gabriel, RAM med flera. Titell\u00e5ten \u201dStreets of Philadelpia\u201d, skriven och framf\u00f6rd av the Boss, bel\u00f6nades med en Oscar och det trots att den f\u00f6r denna film likaledes Oscarbel\u00f6nade Tom Hanks starkt pl\u00e4derade f\u00f6r Neil Young komposition \u201dPhiladelphia\u201d.<\/p>\n<p>\u00a9 Vladimir Oravsky<\/p>\n","protected":false},"excerpt":{"rendered":"<p>Ig\u00e5r den 20 mars, visades p\u00e5 TV8 den utm\u00e4rkta filmen \u201dPhiladelphia\u201d. Filmen \u201dPhiladelphia\u201d, om en AIDS-angripen, homosexuell advokat som k\u00e4mpar f\u00f6r sina r\u00e4ttigheter och som p\u00e5 sin d\u00f6dsdag vinner sin kamp mot sin forne arbetsgivare, \u00e4r inspirerad av en verklig &hellip; <a href=\"http:\/\/www.susannavaris.com\/blogg\/2014\/03\/oravsky-om-filmen-philadelphia\/\">Forts\u00e4tt l\u00e4sa <span class=\"meta-nav\">&rarr;<\/span><\/a><\/p>\n","protected":false},"author":1,"featured_media":0,"comment_status":"open","ping_status":"open","sticky":false,"template":"","format":"standard","meta":{"footnotes":""},"categories":[9,3280,674,1162,994,1,590,384],"tags":[3909,3910,2413,4926,3907,3908,3279],"class_list":["post-12157","post","type-post","status-publish","format-standard","hentry","category-film","category-gastinlagg","category-historia","category-kultur","category-musik","category-okategoriserade","category-politik","category-tv","tag-bruce-springsteen","tag-denzel-washington","tag-film-2","tag-gastinlagg","tag-philadelphia","tag-tom-hanks","tag-vladimir-oravsky"],"_links":{"self":[{"href":"http:\/\/www.susannavaris.com\/blogg\/wp-json\/wp\/v2\/posts\/12157","targetHints":{"allow":["GET"]}}],"collection":[{"href":"http:\/\/www.susannavaris.com\/blogg\/wp-json\/wp\/v2\/posts"}],"about":[{"href":"http:\/\/www.susannavaris.com\/blogg\/wp-json\/wp\/v2\/types\/post"}],"author":[{"embeddable":true,"href":"http:\/\/www.susannavaris.com\/blogg\/wp-json\/wp\/v2\/users\/1"}],"replies":[{"embeddable":true,"href":"http:\/\/www.susannavaris.com\/blogg\/wp-json\/wp\/v2\/comments?post=12157"}],"version-history":[{"count":1,"href":"http:\/\/www.susannavaris.com\/blogg\/wp-json\/wp\/v2\/posts\/12157\/revisions"}],"predecessor-version":[{"id":12159,"href":"http:\/\/www.susannavaris.com\/blogg\/wp-json\/wp\/v2\/posts\/12157\/revisions\/12159"}],"wp:attachment":[{"href":"http:\/\/www.susannavaris.com\/blogg\/wp-json\/wp\/v2\/media?parent=12157"}],"wp:term":[{"taxonomy":"category","embeddable":true,"href":"http:\/\/www.susannavaris.com\/blogg\/wp-json\/wp\/v2\/categories?post=12157"},{"taxonomy":"post_tag","embeddable":true,"href":"http:\/\/www.susannavaris.com\/blogg\/wp-json\/wp\/v2\/tags?post=12157"}],"curies":[{"name":"wp","href":"https:\/\/api.w.org\/{rel}","templated":true}]}}