{"id":12180,"date":"2014-03-31T22:57:36","date_gmt":"2014-03-31T20:57:36","guid":{"rendered":"http:\/\/www.susannavaris.com\/blogg\/?p=12180"},"modified":"2014-03-31T22:57:36","modified_gmt":"2014-03-31T20:57:36","slug":"olprovning-pa-137an-och-gothkultur-i-sodertalje","status":"publish","type":"post","link":"http:\/\/www.susannavaris.com\/blogg\/2014\/03\/olprovning-pa-137an-och-gothkultur-i-sodertalje\/","title":{"rendered":"\u00d6lprovning p\u00e5 137:an och gothkultur i S\u00f6dert\u00e4lje"},"content":{"rendered":"<p>I helgen blev det en h\u00f6st oplanerad \u00f6lprovningsrunda p\u00e5 utm\u00e4rkta\u00a0<a href=\"http:\/\/137ans.se\/\">137:ans K\u00f6k och Bar<\/a>, ett st\u00e4lle f\u00f6r den som uppskattar god \u00f6l. H\u00e4r finns det n\u00e4mligen en uppsj\u00f6, f\u00f6r att inte s\u00e4ga uppocean, av sorter att v\u00e4lja p\u00e5 fr\u00e5n alla h\u00e5ll och kanter i v\u00e4rlden. F\u00f6r den som vill sm\u00f6rja kr\u00e5set finns \u00e4ven mat, men jag skulle vilja p\u00e5st\u00e5 att \u00f6len \u00e4r det centrala p\u00e5 denna lilla p\u00e4rla i S\u00f6dert\u00e4lje. Sj\u00e4lv smakade jag dock tilltugg i form av mozzarella-sticks och de var mycket goda.<\/p>\n<p style=\"text-align: center;\"><a href=\"http:\/\/www.susannavaris.com\/blogg\/wp-content\/uploads\/2014\/03\/DSC_0668-50.jpg\"><img loading=\"lazy\" decoding=\"async\" class=\"aligncenter size-full wp-image-12181\" alt=\"DSC_0668-50\" src=\"http:\/\/www.susannavaris.com\/blogg\/wp-content\/uploads\/2014\/03\/DSC_0668-50.jpg\" width=\"2144\" height=\"1424\" srcset=\"http:\/\/www.susannavaris.com\/blogg\/wp-content\/uploads\/2014\/03\/DSC_0668-50.jpg 2144w, http:\/\/www.susannavaris.com\/blogg\/wp-content\/uploads\/2014\/03\/DSC_0668-50-300x199.jpg 300w, http:\/\/www.susannavaris.com\/blogg\/wp-content\/uploads\/2014\/03\/DSC_0668-50-1024x680.jpg 1024w\" sizes=\"auto, (max-width: 2144px) 100vw, 2144px\" \/><\/a> <a href=\"http:\/\/www.susannavaris.com\/blogg\/wp-content\/uploads\/2014\/03\/DSC_0673-50.jpg\"><img loading=\"lazy\" decoding=\"async\" class=\"aligncenter size-full wp-image-12182\" alt=\"DSC_0673-50\" src=\"http:\/\/www.susannavaris.com\/blogg\/wp-content\/uploads\/2014\/03\/DSC_0673-50.jpg\" width=\"1424\" height=\"2144\" srcset=\"http:\/\/www.susannavaris.com\/blogg\/wp-content\/uploads\/2014\/03\/DSC_0673-50.jpg 1424w, http:\/\/www.susannavaris.com\/blogg\/wp-content\/uploads\/2014\/03\/DSC_0673-50-199x300.jpg 199w, http:\/\/www.susannavaris.com\/blogg\/wp-content\/uploads\/2014\/03\/DSC_0673-50-680x1024.jpg 680w\" sizes=\"auto, (max-width: 1424px) 100vw, 1424px\" \/><\/a><em>Nederst en belgisk goding: Delirium Nocturnum.<\/em><\/p>\n<p style=\"text-align: center;\"><a href=\"http:\/\/www.susannavaris.com\/blogg\/wp-content\/uploads\/2014\/03\/DSC_0674-50.jpg\"><img loading=\"lazy\" decoding=\"async\" class=\"aligncenter size-full wp-image-12183\" alt=\"DSC_0674-50\" src=\"http:\/\/www.susannavaris.com\/blogg\/wp-content\/uploads\/2014\/03\/DSC_0674-50.jpg\" width=\"1424\" height=\"2144\" srcset=\"http:\/\/www.susannavaris.com\/blogg\/wp-content\/uploads\/2014\/03\/DSC_0674-50.jpg 1424w, http:\/\/www.susannavaris.com\/blogg\/wp-content\/uploads\/2014\/03\/DSC_0674-50-199x300.jpg 199w, http:\/\/www.susannavaris.com\/blogg\/wp-content\/uploads\/2014\/03\/DSC_0674-50-680x1024.jpg 680w\" sizes=\"auto, (max-width: 1424px) 100vw, 1424px\" \/><\/a>\u00a0<em>Uffe blev f\u00f6rtjust i 137:ans egna IPA (India Pale Ale).<\/em><\/p>\n<p style=\"text-align: center;\"><a href=\"http:\/\/www.susannavaris.com\/blogg\/wp-content\/uploads\/2014\/03\/DSC_0676-50.jpg\"><img loading=\"lazy\" decoding=\"async\" class=\"aligncenter size-full wp-image-12184\" alt=\"DSC_0676-50\" src=\"http:\/\/www.susannavaris.com\/blogg\/wp-content\/uploads\/2014\/03\/DSC_0676-50.jpg\" width=\"2144\" height=\"1424\" srcset=\"http:\/\/www.susannavaris.com\/blogg\/wp-content\/uploads\/2014\/03\/DSC_0676-50.jpg 2144w, http:\/\/www.susannavaris.com\/blogg\/wp-content\/uploads\/2014\/03\/DSC_0676-50-300x199.jpg 300w, http:\/\/www.susannavaris.com\/blogg\/wp-content\/uploads\/2014\/03\/DSC_0676-50-1024x680.jpg 1024w\" sizes=\"auto, (max-width: 2144px) 100vw, 2144px\" \/><\/a><em>Barm\u00e4staren sj\u00e4lv, Abud Elia.<\/em><\/p>\n<p style=\"text-align: left;\">Detta var v\u00e5rt andra bes\u00f6k och det verkar som att st\u00e4llet kommer att utvecklas till en av favoriterna i stan. Jag vet inte om det var det nattliga deliriet, men stora planer smiddes denna kv\u00e4ll&#8230;planer f\u00f6r en gemensam framtid.<\/p>\n<p style=\"text-align: left;\">P\u00e5 hemv\u00e4gen blev vi lite varma i hj\u00e4rtat av att uppt\u00e4cka att allt hopp om framtiden kanske inte \u00e4r ute n\u00e4r vi st\u00f6tte p\u00e5 detta lilla g\u00e4ng av gothare:<\/p>\n<p style=\"text-align: center;\"><a href=\"http:\/\/www.susannavaris.com\/blogg\/wp-content\/uploads\/2014\/03\/DSC_0677-crop-50.jpg\"><img loading=\"lazy\" decoding=\"async\" class=\"aligncenter size-full wp-image-12185\" alt=\"DSC_0677-crop-50\" src=\"http:\/\/www.susannavaris.com\/blogg\/wp-content\/uploads\/2014\/03\/DSC_0677-crop-50.jpg\" width=\"1424\" height=\"1756\" srcset=\"http:\/\/www.susannavaris.com\/blogg\/wp-content\/uploads\/2014\/03\/DSC_0677-crop-50.jpg 1424w, http:\/\/www.susannavaris.com\/blogg\/wp-content\/uploads\/2014\/03\/DSC_0677-crop-50-243x300.jpg 243w, http:\/\/www.susannavaris.com\/blogg\/wp-content\/uploads\/2014\/03\/DSC_0677-crop-50-830x1024.jpg 830w\" sizes=\"auto, (max-width: 1424px) 100vw, 1424px\" \/><\/a><em>Gothkultur i S\u00f6dert\u00e4lje. Trevligt!\u00a0<\/em><\/p>\n<p style=\"text-align: left;\">En dag som f\u00f6rst var planerad att bli n\u00e5got helt annat och som sedan gick fr\u00e5n planl\u00f6shet till stora planer.<\/p>\n","protected":false},"excerpt":{"rendered":"<p>I helgen blev det en h\u00f6st oplanerad \u00f6lprovningsrunda p\u00e5 utm\u00e4rkta\u00a0137:ans K\u00f6k och Bar, ett st\u00e4lle f\u00f6r den som uppskattar god \u00f6l. H\u00e4r finns det n\u00e4mligen en uppsj\u00f6, f\u00f6r att inte s\u00e4ga uppocean, av sorter att v\u00e4lja p\u00e5 fr\u00e5n alla h\u00e5ll &hellip; <a href=\"http:\/\/www.susannavaris.com\/blogg\/2014\/03\/olprovning-pa-137an-och-gothkultur-i-sodertalje\/\">Forts\u00e4tt l\u00e4sa <span class=\"meta-nav\">&rarr;<\/span><\/a><\/p>\n","protected":false},"author":1,"featured_media":0,"comment_status":"open","ping_status":"open","sticky":false,"template":"","format":"standard","meta":{"footnotes":""},"categories":[1162,14,994,1],"tags":[3913,3915,4905,3916,19,4915,3914],"class_list":["post-12180","post","type-post","status-publish","format-standard","hentry","category-kultur","category-mode","category-musik","category-okategoriserade","tag-137ans-kok-och-bar","tag-delirium-nocturnum","tag-goth","tag-ipa","tag-mode-2","tag-musik","tag-ol"],"_links":{"self":[{"href":"http:\/\/www.susannavaris.com\/blogg\/wp-json\/wp\/v2\/posts\/12180","targetHints":{"allow":["GET"]}}],"collection":[{"href":"http:\/\/www.susannavaris.com\/blogg\/wp-json\/wp\/v2\/posts"}],"about":[{"href":"http:\/\/www.susannavaris.com\/blogg\/wp-json\/wp\/v2\/types\/post"}],"author":[{"embeddable":true,"href":"http:\/\/www.susannavaris.com\/blogg\/wp-json\/wp\/v2\/users\/1"}],"replies":[{"embeddable":true,"href":"http:\/\/www.susannavaris.com\/blogg\/wp-json\/wp\/v2\/comments?post=12180"}],"version-history":[{"count":1,"href":"http:\/\/www.susannavaris.com\/blogg\/wp-json\/wp\/v2\/posts\/12180\/revisions"}],"predecessor-version":[{"id":12186,"href":"http:\/\/www.susannavaris.com\/blogg\/wp-json\/wp\/v2\/posts\/12180\/revisions\/12186"}],"wp:attachment":[{"href":"http:\/\/www.susannavaris.com\/blogg\/wp-json\/wp\/v2\/media?parent=12180"}],"wp:term":[{"taxonomy":"category","embeddable":true,"href":"http:\/\/www.susannavaris.com\/blogg\/wp-json\/wp\/v2\/categories?post=12180"},{"taxonomy":"post_tag","embeddable":true,"href":"http:\/\/www.susannavaris.com\/blogg\/wp-json\/wp\/v2\/tags?post=12180"}],"curies":[{"name":"wp","href":"https:\/\/api.w.org\/{rel}","templated":true}]}}