{"id":12201,"date":"2014-04-05T17:40:07","date_gmt":"2014-04-05T15:40:07","guid":{"rendered":"http:\/\/www.susannavaris.com\/blogg\/?p=12201"},"modified":"2014-04-05T17:40:07","modified_gmt":"2014-04-05T15:40:07","slug":"jag-och-hillevi-lika-som-bar","status":"publish","type":"post","link":"http:\/\/www.susannavaris.com\/blogg\/2014\/04\/jag-och-hillevi-lika-som-bar\/","title":{"rendered":"Jag och Hillevi &#8211; lika som b\u00e4r?"},"content":{"rendered":"<p style=\"text-align: center;\"><a href=\"http:\/\/www.susannavaris.com\/blogg\/wp-content\/uploads\/2014\/04\/mehillevi.jpg\"><img loading=\"lazy\" decoding=\"async\" class=\"aligncenter size-full wp-image-12202\" alt=\"mehillevi\" src=\"http:\/\/www.susannavaris.com\/blogg\/wp-content\/uploads\/2014\/04\/mehillevi.jpg\" width=\"1382\" height=\"922\" srcset=\"http:\/\/www.susannavaris.com\/blogg\/wp-content\/uploads\/2014\/04\/mehillevi.jpg 1382w, http:\/\/www.susannavaris.com\/blogg\/wp-content\/uploads\/2014\/04\/mehillevi-300x200.jpg 300w, http:\/\/www.susannavaris.com\/blogg\/wp-content\/uploads\/2014\/04\/mehillevi-1024x683.jpg 1024w\" sizes=\"auto, (max-width: 1382px) 100vw, 1382px\" \/><\/a><em>Hillevi Engstr\u00f6m\/jag.<\/em> (<em>Hillevi Engstr\u00f6m photo credit: http:\/\/politik.in2pic.com\/)\u00a0<\/em><\/p>\n<p style=\"text-align: left;\">P\u00e5 f\u00f6rekommen anledning, Hillevi Engstr\u00f6m och jag. Hur stor \u00e4r likheten p\u00e5 en skala?<\/p>\n","protected":false},"excerpt":{"rendered":"<p>Hillevi Engstr\u00f6m\/jag. (Hillevi Engstr\u00f6m photo credit: http:\/\/politik.in2pic.com\/)\u00a0 P\u00e5 f\u00f6rekommen anledning, Hillevi Engstr\u00f6m och jag. Hur stor \u00e4r likheten p\u00e5 en skala?<\/p>\n","protected":false},"author":1,"featured_media":0,"comment_status":"open","ping_status":"open","sticky":false,"template":"","format":"standard","meta":{"footnotes":""},"categories":[1,590],"tags":[3928,3929,3930],"class_list":["post-12201","post","type-post","status-publish","format-standard","hentry","category-okategoriserade","category-politik","tag-hillevi-engstrom","tag-lika-som-bar","tag-moderaterna"],"_links":{"self":[{"href":"http:\/\/www.susannavaris.com\/blogg\/wp-json\/wp\/v2\/posts\/12201","targetHints":{"allow":["GET"]}}],"collection":[{"href":"http:\/\/www.susannavaris.com\/blogg\/wp-json\/wp\/v2\/posts"}],"about":[{"href":"http:\/\/www.susannavaris.com\/blogg\/wp-json\/wp\/v2\/types\/post"}],"author":[{"embeddable":true,"href":"http:\/\/www.susannavaris.com\/blogg\/wp-json\/wp\/v2\/users\/1"}],"replies":[{"embeddable":true,"href":"http:\/\/www.susannavaris.com\/blogg\/wp-json\/wp\/v2\/comments?post=12201"}],"version-history":[{"count":1,"href":"http:\/\/www.susannavaris.com\/blogg\/wp-json\/wp\/v2\/posts\/12201\/revisions"}],"predecessor-version":[{"id":12203,"href":"http:\/\/www.susannavaris.com\/blogg\/wp-json\/wp\/v2\/posts\/12201\/revisions\/12203"}],"wp:attachment":[{"href":"http:\/\/www.susannavaris.com\/blogg\/wp-json\/wp\/v2\/media?parent=12201"}],"wp:term":[{"taxonomy":"category","embeddable":true,"href":"http:\/\/www.susannavaris.com\/blogg\/wp-json\/wp\/v2\/categories?post=12201"},{"taxonomy":"post_tag","embeddable":true,"href":"http:\/\/www.susannavaris.com\/blogg\/wp-json\/wp\/v2\/tags?post=12201"}],"curies":[{"name":"wp","href":"https:\/\/api.w.org\/{rel}","templated":true}]}}