{"id":1229,"date":"2011-07-08T15:58:05","date_gmt":"2011-07-08T13:58:05","guid":{"rendered":"http:\/\/www.susannavaris.com\/blogg\/?p=1229"},"modified":"2023-02-14T15:48:21","modified_gmt":"2023-02-14T14:48:21","slug":"berattelsen-ar-den-nya-nyheten","status":"publish","type":"post","link":"http:\/\/www.susannavaris.com\/blogg\/2011\/07\/berattelsen-ar-den-nya-nyheten\/","title":{"rendered":"Ber\u00e4ttelsen \u00e4r den nya nyheten"},"content":{"rendered":"<div class=\"wp-block-image\">\n<figure class=\"aligncenter size-large\"><img loading=\"lazy\" decoding=\"async\" width=\"1024\" height=\"299\" src=\"http:\/\/www.susannavaris.com\/blogg\/wp-content\/uploads\/2023\/02\/000-Lopsedlar-1024x299.jpg\" alt=\"\" class=\"wp-image-17843\" title=\"l\u00f6psedlar\" srcset=\"http:\/\/www.susannavaris.com\/blogg\/wp-content\/uploads\/2023\/02\/000-Lopsedlar-1024x299.jpg 1024w, http:\/\/www.susannavaris.com\/blogg\/wp-content\/uploads\/2023\/02\/000-Lopsedlar-300x88.jpg 300w, http:\/\/www.susannavaris.com\/blogg\/wp-content\/uploads\/2023\/02\/000-Lopsedlar-768x224.jpg 768w, http:\/\/www.susannavaris.com\/blogg\/wp-content\/uploads\/2023\/02\/000-Lopsedlar.jpg 1350w\" sizes=\"auto, (max-width: 1024px) 100vw, 1024px\" \/><figcaption class=\"wp-element-caption\">Collage: Jonn Leffmann<br>L\u00f6psedlar. Riktiga och falska som p\u00e5 olika s\u00e4tt f\u00e5tt stor uppm\u00e4rksamhet. \/ Wikipedia \/ <a rel=\"noreferrer noopener\" href=\"https:\/\/creativecommons.org\/licenses\/by\/3.0\" target=\"_blank\">CC BY 3.0<\/a><\/figcaption><\/figure>\n<\/div>\n\n\n<p>Varifr\u00e5n kommer manin med ber\u00e4ttelser? \u00c4r det fr\u00e5n mediakonsulter som intalat allt och alla att det numera g\u00e4ller att ha en ber\u00e4ttelse? Du \u00e4r ett varum\u00e4rke, eller ni \u00e4r ett parti. Du m\u00e5ste ha en ber\u00e4ttelse som folk vill k\u00f6pa och partiet ska ha en ber\u00e4ttelse om framtiden.<\/p>\n\n\n\n<p>P\u00e5 min tid var ber\u00e4ttelser lika med sagor. Numera kallas nyheter f\u00f6r ber\u00e4ttelser. Eller \u00e4r de numera precis det som beskrivs, p\u00e5hittad historia?<\/p>\n\n\n\n<p>Jag kan t\u00e4nka mig att detta \u00e4r ett tecken p\u00e5 den anglofiering av svenska spr\u00e5ket som st\u00e4ndigt p\u00e5g\u00e5r och f\u00f6ljdaktligen en \u00f6vers\u00e4ttning av story och storytelling. Expressen har en slogan &#8221;ber\u00e4ttande som ber\u00f6r&#8221; och det \u00e4r v\u00e4l grundid\u00e9n, som \u00e4ven den h\u00e4rstammar fr\u00e5n den aglosaxiska v\u00e4rlden &#8221;d\u00f6da aldrig en bra story&#8221; (med att f\u00f6rst\u00f6ra den med sanningen). Ber\u00e4ttelser som folk f\u00f6rv\u00e4ntas bli ber\u00f6rda, chockade (nakenchocker ex vis) eller rasa \u00f6ver (tittarna rasar \u00f6ver&#8230; fyll i \u00f6nskad f\u00f6reteelse i tv-v\u00e4rlden). Nyhetsredaktioner och medier \u00e4r inte s\u00e5 intresserade av sanningen, de \u00e4r intresserade av att s\u00e4lja l\u00f6snummer.<\/p>\n\n\n\n<p>Uppenbarligen vill vi l\u00e4sare och mediekonsumenter sn\u00e4llt bli matade med dessa bra ber\u00e4ttelser, eftersom det \u00e4r det som s\u00e4ljer.<\/p>\n","protected":false},"excerpt":{"rendered":"<p>Varifr\u00e5n kommer manin med ber\u00e4ttelser? \u00c4r det fr\u00e5n mediakonsulter som intalat allt och alla att det numera g\u00e4ller att ha en ber\u00e4ttelse? Du \u00e4r ett varum\u00e4rke, eller ni \u00e4r ett parti. Du m\u00e5ste ha en ber\u00e4ttelse som folk vill k\u00f6pa &hellip; <a href=\"http:\/\/www.susannavaris.com\/blogg\/2011\/07\/berattelsen-ar-den-nya-nyheten\/\">Forts\u00e4tt l\u00e4sa <span class=\"meta-nav\">&rarr;<\/span><\/a><\/p>\n","protected":false},"author":1,"featured_media":1230,"comment_status":"open","ping_status":"open","sticky":false,"template":"","format":"standard","meta":{"footnotes":""},"categories":[589,1],"tags":[149,354,355,356,352,353,351],"class_list":["post-1229","post","type-post","status-publish","format-standard","has-post-thumbnail","hentry","category-medier","category-okategoriserade","tag-aftonbladet","tag-berattelse","tag-berattelser","tag-expressen","tag-kvallstidningar","tag-lopsedlar","tag-media"],"_links":{"self":[{"href":"http:\/\/www.susannavaris.com\/blogg\/wp-json\/wp\/v2\/posts\/1229","targetHints":{"allow":["GET"]}}],"collection":[{"href":"http:\/\/www.susannavaris.com\/blogg\/wp-json\/wp\/v2\/posts"}],"about":[{"href":"http:\/\/www.susannavaris.com\/blogg\/wp-json\/wp\/v2\/types\/post"}],"author":[{"embeddable":true,"href":"http:\/\/www.susannavaris.com\/blogg\/wp-json\/wp\/v2\/users\/1"}],"replies":[{"embeddable":true,"href":"http:\/\/www.susannavaris.com\/blogg\/wp-json\/wp\/v2\/comments?post=1229"}],"version-history":[{"count":5,"href":"http:\/\/www.susannavaris.com\/blogg\/wp-json\/wp\/v2\/posts\/1229\/revisions"}],"predecessor-version":[{"id":17845,"href":"http:\/\/www.susannavaris.com\/blogg\/wp-json\/wp\/v2\/posts\/1229\/revisions\/17845"}],"wp:featuredmedia":[{"embeddable":true,"href":"http:\/\/www.susannavaris.com\/blogg\/wp-json\/wp\/v2\/media\/1230"}],"wp:attachment":[{"href":"http:\/\/www.susannavaris.com\/blogg\/wp-json\/wp\/v2\/media?parent=1229"}],"wp:term":[{"taxonomy":"category","embeddable":true,"href":"http:\/\/www.susannavaris.com\/blogg\/wp-json\/wp\/v2\/categories?post=1229"},{"taxonomy":"post_tag","embeddable":true,"href":"http:\/\/www.susannavaris.com\/blogg\/wp-json\/wp\/v2\/tags?post=1229"}],"curies":[{"name":"wp","href":"https:\/\/api.w.org\/{rel}","templated":true}]}}