{"id":12291,"date":"2014-04-24T10:20:24","date_gmt":"2014-04-24T08:20:24","guid":{"rendered":"http:\/\/www.susannavaris.com\/blogg\/?p=12291"},"modified":"2014-04-24T10:21:04","modified_gmt":"2014-04-24T08:21:04","slug":"faktakoll","status":"publish","type":"post","link":"http:\/\/www.susannavaris.com\/blogg\/2014\/04\/faktakoll\/","title":{"rendered":"Faktakoll?"},"content":{"rendered":"<p><a href=\"http:\/\/www.susannavaris.com\/blogg\/wp-content\/uploads\/2014\/04\/005-50.jpg\"><img loading=\"lazy\" decoding=\"async\" class=\"aligncenter size-full wp-image-12292\" alt=\"005-50\" src=\"http:\/\/www.susannavaris.com\/blogg\/wp-content\/uploads\/2014\/04\/005-50.jpg\" width=\"692\" height=\"731\" srcset=\"http:\/\/www.susannavaris.com\/blogg\/wp-content\/uploads\/2014\/04\/005-50.jpg 692w, http:\/\/www.susannavaris.com\/blogg\/wp-content\/uploads\/2014\/04\/005-50-283x300.jpg 283w\" sizes=\"auto, (max-width: 692px) 100vw, 692px\" \/><\/a><\/p>\n<p>I g\u00e5rdagens Metro fanns en\u00a0<a href=\"http:\/\/www.metro.se\/kolumner\/hillevi-wahl-i-sarbarheten-kan-vi-motas\/EVHndv!wGqTVi9eH2ZGo\/\">kolumn<\/a>\u00a0signerad Hillevi Wahl, som i regel skriver t\u00e4nkv\u00e4rda texter. I avdelningen \u00a0f\u00f6r bra och d\u00e5ligt, plus och minus, hiss och diss, ber\u00e4ttas om <a href=\"http:\/\/www.metro.se\/nyheter\/jimmy-fick-adhd-diagnos-far-inte-jobba-kvar\/EVHndp!pjLAsEEFC94E6\/\">Jimmy Striger<\/a>, en kollega till mig.<\/p>\n<p>Wahl har uppenbarligen lyckats, trots gedigen rapportering om fallet, att missa det lilla avg\u00f6rande faktumet att det \u00e4r Transportstyrelsen, en statlig myndighet, och inte en enskild operat\u00f6r inom j\u00e4rnv\u00e4gstrafiken som avg\u00f6r huruvida en individ kan arbeta i s\u00e4kerhetstj\u00e4nst, vilket jobbet som t\u00e5gv\u00e4rd klassas som.<\/p>\n<p>F\u00f6r att <a href=\"http:\/\/adhdpappan.vimedbarn.se\/fortydliga\/\">citera<\/a>\u00a0Jimmy sj\u00e4lv:<\/p>\n<blockquote><p>&#8221;\u00c4r nu p\u00e5 g\u00e5ng fota med media och vill att alla sk f\u00f6rst\u00e5 att mitt f\u00f6retag med alla kollegor \u00e4r fantastiska st\u00f6tte pelare och tyv\u00e4rr \u00e4r f\u00f6retaget skyldiga att f\u00f6lja Transportstyrelsens regler.&#8221;<\/p><\/blockquote>\n<p>Usel journalistik. Sk\u00e4ms, Hillevi Wahl!<\/p>\n<p>&nbsp;<\/p>\n","protected":false},"excerpt":{"rendered":"<p>I g\u00e5rdagens Metro fanns en\u00a0kolumn\u00a0signerad Hillevi Wahl, som i regel skriver t\u00e4nkv\u00e4rda texter. I avdelningen \u00a0f\u00f6r bra och d\u00e5ligt, plus och minus, hiss och diss, ber\u00e4ttas om Jimmy Striger, en kollega till mig. Wahl har uppenbarligen lyckats, trots gedigen rapportering &hellip; <a href=\"http:\/\/www.susannavaris.com\/blogg\/2014\/04\/faktakoll\/\">Forts\u00e4tt l\u00e4sa <span class=\"meta-nav\">&rarr;<\/span><\/a><\/p>\n","protected":false},"author":1,"featured_media":0,"comment_status":"open","ping_status":"open","sticky":false,"template":"","format":"standard","meta":{"footnotes":""},"categories":[178,1928,589,1,590],"tags":[3966,3965,3967,1050,3968,3969],"class_list":["post-12291","post","type-post","status-publish","format-standard","hentry","category-blodtryckshojare","category-journalistik","category-medier","category-okategoriserade","category-politik","tag-adhd","tag-hillevi-wahl","tag-jimmy-striger","tag-metro","tag-stockholmstag","tag-transportstyrelsen"],"_links":{"self":[{"href":"http:\/\/www.susannavaris.com\/blogg\/wp-json\/wp\/v2\/posts\/12291","targetHints":{"allow":["GET"]}}],"collection":[{"href":"http:\/\/www.susannavaris.com\/blogg\/wp-json\/wp\/v2\/posts"}],"about":[{"href":"http:\/\/www.susannavaris.com\/blogg\/wp-json\/wp\/v2\/types\/post"}],"author":[{"embeddable":true,"href":"http:\/\/www.susannavaris.com\/blogg\/wp-json\/wp\/v2\/users\/1"}],"replies":[{"embeddable":true,"href":"http:\/\/www.susannavaris.com\/blogg\/wp-json\/wp\/v2\/comments?post=12291"}],"version-history":[{"count":2,"href":"http:\/\/www.susannavaris.com\/blogg\/wp-json\/wp\/v2\/posts\/12291\/revisions"}],"predecessor-version":[{"id":12294,"href":"http:\/\/www.susannavaris.com\/blogg\/wp-json\/wp\/v2\/posts\/12291\/revisions\/12294"}],"wp:attachment":[{"href":"http:\/\/www.susannavaris.com\/blogg\/wp-json\/wp\/v2\/media?parent=12291"}],"wp:term":[{"taxonomy":"category","embeddable":true,"href":"http:\/\/www.susannavaris.com\/blogg\/wp-json\/wp\/v2\/categories?post=12291"},{"taxonomy":"post_tag","embeddable":true,"href":"http:\/\/www.susannavaris.com\/blogg\/wp-json\/wp\/v2\/tags?post=12291"}],"curies":[{"name":"wp","href":"https:\/\/api.w.org\/{rel}","templated":true}]}}