{"id":12412,"date":"2014-05-07T19:43:31","date_gmt":"2014-05-07T17:43:31","guid":{"rendered":"http:\/\/www.susannavaris.com\/blogg\/?p=12412"},"modified":"2014-05-07T19:48:15","modified_gmt":"2014-05-07T17:48:15","slug":"okunskapens-valsignelse","status":"publish","type":"post","link":"http:\/\/www.susannavaris.com\/blogg\/2014\/05\/okunskapens-valsignelse\/","title":{"rendered":"Okunskapens v\u00e4lsignelse"},"content":{"rendered":"<p>Jag \u00e4r tr\u00f6tt idag. Jag har varit tr\u00f6tt den senaste m\u00e5naden. B\u00e5de p\u00e5 grund av h\u00f6g arbetsbelastning och stress, men \u00e4ven p\u00e5 grund av den hoppl\u00f6shet jag ibland k\u00e4nner n\u00e4r jag t\u00e4nker p\u00e5 framtiden. Inte min framtid specifikt, jag klarar mig alltid. Jag har haft den enorma turen att f\u00f6das med en mamma som haft h\u00f6ga ambitioner, men \u00e4ven krav, p\u00e5 mig och med sl\u00e4ktingar och andra m\u00e4nniskor som bidragit till att jag f\u00e5tt en p\u00e5 alla s\u00e4tt givande uppv\u00e4xt. Jag har f\u00e5tt g\u00e5 i utm\u00e4rkta skolor, med vissa undantag dock och kunnat utbilda mig efter eget behag. Jag tillh\u00f6r en generation som fortfarande fick ta del av en h\u00f6gskoleutbildning med h\u00f6ga kvalitetskrav, \u00e4ven p\u00e5 oss elever. Jag har f\u00e5tt en uppfostran och har f\u00e5tt l\u00e4ra mig hyfs och att ta h\u00e4nsyn till mina medm\u00e4nniskor. Jag fick tidigt, kanske f\u00f6r tidigt, l\u00e4ra mig att ta ansvar. F\u00f6rst efter att jag l\u00e4rt mig det och verkligen visat mig ansvarsfull, kunde jag b\u00f6rja st\u00e4lla krav p\u00e5 min omgivning.<\/p>\n<p>Idag tycks generationer v\u00e4xa upp utan mycket av det ovanst\u00e5ende. De \u00e4r svikna av b\u00e5de skolan (politikerna) och av sina f\u00f6r\u00e4ldrar. Skolan klarar inte av sin uppgift att l\u00e4ra eleverna de mest element\u00e4ra baskunskaper och f\u00f6r\u00e4ldrarna uppfostrar inte l\u00e4ngre sina barn till n\u00e5got annat \u00e4n sm\u00e5 kravmaskiner. Ist\u00e4llet f\u00f6r \u00e4mneskunskaper eller analysf\u00f6rm\u00e5ga l\u00e4rs identitetspolitik och marxistiskt influerade maktpyramider ut. En v\u00e4n p\u00e5 facebook ber\u00e4ttade om sin dag som vikarie p\u00e5 h\u00f6gstadiet i Stockholmsomr\u00e5det och om att enbart ett f\u00e5tal av eleverna i nionde klass visste vad ordet fossil betyder.<\/p>\n<p>Journalistiken \u00e4r nedbantad och akt\u00f6rerna inom media jagar ett \u00f6verordnat m\u00e5l: antalet l\u00e4sare och klick f\u00f6r att tillfredsst\u00e4lla finansi\u00e4rerna. \u00d6kad polarisering och konfliktretorik \u00e4r uppenbarligen effektiva medel f\u00f6r att uppn\u00e5 detta, men i kombination med det ovann\u00e4mnda katastrofalt ur demokratisk synpunkt. Att medierna sedan b\u00f6rjat granska medborgarna ist\u00e4llet f\u00f6r makten i syfte att uppfostra dessa i det &#8221;r\u00e4tta t\u00e4nkandet&#8221; (pk-ismen om du vill) \u00e4r en annan f\u00f6rgrening p\u00e5 samma problematik.<\/p>\n<p>F\u00f6rdjupning tar tid, \u00e4r tr\u00e5kigt, gammaldags och ger inga klick. Vi lever i de snabba puckarnas och \u00e5sikternas tidevarv. Analysen ska rymmas p\u00e5 140 tecken.<\/p>\n<p>Det s\u00e4gs ibland att okunskap \u00e4r en v\u00e4lsignelse och det m\u00e5 vara salighet att inte veta allt, men den tilltagande okunskapen i informationssamh\u00e4llet skr\u00e4mmer mig. I kombination med de okvalificerade jobbens flykt torde situationen b\u00e4dda f\u00f6r glansdagar f\u00f6r extremistr\u00f6relserna. Extrema partier som F! sk\u00f6rdar osannolika framg\u00e5ngar med en konfliktorienterad retorik och ett verklighetsfr\u00e4mmande partiprogram. F\u00f6r F! \u00e4r fienden mannen, f\u00f6r SD invandringen. de v\u00e4nster- och h\u00f6gerextrema r\u00f6relserna vill med odemokratiska medel st\u00f6pa om samh\u00e4llet. Ingen nyhet i sig, extremister v\u00e4drar alltid morgonluft i ekonomiskt d\u00e5liga tider och n\u00e4r arbetsl\u00f6sheten \u00e4r h\u00f6g; de enkla fienderna och de enkla l\u00f6sningarna blir popul\u00e4ra.<\/p>\n<p>Ikv\u00e4ll ser jag p\u00e5 Uppdrag Granskning om <a href=\"http:\/\/www.svt.se\/ug\/vansteraktivister-bakom-manga-valdsdad\">v\u00e4nsterextremismen<\/a>\u00a0och &#8221;det goda v\u00e5ldet&#8221;.<\/p>\n<p>N\u00e5gra tokerier p\u00e5 senare tid p\u00e5 temat:<\/p>\n<p><a href=\"http:\/\/nyheter24.se\/debatt\/768193-nio-kvinnor-fran-ung-vanster-rf-och-afa-ar-vara-kamrater\">Nio kvinnor fr\u00e5n ung v\u00e4nster: &#8221;RF och AFA \u00e4r v\u00e5ra kamrater&#8221;<\/a><\/p>\n<p><a href=\"http:\/\/www.metro.se\/kolumner\/hillevi-wahl-fi-sjutton-vad-politik-ar-kul\/EVHnef!XVQ4qgrjA5bU\/\">F! sjutton vad politik \u00e4r kul<\/a><\/p>\n<p><a href=\"http:\/\/www.svt.se\/ug\/antinazister-misshandlade-gastarbetare\">Antinazister misshandlade g\u00e4starbetare<\/a><\/p>\n<p><a href=\"http:\/\/nyheter24.se\/nyheter\/trender\/767955-nya-twittertrenden-om-kvinnofortryck-uppror\">Nya twittertrenden om kvinnof\u00f6rtryck uppr\u00f6r<\/a><\/p>\n<p>&nbsp;<\/p>\n<p>&nbsp;<\/p>\n","protected":false},"excerpt":{"rendered":"<p>Jag \u00e4r tr\u00f6tt idag. Jag har varit tr\u00f6tt den senaste m\u00e5naden. B\u00e5de p\u00e5 grund av h\u00f6g arbetsbelastning och stress, men \u00e4ven p\u00e5 grund av den hoppl\u00f6shet jag ibland k\u00e4nner n\u00e4r jag t\u00e4nker p\u00e5 framtiden. Inte min framtid specifikt, jag klarar &hellip; <a href=\"http:\/\/www.susannavaris.com\/blogg\/2014\/05\/okunskapens-valsignelse\/\">Forts\u00e4tt l\u00e4sa <span class=\"meta-nav\">&rarr;<\/span><\/a><\/p>\n","protected":false},"author":1,"featured_media":0,"comment_status":"open","ping_status":"open","sticky":false,"template":"","format":"standard","meta":{"footnotes":""},"categories":[181,154,259,1321,1928,589,1,590,403,303,384],"tags":[450,3557,4900,975,4899,4903,3996,4927,2769,4922,3997,4923,2688,2464,3995],"class_list":["post-12412","post","type-post","status-publish","format-standard","hentry","category-feminism","category-genus","category-genusvetenskap","category-jamstalldhet","category-journalistik","category-medier","category-okategoriserade","category-politik","category-pseudovetenskap","category-religion","category-tv","tag-extremism","tag-f","tag-feminism","tag-fi","tag-genus","tag-genusvetenskap","tag-hogerextremism","tag-identitetspolitik","tag-janne-josefsson","tag-journalistik","tag-okunskap","tag-skolan","tag-uppdrag-granskning","tag-utbildning","tag-vansterextremism"],"_links":{"self":[{"href":"http:\/\/www.susannavaris.com\/blogg\/wp-json\/wp\/v2\/posts\/12412","targetHints":{"allow":["GET"]}}],"collection":[{"href":"http:\/\/www.susannavaris.com\/blogg\/wp-json\/wp\/v2\/posts"}],"about":[{"href":"http:\/\/www.susannavaris.com\/blogg\/wp-json\/wp\/v2\/types\/post"}],"author":[{"embeddable":true,"href":"http:\/\/www.susannavaris.com\/blogg\/wp-json\/wp\/v2\/users\/1"}],"replies":[{"embeddable":true,"href":"http:\/\/www.susannavaris.com\/blogg\/wp-json\/wp\/v2\/comments?post=12412"}],"version-history":[{"count":2,"href":"http:\/\/www.susannavaris.com\/blogg\/wp-json\/wp\/v2\/posts\/12412\/revisions"}],"predecessor-version":[{"id":12414,"href":"http:\/\/www.susannavaris.com\/blogg\/wp-json\/wp\/v2\/posts\/12412\/revisions\/12414"}],"wp:attachment":[{"href":"http:\/\/www.susannavaris.com\/blogg\/wp-json\/wp\/v2\/media?parent=12412"}],"wp:term":[{"taxonomy":"category","embeddable":true,"href":"http:\/\/www.susannavaris.com\/blogg\/wp-json\/wp\/v2\/categories?post=12412"},{"taxonomy":"post_tag","embeddable":true,"href":"http:\/\/www.susannavaris.com\/blogg\/wp-json\/wp\/v2\/tags?post=12412"}],"curies":[{"name":"wp","href":"https:\/\/api.w.org\/{rel}","templated":true}]}}