{"id":1245,"date":"2011-07-10T12:31:24","date_gmt":"2011-07-10T10:31:24","guid":{"rendered":"http:\/\/www.susannavaris.com\/blogg\/?p=1245"},"modified":"2011-07-10T12:31:24","modified_gmt":"2011-07-10T10:31:24","slug":"fortsatta-spokerier","status":"publish","type":"post","link":"http:\/\/www.susannavaris.com\/blogg\/2011\/07\/fortsatta-spokerier\/","title":{"rendered":"Fortsatta sp\u00f6kerier"},"content":{"rendered":"<p>Dagens nya konstverk \u00e4r forts\u00e4ttning p\u00e5 Curse of the Crows serien. \u00c5rhundraden gamla f\u00f6rbannelser som f\u00f6rs vidare genom generationerna f\u00f6r att pl\u00e5ga fler och fler. F\u00f6rbannelser som f\u00f6rs vidare genom gener och blod och l\u00e4mnar f\u00e5 b\u00e4rare ro. Vissa drabbas v\u00e4rre, andra kommer lindrigare undan. En sm\u00e4rtans ur\u00e5dra, som bara kan kapas genom att den inte f\u00f6rs vidare.<\/p>\n<p style=\"text-align: center;\"><a href=\"http:\/\/www.susannavaris.com\/blogg\/wp-content\/uploads\/2011\/07\/Ghosts-of-the-Cursed-Ones-mixed-media-2011.jpg\"><img decoding=\"async\" class=\"aligncenter size-full wp-image-1246\" title=\"Ghosts of the Cursed Ones mixed media 2011\" src=\"http:\/\/www.susannavaris.com\/blogg\/wp-content\/uploads\/2011\/07\/Ghosts-of-the-Cursed-Ones-mixed-media-2011.jpg\" alt=\"\" \/><\/a><em>Ghosts of the Cursed Ones (Curse of the Crows series), mixed media 2011.<\/em><\/p>\n<p>Inte vidare muntert allts\u00e5. Men jag k\u00e4nner mig inte omunter. Sp\u00f6kena och f\u00f6rbannelserna har sin plats i konsten och pl\u00e5gar mig inte i min vardag, som tur \u00e4r. F\u00f6r just den h\u00e4r och Haunted House serien finns det en verklighet bakom, som i mitt liv spelat en sm\u00e4rtsam roll, men den \u00e4r bearbetad s\u00e5 gott det g\u00e5r och resten f\u00e5r sitt liv i fantasins och konstens v\u00e4rld.<\/p>\n<p>Dagarna flyter p\u00e5 fortfarande, ibland har jag lite mer ont. har slutat \u00e4ta sm\u00e4rtmedicin regelbundet, men tar en tablett om jag beh\u00f6ver det. Jag l\u00e4ngtar efter att komma ut p\u00e5 l\u00e5npromenader och k\u00e4nner mig inst\u00e4ngd. Jag orkar inte r\u00f6ra mig s\u00e5 l\u00e5ngt \u00e4n, det k\u00e4nns sp\u00e4nt och uppsv\u00e4llt i magen och det blir mest lite vankande av promenaden. Men det ger sig nog snart&#8230;hoppas jag.<\/p>\n<p>Idag blir det entrec\u00f4te! Jag \u00e4ter v\u00e4ldigt lite k\u00f6tt i vanliga fall och fl\u00e4sk undviker jag helt. Jag tycker om grisar f\u00f6r mycket. Jag har inget emot k\u00f6tt\u00e4tande i sig, men jag \u00f6nskar att djuren kunde ha ett b\u00e4ttre liv och att slakten var s\u00e5 barmh\u00e4rtig som m\u00f6jligt. Barmh\u00e4rtig&#8230;vilket ord. M\u00e4nsklig l\u00e5ter ju fel ocks\u00e5. Ja, du f\u00f6rst\u00e5r s\u00e4kert vad jag menar.<\/p>\n","protected":false},"excerpt":{"rendered":"<p>Dagens nya konstverk \u00e4r forts\u00e4ttning p\u00e5 Curse of the Crows serien. \u00c5rhundraden gamla f\u00f6rbannelser som f\u00f6rs vidare genom generationerna f\u00f6r att pl\u00e5ga fler och fler. F\u00f6rbannelser som f\u00f6rs vidare genom gener och blod och l\u00e4mnar f\u00e5 b\u00e4rare ro. Vissa drabbas &hellip; <a href=\"http:\/\/www.susannavaris.com\/blogg\/2011\/07\/fortsatta-spokerier\/\">Forts\u00e4tt l\u00e4sa <span class=\"meta-nav\">&rarr;<\/span><\/a><\/p>\n","protected":false},"author":1,"featured_media":1246,"comment_status":"open","ping_status":"open","sticky":false,"template":"","format":"standard","meta":{"footnotes":""},"categories":[7,3],"tags":[164,313,364,360,4905,363,362,103],"class_list":["post-1245","post","type-post","status-publish","format-standard","has-post-thumbnail","hentry","category-egna-verk","category-konst","tag-collage","tag-curse-of-the-crows","tag-flask","tag-ghosts-of-the-cursed-ones","tag-goth","tag-gris","tag-kott","tag-mixed-media"],"_links":{"self":[{"href":"http:\/\/www.susannavaris.com\/blogg\/wp-json\/wp\/v2\/posts\/1245","targetHints":{"allow":["GET"]}}],"collection":[{"href":"http:\/\/www.susannavaris.com\/blogg\/wp-json\/wp\/v2\/posts"}],"about":[{"href":"http:\/\/www.susannavaris.com\/blogg\/wp-json\/wp\/v2\/types\/post"}],"author":[{"embeddable":true,"href":"http:\/\/www.susannavaris.com\/blogg\/wp-json\/wp\/v2\/users\/1"}],"replies":[{"embeddable":true,"href":"http:\/\/www.susannavaris.com\/blogg\/wp-json\/wp\/v2\/comments?post=1245"}],"version-history":[{"count":2,"href":"http:\/\/www.susannavaris.com\/blogg\/wp-json\/wp\/v2\/posts\/1245\/revisions"}],"predecessor-version":[{"id":1248,"href":"http:\/\/www.susannavaris.com\/blogg\/wp-json\/wp\/v2\/posts\/1245\/revisions\/1248"}],"wp:featuredmedia":[{"embeddable":true,"href":"http:\/\/www.susannavaris.com\/blogg\/wp-json\/wp\/v2\/media\/1246"}],"wp:attachment":[{"href":"http:\/\/www.susannavaris.com\/blogg\/wp-json\/wp\/v2\/media?parent=1245"}],"wp:term":[{"taxonomy":"category","embeddable":true,"href":"http:\/\/www.susannavaris.com\/blogg\/wp-json\/wp\/v2\/categories?post=1245"},{"taxonomy":"post_tag","embeddable":true,"href":"http:\/\/www.susannavaris.com\/blogg\/wp-json\/wp\/v2\/tags?post=1245"}],"curies":[{"name":"wp","href":"https:\/\/api.w.org\/{rel}","templated":true}]}}